{"id":10957,"date":"2023-07-01T12:01:07","date_gmt":"2023-07-01T09:01:07","guid":{"rendered":"https:\/\/marmarayerelhizmet.com\/?p=10957"},"modified":"2023-07-01T12:01:07","modified_gmt":"2023-07-01T09:01:07","slug":"300-ton-kurban-atigi-toplandi","status":"publish","type":"post","link":"https:\/\/marmarayerelhizmet.com\/index.php\/2023\/07\/01\/300-ton-kurban-atigi-toplandi\/","title":{"rendered":"300 Ton Kurban At\u0131\u011f\u0131 Topland\u0131"},"content":{"rendered":"<p><strong><span style=\"font-family: arial, helvetica, sans-serif; font-size: 14px;\">Her bayram s\u00fcresince ekipleriyle sahada olan \u0130neg\u00f6l Belediyesi, bu y\u0131l da Kurban Bayram\u0131 haftas\u0131nda g\u00fcnl\u00fck ortalama 430 ton evsel at\u0131k, bayram\u0131n ilk iki g\u00fcn\u00fc ise 300 ton kurban at\u0131\u011f\u0131 toplad\u0131.<br \/>\n<\/span><\/strong><br \/>\n<span style=\"font-family: arial, helvetica, sans-serif; font-size: 14px;\">Temiz \u015fehir \u0130neg\u00f6l hedefiyle bayramda da \u00e7al\u0131\u015fmalar\u0131n\u0131 s\u00fcrd\u00fcren \u0130neg\u00f6l Belediyesi, Kurban Bayram\u0131nda kirli g\u00f6r\u00fcnt\u00fc ve k\u00f6t\u00fc kokunun \u00f6n\u00fcne ge\u00e7mek hedefiyle olu\u015fturdu\u011fu 20 ayr\u0131 ekiple g\u00f6revdeydi. Ekipler, vatanda\u015flardan \u00c7\u00f6z\u00fcm Merkezi hatlar\u0131na gelen bildirimler \u00fczerine evlerine giderek at\u0131klar\u0131 tek tek toplay\u0131p bertaraf etti.<\/span><br \/>\n<span style=\"font-family: arial, helvetica, sans-serif; font-size: 14px;\">20 ayr\u0131 ekip ile 300 ton kurban at\u0131\u011f\u0131 topland\u0131<\/span><br \/>\n<span style=\"font-family: arial, helvetica, sans-serif; font-size: 14px;\">\u0130neg\u00f6l Belediyesi, Kurban bayram\u0131 \u00f6ncesi planlad\u0131klar\u0131 haz\u0131rl\u0131klar\u0131 bayram s\u00fcresince ekipleri ile birlikte sahada uygulad\u0131. \u0130lk iki g\u00fcn boyunca 20 ayr\u0131 ekip 60 personel ile merkez mahallelerde kurban at\u0131klar\u0131 toplayan \u0130neg\u00f6l Belediyesi, \u00e7al\u0131\u015fmalar\u0131n\u0131 tamamlayarak toplamda 300 ton kurban at\u0131\u011f\u0131 toplad\u0131.<\/span><br \/>\n<span style=\"font-family: arial, helvetica, sans-serif; font-size: 14px;\">\u00c7\u00f6p ve geri d\u00f6n\u00fc\u015f\u00fcmleri g\u00fcn\u00fcnde toplanmaya devam ediyor<\/span><br \/>\n<span style=\"font-family: arial, helvetica, sans-serif; font-size: 14px;\">\u0130neg\u00f6l Belediyesi Temizlik \u0130\u015fleri M\u00fcd\u00fcrl\u00fc\u011f\u00fc ekipleri rutin \u00e7al\u0131\u015fmalar\u0131na ederken, mahallelerin \u00e7\u00f6p ve geri d\u00f6n\u00fc\u015f\u00fcmlerini g\u00fcn\u00fcnde toplamaya devam edecek. Herhangi bir sorun ya\u015fand\u0131\u011f\u0131nda vatanda\u015flar 153 ve 05301573000 WhatsApp \u00c7\u00f6z\u00fcm Merkezi hatlar\u0131 \u00fczerinden \u0130neg\u00f6l Belediyesi\u2019ne 24 saat ula\u015fabilecek.<\/span><br \/>\n<span style=\"font-family: arial, helvetica, sans-serif; font-size: 14px;\">Kurban at\u0131k \u00e7ukurlar\u0131 kapat\u0131ld\u0131<\/span><br \/>\n<span style=\"font-family: arial, helvetica, sans-serif; font-size: 14px;\">K\u0131rsal mahallelerde kurban at\u0131k \u00e7ukuru uygulamas\u0131 bu y\u0131l da devam ederken, a\u00e7\u0131lan \u00e7ukurlar kire\u00e7lenip dezenfekte edilerek kapat\u0131ld\u0131.<\/span><\/p>\n","protected":false},"excerpt":{"rendered":"<p>Her bayram s\u00fcresince ekipleriyle sahada olan \u0130neg\u00f6l Belediyesi, bu y\u0131l da Kurban Bayram\u0131 haftas\u0131nda g\u00fcnl\u00fck ortalama 430 ton evsel at\u0131k,<\/p>\n","protected":false},"author":3,"featured_media":10966,"comment_status":"open","ping_status":"open","sticky":false,"template":"","format":"standard","meta":{"colormag_page_container_layout":"default_layout","colormag_page_sidebar_layout":"default_layout","footnotes":""},"categories":[1,5,8],"tags":[],"class_list":["post-10957","post","type-post","status-publish","format-standard","has-post-thumbnail","hentry","category-genel","category-gundem","category-siyaset"],"_links":{"self":[{"href":"https:\/\/marmarayerelhizmet.com\/index.php\/wp-json\/wp\/v2\/posts\/10957","targetHints":{"allow":["GET"]}}],"collection":[{"href":"https:\/\/marmarayerelhizmet.com\/index.php\/wp-json\/wp\/v2\/posts"}],"about":[{"href":"https:\/\/marmarayerelhizmet.com\/index.php\/wp-json\/wp\/v2\/types\/post"}],"author":[{"embeddable":true,"href":"https:\/\/marmarayerelhizmet.com\/index.php\/wp-json\/wp\/v2\/users\/3"}],"replies":[{"embeddable":true,"href":"https:\/\/marmarayerelhizmet.com\/index.php\/wp-json\/wp\/v2\/comments?post=10957"}],"version-history":[{"count":0,"href":"https:\/\/marmarayerelhizmet.com\/index.php\/wp-json\/wp\/v2\/posts\/10957\/revisions"}],"wp:featuredmedia":[{"embeddable":true,"href":"https:\/\/marmarayerelhizmet.com\/index.php\/wp-json\/wp\/v2\/media\/10966"}],"wp:attachment":[{"href":"https:\/\/marmarayerelhizmet.com\/index.php\/wp-json\/wp\/v2\/media?parent=10957"}],"wp:term":[{"taxonomy":"category","embeddable":true,"href":"https:\/\/marmarayerelhizmet.com\/index.php\/wp-json\/wp\/v2\/categories?post=10957"},{"taxonomy":"post_tag","embeddable":true,"href":"https:\/\/marmarayerelhizmet.com\/index.php\/wp-json\/wp\/v2\/tags?post=10957"}],"curies":[{"name":"wp","href":"https:\/\/api.w.org\/{rel}","templated":true}]}}