{"id":10951,"date":"2023-06-30T23:16:21","date_gmt":"2023-06-30T20:16:21","guid":{"rendered":"https:\/\/marmarayerelhizmet.com\/?p=10951"},"modified":"2023-06-30T23:16:21","modified_gmt":"2023-06-30T20:16:21","slug":"nufusu-1-milyonu-asti","status":"publish","type":"post","link":"https:\/\/marmarayerelhizmet.com\/index.php\/2023\/06\/30\/nufusu-1-milyonu-asti\/","title":{"rendered":"N\u00fcfusu 1 Milyonu A\u015ft\u0131"},"content":{"rendered":"<p><strong><span style=\"font-family: arial, helvetica, sans-serif;\">T\u00fcrkiye\u2019nin en \u00f6nemli turizm destinasyonlar\u0131ndan Kuzey Ege\u2019nin incisi olarak da nitelendirilen\u00a0Bal\u0131kesir\u2019in Ayval\u0131k il\u00e7esinin Kurban Bayram\u0131\u2019ndaki n\u00fcfusu 1 milyonu a\u015ft\u0131.<br \/>\n<\/span><\/strong><br \/>\n<span style=\"font-family: arial, helvetica, sans-serif;\">Son y\u0131llarda a\u00e7\u0131lan otoyollar, t\u00fcneller, Osmangazi ve 1915 \u00c7anakkale k\u00f6pr\u00fclerinin yan\u0131 s\u0131ra Seyit Onba\u015f\u0131 Havaliman\u0131 sayesinde ula\u015f\u0131labilirlik oran\u0131 h\u0131zla y\u00fckselen bir ivme yakalayan Ayval\u0131k; \u0130stanbul, Bursa, \u0130zmir, Manisa,\u00a0Bal\u0131kesir, \u00c7anakkale ve Trakya kentlerine olan co\u011frafi yak\u0131nl\u0131\u011f\u0131yla da i\u00e7 turizmin g\u00f6zde tatil merkezlerinden biri olmay\u0131 ba\u015fard\u0131.<\/span><br \/>\n<span style=\"font-family: arial, helvetica, sans-serif;\">9 g\u00fcnl\u00fck Kurban Bayram\u0131 tatilinin ard\u0131ndan turizm sezonunun da ba\u015flayaca\u011f\u0131n\u0131 hat\u0131rlatan Ayval\u0131k Belediye Ba\u015fkan\u0131 Mesut Ergin, \u201cUzun bir tatilin \u00fc\u00e7\u00fcnc\u00fc g\u00fcn\u00fcn\u00fc ya\u015f\u0131yoruz. \u00d6zellikle ilk g\u00fcnden itibaren Ayval\u0131k tatilcilerle dolmaya ba\u015flad\u0131. D\u00fcnden itibaren de kentte \u00e7ok ciddi bir kalabal\u0131k var. Bu kadar yo\u011fun kalabal\u0131\u011fa hizmet verebilmek i\u00e7in de belediye yo\u011fun bir \u00e7aba i\u00e7erisindeyiz\u201d dedi.<\/span><br \/>\n<span style=\"font-family: arial, helvetica, sans-serif;\">Metropol kentlere co\u011frafi yak\u0131nl\u0131\u011f\u0131n\u0131n yan\u0131 s\u0131ra ula\u015f\u0131labilirlik a\u00e7\u0131s\u0131ndan da Ayval\u0131k\u2019\u0131n \u00e7ok ciddi avantajlara sahip oldu\u011funa i\u015faret eden Belediye Ba\u015fkan\u0131 Ergin, \u201cTabii bu durum nedeniyle de Ayval\u0131k adeta tatilcilerin istilas\u0131na u\u011fram\u0131\u015f durumda. Belediye olarak biz b\u00f6ylesi yo\u011fun bir kabal\u0131\u011f\u0131 bekliyorduk ve tedbirlerimizi \u00f6nceden alm\u0131\u015ft\u0131k. \u0130n\u015fallah kazas\u0131z, belas\u0131z olarak da bu bayram yo\u011funlu\u011funu atlataca\u011f\u0131z\u201d a\u00e7\u0131klamas\u0131nda bulundu.<\/span><br \/>\n<span style=\"font-family: arial, helvetica, sans-serif;\">Yo\u011fun n\u00fcfus nedeniyle il\u00e7edeki esnaf ve turizmcilerinin y\u00fcz\u00fcn\u00fcn g\u00fcld\u00fc\u011f\u00fcn\u00fc kaydeden Ba\u015fkan Ergin, \u201c\u0130n\u015fallah bayram\u0131n hemen ard\u0131ndan ba\u015flayacak olan turizm sezonunun da ayn\u0131 hareketlilik ve doluluk oran\u0131yla s\u00fcrece\u011fine inan\u0131yoruz\u201d ifadelerini kulland\u0131.<\/span><br \/>\n<span style=\"font-family: arial, helvetica, sans-serif;\">Kurban Bayram\u0131 tatilinde ellerinde hen\u00fcz net bir verinin bulunmad\u0131\u011f\u0131n\u0131 vurgulayan Ayval\u0131k Belediye Ba\u015fkan\u0131 Mesut Ergin, &#8220;\u015eu anda bu b\u00fcy\u00fck kalabal\u0131kla ilgili ne bir rak\u0131m\u0131 ortaya koymakta zorlanabiliriz. Ama \u015funu rahatl\u0131kla s\u00f6yleyebilirim ki, biz Ayval\u0131k olarak bu d\u00f6nemlerde turist say\u0131s\u0131nda milyonlar\u0131 g\u00f6rebiliyoruz. \u015eu anda g\u00fcn\u00fcbirlik Ayval\u0131k\u2019a gelen misafirlerimizle birlikte bu say\u0131n\u0131n 1 milyonu a\u015ft\u0131\u011f\u0131n\u0131 d\u00fc\u015f\u00fcn\u00fcyorum. \u00c7\u00fcnk\u00fc Edremit K\u00f6rfezi il\u00e7elerine gelen her tatilci mutlaka Ayval\u0131k\u2019a gelip, g\u00f6rmeyi tercih ediyor. G\u00fcn\u00fcbirlik de olsa Ayval\u0131k\u2019\u0131n restoranlar\u0131ndan, plajlar\u0131ndan yararlan\u0131p, il\u00e7emizdeki tarihi ve do\u011fal g\u00fczellikleri g\u00f6rmek istiyor. Bu y\u00fczden de k\u00f6rfeze gelen her tatilcinin yolu g\u00fcn\u00fcbirlik de olsa Ayval\u0131k\u2019tan ge\u00e7iyor. Bu y\u00fczden de bayram tatilinin en yo\u011fun ya\u015fand\u0131\u011f\u0131 bu g\u00fcnlerde k\u0131\u015f n\u00fcfusu 71 bin olan Ayval\u0131k\u2019\u0131n mevcut n\u00fcfusunun 1 milyonu buldu\u011fu hatta a\u015ft\u0131\u011f\u0131n\u0131 d\u00fc\u015f\u00fcn\u00fcyoruz\u201d diye konu\u015ftu.<\/span><br \/>\n<span style=\"font-family: arial, helvetica, sans-serif;\">Ayval\u0131k\u2019\u0131n d\u00fcnyaca \u00fcnl\u00fc Sar\u0131msakl\u0131 Plajlar\u0131\u2019nda faaliyet g\u00f6steren be\u015f y\u0131ld\u0131zl\u0131 bir otelin Sat\u0131\u015f Pazarlama ve \u00d6n B\u00fcro M\u00fcd\u00fcr\u00fc \u0130smail Ozan ise Ayval\u0131k\u2019\u0131n her y\u0131l oldu\u011fu gibi bu y\u0131lda \u00e7ok yo\u011fun bir Kurban Bayram\u0131 tatili ge\u00e7irdi\u011fini belirterek, \u201cTesisimizde doluluk oran\u0131 y\u00fczde 100\u2019e ula\u015ft\u0131. Ayval\u0131k\u2019ta t\u00fcm turistik tesislerin de y\u00fczde 100 doluluk oran\u0131yla tam kapasite hizmet verdi\u011fini de duyuyoruz\u201d dedi.<\/span><\/p>\n","protected":false},"excerpt":{"rendered":"<p>T\u00fcrkiye\u2019nin en \u00f6nemli turizm destinasyonlar\u0131ndan Kuzey Ege\u2019nin incisi olarak da nitelendirilen\u00a0Bal\u0131kesir\u2019in Ayval\u0131k il\u00e7esinin Kurban Bayram\u0131\u2019ndaki n\u00fcfusu 1 milyonu a\u015ft\u0131. Son<\/p>\n","protected":false},"author":3,"featured_media":10954,"comment_status":"open","ping_status":"open","sticky":false,"template":"","format":"standard","meta":{"colormag_page_container_layout":"default_layout","colormag_page_sidebar_layout":"default_layout","footnotes":""},"categories":[1,5],"tags":[],"class_list":["post-10951","post","type-post","status-publish","format-standard","has-post-thumbnail","hentry","category-genel","category-gundem"],"_links":{"self":[{"href":"https:\/\/marmarayerelhizmet.com\/index.php\/wp-json\/wp\/v2\/posts\/10951","targetHints":{"allow":["GET"]}}],"collection":[{"href":"https:\/\/marmarayerelhizmet.com\/index.php\/wp-json\/wp\/v2\/posts"}],"about":[{"href":"https:\/\/marmarayerelhizmet.com\/index.php\/wp-json\/wp\/v2\/types\/post"}],"author":[{"embeddable":true,"href":"https:\/\/marmarayerelhizmet.com\/index.php\/wp-json\/wp\/v2\/users\/3"}],"replies":[{"embeddable":true,"href":"https:\/\/marmarayerelhizmet.com\/index.php\/wp-json\/wp\/v2\/comments?post=10951"}],"version-history":[{"count":0,"href":"https:\/\/marmarayerelhizmet.com\/index.php\/wp-json\/wp\/v2\/posts\/10951\/revisions"}],"wp:featuredmedia":[{"embeddable":true,"href":"https:\/\/marmarayerelhizmet.com\/index.php\/wp-json\/wp\/v2\/media\/10954"}],"wp:attachment":[{"href":"https:\/\/marmarayerelhizmet.com\/index.php\/wp-json\/wp\/v2\/media?parent=10951"}],"wp:term":[{"taxonomy":"category","embeddable":true,"href":"https:\/\/marmarayerelhizmet.com\/index.php\/wp-json\/wp\/v2\/categories?post=10951"},{"taxonomy":"post_tag","embeddable":true,"href":"https:\/\/marmarayerelhizmet.com\/index.php\/wp-json\/wp\/v2\/tags?post=10951"}],"curies":[{"name":"wp","href":"https:\/\/api.w.org\/{rel}","templated":true}]}}