{"id":10943,"date":"2023-06-30T23:15:41","date_gmt":"2023-06-30T20:15:41","guid":{"rendered":"https:\/\/marmarayerelhizmet.com\/?p=10943"},"modified":"2023-06-30T23:15:41","modified_gmt":"2023-06-30T20:15:41","slug":"en-cok-yagis-duzceye-dustu","status":"publish","type":"post","link":"https:\/\/marmarayerelhizmet.com\/index.php\/2023\/06\/30\/en-cok-yagis-duzceye-dustu\/","title":{"rendered":"En \u00c7ok Ya\u011f\u0131\u015f D\u00fczce&#8217;ye D\u00fc\u015ft\u00fc"},"content":{"rendered":"<p><strong><span style=\"font-family: arial, helvetica, sans-serif; font-size: 14px;\">Metrekareye 77,8 kilogram ya\u011f\u0131\u015f\u0131n d\u00fc\u015ft\u00fc\u011f\u00fc D\u00fczce&#8217;nin Ak\u00e7akoca il\u00e7esi, T\u00fcrkiye&#8217;de son 24 saatte en \u00e7ok ya\u011f\u0131\u015f alan 1. il\u00e7e oldu.<br \/>\n<\/span><\/strong><br \/>\n<span style=\"font-family: arial, helvetica, sans-serif; font-size: 14px;\">Meteoroloji Genel M\u00fcd\u00fcrl\u00fc\u011f\u00fc&#8217;n\u00fcn verilerine g\u00f6re, 29 Haziran saat 06.00 ile 30 Haziran saat 06.00 aras\u0131nda en \u00e7ok ya\u011f\u0131\u015f D\u00fczce&#8217;nin Ak\u00e7akoca il\u00e7esine d\u00fc\u015ft\u00fc. Ak\u00e7akoca&#8217;ya 77,8 kilogram ya\u011f\u0131\u015f d\u00fc\u015ferken, Artvin&#8217;in Arhavi il\u00e7esinde ise metrekareye d\u00fc\u015fen ya\u011f\u0131\u015f miktar\u0131 58,9 olarak kaydedildi. Son 24 saatte Giresun&#8217;un G\u00f6rele il\u00e7esi 48,3 kilogram, Bart\u0131n Merkez 39,4 kilogram, Rize&#8217;nin Kalkandere il\u00e7esi 38,8 kilogram, Rize&#8217;nin Pazar il\u00e7esi 36,4 kilogram, Trabzon&#8217;un Arakl\u0131 il\u00e7esi 36,3 kilogram, Zonguldak&#8217;\u0131n Alapl\u0131 il\u00e7esi ise 34,7 kilogram ya\u011f\u0131\u015f ald\u0131.<\/span><br \/>\n<span style=\"font-family: arial, helvetica, sans-serif; font-size: 14px;\">En fazla ya\u011f\u0131\u015f\u0131n Ak\u00e7akoca&#8217;da etkili oldu\u011fu D\u00fczce&#8217;de ise Y\u0131\u011f\u0131lca&#8217;ya metrekareye d\u00fc\u015fen ya\u011f\u0131\u015f miktar\u0131n\u0131n 10,4 kilogram, G\u00f6lyaka&#8217;ya 5,2 kilogram, G\u00fcmo\u015fava&#8217;ya 4,0 kilogram, Kayna\u015fl\u0131&#8217;ya 3,5 kilogram, Cumayeri&#8217;ne 2,1 kilogram, \u00c7ilimli&#8217;ye ise 1,1 kilogram ya\u011f\u0131\u015f d\u00fc\u015ft\u00fc\u011f\u00fc bildirildi.<\/span><\/p>\n","protected":false},"excerpt":{"rendered":"<p>Metrekareye 77,8 kilogram ya\u011f\u0131\u015f\u0131n d\u00fc\u015ft\u00fc\u011f\u00fc D\u00fczce&#8217;nin Ak\u00e7akoca il\u00e7esi, T\u00fcrkiye&#8217;de son 24 saatte en \u00e7ok ya\u011f\u0131\u015f alan 1. il\u00e7e oldu. Meteoroloji<\/p>\n","protected":false},"author":3,"featured_media":10950,"comment_status":"open","ping_status":"open","sticky":false,"template":"","format":"standard","meta":{"colormag_page_container_layout":"default_layout","colormag_page_sidebar_layout":"default_layout","footnotes":""},"categories":[1,5],"tags":[],"class_list":["post-10943","post","type-post","status-publish","format-standard","has-post-thumbnail","hentry","category-genel","category-gundem"],"_links":{"self":[{"href":"https:\/\/marmarayerelhizmet.com\/index.php\/wp-json\/wp\/v2\/posts\/10943","targetHints":{"allow":["GET"]}}],"collection":[{"href":"https:\/\/marmarayerelhizmet.com\/index.php\/wp-json\/wp\/v2\/posts"}],"about":[{"href":"https:\/\/marmarayerelhizmet.com\/index.php\/wp-json\/wp\/v2\/types\/post"}],"author":[{"embeddable":true,"href":"https:\/\/marmarayerelhizmet.com\/index.php\/wp-json\/wp\/v2\/users\/3"}],"replies":[{"embeddable":true,"href":"https:\/\/marmarayerelhizmet.com\/index.php\/wp-json\/wp\/v2\/comments?post=10943"}],"version-history":[{"count":0,"href":"https:\/\/marmarayerelhizmet.com\/index.php\/wp-json\/wp\/v2\/posts\/10943\/revisions"}],"wp:featuredmedia":[{"embeddable":true,"href":"https:\/\/marmarayerelhizmet.com\/index.php\/wp-json\/wp\/v2\/media\/10950"}],"wp:attachment":[{"href":"https:\/\/marmarayerelhizmet.com\/index.php\/wp-json\/wp\/v2\/media?parent=10943"}],"wp:term":[{"taxonomy":"category","embeddable":true,"href":"https:\/\/marmarayerelhizmet.com\/index.php\/wp-json\/wp\/v2\/categories?post=10943"},{"taxonomy":"post_tag","embeddable":true,"href":"https:\/\/marmarayerelhizmet.com\/index.php\/wp-json\/wp\/v2\/tags?post=10943"}],"curies":[{"name":"wp","href":"https:\/\/api.w.org\/{rel}","templated":true}]}}