{"id":10940,"date":"2023-06-30T23:12:46","date_gmt":"2023-06-30T20:12:46","guid":{"rendered":"https:\/\/marmarayerelhizmet.com\/?p=10940"},"modified":"2023-06-30T23:12:46","modified_gmt":"2023-06-30T20:12:46","slug":"taksimde-bayram-yogunlugu","status":"publish","type":"post","link":"https:\/\/marmarayerelhizmet.com\/index.php\/2023\/06\/30\/taksimde-bayram-yogunlugu\/","title":{"rendered":"Taksim&#8217;de Bayram Yo\u011funlu\u011fu"},"content":{"rendered":"<p><strong><span style=\"font-family: arial, helvetica, sans-serif; font-size: 14px;\">Kurban Bayram\u0131\u2019n\u0131n \u00fc\u00e7\u00fcnc\u00fc g\u00fcn\u00fcnde vatanda\u015flar Taksim\u2019e ak\u0131n etti. \u0130stiklal Caddesi&#8217;nde ya\u015fanan yo\u011funluk kameralara yans\u0131d\u0131.<br \/>\n<\/span><\/strong><br \/>\n<span style=\"font-family: arial, helvetica, sans-serif; font-size: 14px;\">\u0130stanbul&#8217;da Kurban Bayram\u0131&#8217;n\u0131n \u00fc\u00e7\u00fcnc\u00fc g\u00fcn\u00fcnde vatanda\u015flar ve turistler, havan\u0131n da g\u00fczel olmas\u0131yla birlikte Taksim&#8217;e ak\u0131n etti. Yerli ve yabanc\u0131 turistlerin u\u011frak noktas\u0131 olan \u0130stiklal Caddesi&#8217;nde adeta ad\u0131m atacak yer kalmad\u0131. Vatanda\u015flar gezerek hem havan\u0131n hem de bayram\u0131n keyfini \u00e7\u0131kard\u0131.<\/span><\/p>\n","protected":false},"excerpt":{"rendered":"<p>Kurban Bayram\u0131\u2019n\u0131n \u00fc\u00e7\u00fcnc\u00fc g\u00fcn\u00fcnde vatanda\u015flar Taksim\u2019e ak\u0131n etti. \u0130stiklal Caddesi&#8217;nde ya\u015fanan yo\u011funluk kameralara yans\u0131d\u0131. \u0130stanbul&#8217;da Kurban Bayram\u0131&#8217;n\u0131n \u00fc\u00e7\u00fcnc\u00fc g\u00fcn\u00fcnde vatanda\u015flar<\/p>\n","protected":false},"author":3,"featured_media":10946,"comment_status":"open","ping_status":"open","sticky":false,"template":"","format":"standard","meta":{"colormag_page_container_layout":"default_layout","colormag_page_sidebar_layout":"default_layout","footnotes":""},"categories":[1,5],"tags":[],"class_list":["post-10940","post","type-post","status-publish","format-standard","has-post-thumbnail","hentry","category-genel","category-gundem"],"_links":{"self":[{"href":"https:\/\/marmarayerelhizmet.com\/index.php\/wp-json\/wp\/v2\/posts\/10940","targetHints":{"allow":["GET"]}}],"collection":[{"href":"https:\/\/marmarayerelhizmet.com\/index.php\/wp-json\/wp\/v2\/posts"}],"about":[{"href":"https:\/\/marmarayerelhizmet.com\/index.php\/wp-json\/wp\/v2\/types\/post"}],"author":[{"embeddable":true,"href":"https:\/\/marmarayerelhizmet.com\/index.php\/wp-json\/wp\/v2\/users\/3"}],"replies":[{"embeddable":true,"href":"https:\/\/marmarayerelhizmet.com\/index.php\/wp-json\/wp\/v2\/comments?post=10940"}],"version-history":[{"count":0,"href":"https:\/\/marmarayerelhizmet.com\/index.php\/wp-json\/wp\/v2\/posts\/10940\/revisions"}],"wp:featuredmedia":[{"embeddable":true,"href":"https:\/\/marmarayerelhizmet.com\/index.php\/wp-json\/wp\/v2\/media\/10946"}],"wp:attachment":[{"href":"https:\/\/marmarayerelhizmet.com\/index.php\/wp-json\/wp\/v2\/media?parent=10940"}],"wp:term":[{"taxonomy":"category","embeddable":true,"href":"https:\/\/marmarayerelhizmet.com\/index.php\/wp-json\/wp\/v2\/categories?post=10940"},{"taxonomy":"post_tag","embeddable":true,"href":"https:\/\/marmarayerelhizmet.com\/index.php\/wp-json\/wp\/v2\/tags?post=10940"}],"curies":[{"name":"wp","href":"https:\/\/api.w.org\/{rel}","templated":true}]}}