{"id":10922,"date":"2023-06-30T12:05:35","date_gmt":"2023-06-30T09:05:35","guid":{"rendered":"https:\/\/marmarayerelhizmet.com\/?p=10922"},"modified":"2023-06-30T12:05:35","modified_gmt":"2023-06-30T09:05:35","slug":"deniz-ulasiminda-yaz-tarifesi","status":"publish","type":"post","link":"https:\/\/marmarayerelhizmet.com\/index.php\/2023\/06\/30\/deniz-ulasiminda-yaz-tarifesi\/","title":{"rendered":"Deniz Ula\u015f\u0131m\u0131nda Yaz Tarifesi"},"content":{"rendered":"<p><strong><span style=\"font-family: arial, helvetica, sans-serif; font-size: 14px;\">Kocaeli B\u00fcy\u00fck\u015fehir Belediyesi deniz seferlerinde yaz sefer tarifesine ge\u00e7iliyor. Uygulama 3 Temmuz Pazartesi g\u00fcn\u00fc ba\u015flayacak.<br \/>\n<\/span><\/strong><br \/>\n<span style=\"font-family: arial, helvetica, sans-serif; font-size: 14px;\">Kocaeli B\u00fcy\u00fck\u015fehir Belediyesi Ula\u015f\u0131m Dairesi Ba\u015fkanl\u0131\u011f\u0131\u2019na ba\u011fl\u0131 Deniz Ula\u015f\u0131m M\u00fcd\u00fcrl\u00fc\u011f\u00fc, yolcu vapuru seferlerinde yaz sefer uygulamas\u0131na ge\u00e7iyor. 4 hatta 90 seferle 8 iskeleye hizmet verilen yolcu vapuru seferlerinde 3 Temmuz Pazartesi g\u00fcn\u00fc itibariyle yaz sefer uygulamas\u0131na ge\u00e7ilecek. Okullar\u0131n kapanmas\u0131 ve \u00e7al\u0131\u015fma saatleri g\u00f6z \u00f6n\u00fcnde bulundurulan yaz sefer tarifesine Kocaeli B\u00fcy\u00fck\u015fehir Belediyesi internet sitesi ve E-komobil uygulamas\u0131ndan ula\u015f\u0131labiliyor.<\/span><\/p>\n","protected":false},"excerpt":{"rendered":"<p>Kocaeli B\u00fcy\u00fck\u015fehir Belediyesi deniz seferlerinde yaz sefer tarifesine ge\u00e7iliyor. Uygulama 3 Temmuz Pazartesi g\u00fcn\u00fc ba\u015flayacak. Kocaeli B\u00fcy\u00fck\u015fehir Belediyesi Ula\u015f\u0131m Dairesi<\/p>\n","protected":false},"author":3,"featured_media":10933,"comment_status":"open","ping_status":"open","sticky":false,"template":"","format":"standard","meta":{"colormag_page_container_layout":"default_layout","colormag_page_sidebar_layout":"default_layout","footnotes":""},"categories":[1,5,8],"tags":[],"class_list":["post-10922","post","type-post","status-publish","format-standard","has-post-thumbnail","hentry","category-genel","category-gundem","category-siyaset"],"_links":{"self":[{"href":"https:\/\/marmarayerelhizmet.com\/index.php\/wp-json\/wp\/v2\/posts\/10922","targetHints":{"allow":["GET"]}}],"collection":[{"href":"https:\/\/marmarayerelhizmet.com\/index.php\/wp-json\/wp\/v2\/posts"}],"about":[{"href":"https:\/\/marmarayerelhizmet.com\/index.php\/wp-json\/wp\/v2\/types\/post"}],"author":[{"embeddable":true,"href":"https:\/\/marmarayerelhizmet.com\/index.php\/wp-json\/wp\/v2\/users\/3"}],"replies":[{"embeddable":true,"href":"https:\/\/marmarayerelhizmet.com\/index.php\/wp-json\/wp\/v2\/comments?post=10922"}],"version-history":[{"count":0,"href":"https:\/\/marmarayerelhizmet.com\/index.php\/wp-json\/wp\/v2\/posts\/10922\/revisions"}],"wp:featuredmedia":[{"embeddable":true,"href":"https:\/\/marmarayerelhizmet.com\/index.php\/wp-json\/wp\/v2\/media\/10933"}],"wp:attachment":[{"href":"https:\/\/marmarayerelhizmet.com\/index.php\/wp-json\/wp\/v2\/media?parent=10922"}],"wp:term":[{"taxonomy":"category","embeddable":true,"href":"https:\/\/marmarayerelhizmet.com\/index.php\/wp-json\/wp\/v2\/categories?post=10922"},{"taxonomy":"post_tag","embeddable":true,"href":"https:\/\/marmarayerelhizmet.com\/index.php\/wp-json\/wp\/v2\/tags?post=10922"}],"curies":[{"name":"wp","href":"https:\/\/api.w.org\/{rel}","templated":true}]}}