{"id":10916,"date":"2023-06-30T12:00:36","date_gmt":"2023-06-30T09:00:36","guid":{"rendered":"https:\/\/marmarayerelhizmet.com\/?p=10916"},"modified":"2023-06-30T12:00:36","modified_gmt":"2023-06-30T09:00:36","slug":"canakkalede-tarla-gunu","status":"publish","type":"post","link":"https:\/\/marmarayerelhizmet.com\/index.php\/2023\/06\/30\/canakkalede-tarla-gunu\/","title":{"rendered":"\u00c7anakkale&#8217;de Tarla G\u00fcn\u00fc"},"content":{"rendered":"<p><strong><span style=\"font-family: arial, helvetica, sans-serif; font-size: 14px;\">\u00c7anakkale\u2019de, Tar\u0131m ve Orman Bakanl\u0131\u011f\u0131na ba\u011fl\u0131 Trakya Tar\u0131msal Ara\u015ft\u0131rma Enstit\u00fcs\u00fcnden 11, Ege Tar\u0131msal Ara\u015ft\u0131rma Enstit\u00fcs\u00fcnden 6, \u00d6zel Sekt\u00f6rden 2 olmak \u00fczere toplam 19 farkl\u0131, yeni geli\u015ftirilen-tescillenen yerli ve milli arpa \u00e7e\u015fidinden olu\u015fan \u2018Arpa \u00c7e\u015fit Demonstrasyonu\u2019 tarla g\u00fcn\u00fc d\u00fczenlendi.<br \/>\n<\/span><\/strong><br \/>\n<span style=\"font-family: arial, helvetica, sans-serif; font-size: 14px;\">Biga il\u00e7esine ba\u011fl\u0131 \u00c7\u0131nardere k\u00f6y\u00fcndeki tarla g\u00fcn\u00fcne, Biga Kaymakam\u0131 Erdin\u00e7 Dolu, Biga Belediye Ba\u015fkan Vekili, Sadettin Sert, \u00c7anakkale \u0130l Tar\u0131m ve Orman M\u00fcd\u00fcr\u00fc Erdem Karada\u011f, \u015eube ve il\u00e7e Tar\u0131m ve Orman M\u00fcd\u00fcrleri, Trakya Tar\u0131msal Ara\u015ft\u0131rma Enstit\u00fcs\u00fcnden Tarla Bitkileri B\u00f6l\u00fcm Ba\u015fkan\u0131 Dr. \u0130rfan \u00d6zt\u00fcrk, Ege Tar\u0131msal Ara\u015ft\u0131rma Enstit\u00fcs\u00fcnden Arpa \u015eube \u015eefi Ziraat Y\u00fcksek M\u00fchendisi Ayd\u0131n \u0130mamo\u011flu, Biga Ticaret Borsas\u0131 Ba\u015fkan\u0131 B\u00fclent Ba\u015f, Biga Ziraat Odas\u0131 Ba\u015fkan\u0131 M. G\u00fcray Erg\u00fcn, Kurum Amirleri, K\u00f6y Muhtarlar\u0131, Teknik Personel, \u00d6zel Sekt\u00f6r Temsilcileri ve \u00fcreticiler kat\u0131ld\u0131.<\/span><br \/>\n<span style=\"font-family: arial, helvetica, sans-serif; font-size: 14px;\">\u00c7anakkale \u0130l Tar\u0131m ve Orman M\u00fcd\u00fcr\u00fc Erdem Karada\u011f, \u201c2022 y\u0131l\u0131 T\u00dc\u0130K verilerine g\u00f6re; \u00c7anakkale\u2019de 258 bin dekar alanda arpa dane ekili\u015fi yap\u0131lm\u0131\u015f, bu alanlardan toplam 119 bin ton \u00fcr\u00fcn al\u0131nm\u0131\u015f ve dekara verimimiz 460 kg\u2019d\u0131r. \u00dclkemizde 31 milyon dekar alanda arpa ekili\u015fi yap\u0131larak, 8 milyon 100 bin ton \u00fcr\u00fcn al\u0131nm\u0131\u015f dekara verim 263 kg olarak ger\u00e7ekle\u015fmi\u015ftir. \u00dclkemizde \u00fcretilen arpan\u0131n % 1, 47\u2019si ilimizde \u00fcretilmektedir. \u0130limizdeki arpa \u00fcretimimizin % 35. Biga il\u00e7emizde \u00fcretilmektedir. Dekara verimin \u00fclke ortalamas\u0131n\u0131n \u00fcst\u00fcnde olmas\u0131n\u0131n sebebi; \u00f6zellikle ya\u011f\u0131\u015flar\u0131n d\u00fczenli ve yeterli miktarda olmas\u0131, \u0130l\/\u0130l\u00e7e m\u00fcd\u00fcrl\u00fcklerimiz ve payda\u015flar\u0131m\u0131zla birlikte son y\u0131llarda yapt\u0131\u011f\u0131m\u0131z \u00e7al\u0131\u015fmalar ve uygulanan desteklemeler ile sertifikal\u0131 tohumluk kullan\u0131lma oran\u0131ndaki ciddi miktarda artmas\u0131ndan kaynaklanmaktad\u0131r. Hububatta sertifikal\u0131 tohumluk kullan\u0131m\u0131 dekara verimde % 18 ile 25 aras\u0131nda art\u0131\u015f sa\u011flamaktad\u0131r. \u015eu ana kadar hasat edilen hububat ekili alanlarda ilimiz genelinde verimlerin y\u00fcksek \u00e7\u0131kt\u0131\u011f\u0131n\u0131 g\u00f6rmekteyiz. Bundan dolay\u0131 arpa ve bu\u011fday \u00fcr\u00fcn desteklemelerinde kullan\u0131lan minimum-maksimum verileri dekara 120 kg artt\u0131rd\u0131k.<\/span><br \/>\n<span style=\"font-family: arial, helvetica, sans-serif; font-size: 14px;\">Hububatlarda tohumluk verimin, kalitenin, \u00fcretimin art\u0131r\u0131lmas\u0131nda, maliyetin d\u00fc\u015f\u00fcr\u00fclmesinde en \u00f6nde gelen girdidir. Bitki geli\u015fimi i\u00e7in t\u00fcm ko\u015fullar uygun olsa dahi; g\u00fcbreleme, \u00e7apalama, sulama, ila\u00e7lama vb. uygulamalar\u0131n hi\u00e7biri \u00fcretimi art\u0131rmada; kaliteli, sertifikal\u0131, b\u00f6lgeye adapte olmu\u015f bir tohum kadar katk\u0131da bulunamaz. Tar\u0131msal \u00fcretimde verimi art\u0131rmak i\u00e7in sertifikal\u0131 tohumluklar\u0131n\u0131n, uygun b\u00f6lgelerde ve uygun yeti\u015ftirme teknikleri ile birlikte tar\u0131msal \u00fcretimde kullan\u0131lmas\u0131 gerekmektedir. Islah edilmi\u015f \u00e7e\u015fitler ve kaliteli tohumluklar verimlili\u011fi art\u0131r\u0131r ve \u00fcreticilerin gelirini y\u00fckseltir. \u00c7anakkale \u0130l Tar\u0131m ve Orman M\u00fcd\u00fcrl\u00fc\u011f\u00fc olarak \u201cYerli ve Milli Tohumlar\u0131m\u0131z\u0131n Ula\u015fmad\u0131\u011f\u0131 \u00c7ift\u00e7i Kalmas\u0131n&#8221; slogan\u0131yla yola \u00e7\u0131kt\u0131k ve bu \u00e7er\u00e7evede her y\u0131l ilimizde de\u011fi\u015fik lokasyonlarda bir\u00e7ok \u00e7e\u015fitten olu\u015fan demonstrasyon alanlar\u0131 olu\u015fturarak \u00e7al\u0131\u015fmalar\u0131 y\u00fcr\u00fctmekteyiz. Bu \u00e7al\u0131\u015fmalar\u0131m\u0131z Bakanl\u0131\u011f\u0131m\u0131za ba\u011fl\u0131 Tar\u0131msal Ara\u015ft\u0131rma Enstit\u00fclerin ve \u00f6zel sekt\u00f6r taraf\u0131ndan tescil ettirilen \u00e7e\u015fitlerin \u0130l M\u00fcd\u00fcrl\u00fc\u011f\u00fcm\u00fcz arac\u0131\u011f\u0131yla tan\u0131t\u0131larak \u00e7ift\u00e7imizin hizmetine sunulmas\u0131 a\u00e7\u0131s\u0131ndan b\u00fcy\u00fck \u00f6nem arz etmektedir. \u015eu anda hasada gelmi\u015f arpa demonstrasyon alan\u0131nda 17 Enstit\u00fc \u00e7e\u015fidi ve 2 adet \u00f6zel firma \u00e7e\u015fidi olmak \u00fczere toplam 19 arpa \u00e7e\u015fidini \u00e7ift\u00e7i \u015fartlar\u0131nda 2 dekarl\u0131k parsellerde toplam 38 dekar alanda yeti\u015ftirerek, \u00dcreticilerimizin be\u011fenisine sunduk. Demonstrasyonlar\u0131n haz\u0131rlanmas\u0131nda, eme\u011fi ge\u00e7en \u0130l ve \u0130l\u00e7e M\u00fcd\u00fcrl\u00fc\u011f\u00fcm\u00fcz Personeline,katk\u0131 sunan payda\u015flar\u0131m\u0131za, \u00dcreticimiz Muhte\u015fem \u0130lhan ve kat\u0131l\u0131m\u0131n\u0131zdan dolay\u0131 sizlere te\u015fekk\u00fcr ederim.2023 y\u0131l\u0131n\u0131n bol, bereketli, do\u011fal afetlerin ya\u015fanmad\u0131\u011f\u0131 bir y\u0131l olmas\u0131n\u0131 temenni ederim\u201d dedi.<\/span><br \/>\n<span style=\"font-family: arial, helvetica, sans-serif; font-size: 14px;\">Tarla g\u00fcn\u00fc, Trakya Tar\u0131msal Ara\u015ft\u0131rma Enstit\u00fcs\u00fcnden Tarla Bitkileri B\u00f6l\u00fcm Ba\u015fkan\u0131 Dr. \u0130rfan \u00d6zt\u00fcrk, Ege Tar\u0131msal Ara\u015ft\u0131rma Enstit\u00fcs\u00fcnden Arpa \u015eube \u015eefi Ziraat Y\u00fcksek M\u00fchendisi Ayd\u0131n \u0130mamo\u011flu ve \u00f6zel sekt\u00f6r temsilcileri taraf\u0131ndan demonstrasyon alan\u0131nda, \u00fcreticilere; \u00e7e\u015fitlerin \u00f6zelliklerinin ve arpa tar\u0131m\u0131nda dikkat edilmesi gereken hususlar\u0131n anlat\u0131lmas\u0131n\u0131n ard\u0131ndan sona erdi.<\/span><\/p>\n","protected":false},"excerpt":{"rendered":"<p>\u00c7anakkale\u2019de, Tar\u0131m ve Orman Bakanl\u0131\u011f\u0131na ba\u011fl\u0131 Trakya Tar\u0131msal Ara\u015ft\u0131rma Enstit\u00fcs\u00fcnden 11, Ege Tar\u0131msal Ara\u015ft\u0131rma Enstit\u00fcs\u00fcnden 6, \u00d6zel Sekt\u00f6rden 2 olmak<\/p>\n","protected":false},"author":3,"featured_media":10926,"comment_status":"open","ping_status":"open","sticky":false,"template":"","format":"standard","meta":{"colormag_page_container_layout":"default_layout","colormag_page_sidebar_layout":"default_layout","footnotes":""},"categories":[1,5],"tags":[],"class_list":["post-10916","post","type-post","status-publish","format-standard","has-post-thumbnail","hentry","category-genel","category-gundem"],"_links":{"self":[{"href":"https:\/\/marmarayerelhizmet.com\/index.php\/wp-json\/wp\/v2\/posts\/10916","targetHints":{"allow":["GET"]}}],"collection":[{"href":"https:\/\/marmarayerelhizmet.com\/index.php\/wp-json\/wp\/v2\/posts"}],"about":[{"href":"https:\/\/marmarayerelhizmet.com\/index.php\/wp-json\/wp\/v2\/types\/post"}],"author":[{"embeddable":true,"href":"https:\/\/marmarayerelhizmet.com\/index.php\/wp-json\/wp\/v2\/users\/3"}],"replies":[{"embeddable":true,"href":"https:\/\/marmarayerelhizmet.com\/index.php\/wp-json\/wp\/v2\/comments?post=10916"}],"version-history":[{"count":0,"href":"https:\/\/marmarayerelhizmet.com\/index.php\/wp-json\/wp\/v2\/posts\/10916\/revisions"}],"wp:featuredmedia":[{"embeddable":true,"href":"https:\/\/marmarayerelhizmet.com\/index.php\/wp-json\/wp\/v2\/media\/10926"}],"wp:attachment":[{"href":"https:\/\/marmarayerelhizmet.com\/index.php\/wp-json\/wp\/v2\/media?parent=10916"}],"wp:term":[{"taxonomy":"category","embeddable":true,"href":"https:\/\/marmarayerelhizmet.com\/index.php\/wp-json\/wp\/v2\/categories?post=10916"},{"taxonomy":"post_tag","embeddable":true,"href":"https:\/\/marmarayerelhizmet.com\/index.php\/wp-json\/wp\/v2\/tags?post=10916"}],"curies":[{"name":"wp","href":"https:\/\/api.w.org\/{rel}","templated":true}]}}