{"id":10893,"date":"2023-06-29T14:22:53","date_gmt":"2023-06-29T11:22:53","guid":{"rendered":"https:\/\/marmarayerelhizmet.com\/?p=10893"},"modified":"2023-06-29T14:22:53","modified_gmt":"2023-06-29T11:22:53","slug":"bozcaada-doldu-tasti","status":"publish","type":"post","link":"https:\/\/marmarayerelhizmet.com\/index.php\/2023\/06\/29\/bozcaada-doldu-tasti\/","title":{"rendered":"Bozcaada Doldu Ta\u015ft\u0131"},"content":{"rendered":"<p><strong><span style=\"font-family: arial, helvetica, sans-serif; font-size: 14px;\">\u00c7anakkale&#8217;nin Kuzey Ege Denizi&#8217;ndeki turizm cenneti Bozcaada il\u00e7esi, 9 g\u00fcnl\u00fck Kurban Bayram\u0131&#8217;nda yerli ve yabanc\u0131 turistlerin ak\u0131n\u0131na u\u011frad\u0131. Adan\u0131n do\u011fal g\u00fczellikleri ve tarihi dokusu, tatilcilerin ilgisini \u00e7ekerken, konaklama tesisleri tam kapasiteyle \u00e7al\u0131\u015ft\u0131. 4 bin 500 resmi yatak kapasitesine sahip olan Bozcaada, gayr\u0131 resmi konaklama tesisleriyle birlikte g\u00fcnl\u00fck 10-15 bin tatilciyi a\u011f\u0131rlad\u0131. Konaklama tesislerindeki y\u00fczde 100 doluluk oran\u0131, adadaki i\u015fletmecilerin ve esnaf\u0131n y\u00fcz\u00fcn\u00fc g\u00fcld\u00fcrd\u00fc.<br \/>\n<\/span><\/strong><br \/>\n<span style=\"font-family: arial, helvetica, sans-serif; font-size: 14px;\">Havas\u0131yla k\u00fc\u00e7\u00fck bir kasabay\u0131 yans\u0131tan, dar sokaklar\u0131nda farkl\u0131 mimarideki eski Rum evleri, deniz \u00fcr\u00fcnleri restoranlar\u0131, T\u00fcrkiye&#8217;nin en iyi korunmu\u015f tarihi kalesi, bakir koylar\u0131, temiz ve buz gibi denizi yan\u0131nda, bir de \u0130stanbul&#8217;a olan yak\u0131nl\u0131\u011f\u0131 nedeniyle pek \u00e7ok ki\u015finin tercih nedeni olan turizm cenneti Bozcaada, 9 g\u00fcnl\u00fck Kurban Bayram\u0131 tatilinin g\u00f6zdesi oldu. Kurban Bayram\u0131&#8217;nda ba\u015fta \u0130stanbullular olmak \u00fczere \u00e7evre illerden gelen tatilciler, Kuzey Ege&#8217;nin incisi Bozcaada&#8217;ya ak\u0131n etti. Adan\u0131n do\u011fal g\u00fczellikleri ve tarihi dokusu, tatilcilerin ilgisini \u00e7ekerek konaklama tesislerinin tam kapasiteyle \u00e7al\u0131\u015fmas\u0131n\u0131 sa\u011flad\u0131. 4 bin 500 resmi yatak kapasitesine sahip olan Bozcaada, gayr\u0131 resmi konaklama tesisleriyle birlikte g\u00fcnl\u00fck 10-15 bin tatilciyi a\u011f\u0131rlad\u0131. Bozcaada&#8217;daki konaklama tesislerindeki y\u00fczde 100 doluluk oran\u0131 adadaki i\u015fletmecileri ve esnaf\u0131n da y\u00fcz\u00fcn\u00fc g\u00fcld\u00fcrd\u00fc. Tatilciler, s\u0131cak yaz g\u00fcnlerinde serinlemek i\u00e7in adan\u0131n koylar\u0131nda ve plajlar\u0131nda denize girme f\u0131rsat\u0131 buldu. Aday\u0131 s\u00fcsleyen g\u00fczel sokaklarda dola\u015fan tatilciler, adan\u0131n tarihi ve do\u011fal g\u00fczelliklerini ke\u015ffetmek i\u00e7in foto\u011fraf \u00e7ekti. Ak\u015famlar\u0131 ise Polente Burnu&#8217;nda g\u00fcn bat\u0131m\u0131n\u0131 izlemek i\u00e7in bulu\u015fan tatilciler, romantik ve huzurlu anlar ya\u015fad\u0131. Bozcaada&#8217;n\u0131n me\u015fhur restoranlar\u0131nda ise tatilciler, adan\u0131n y\u00f6resel lezzetlerini deneyerek keyifli anlar ge\u00e7irdi. E\u015fsiz lezzetlerin tad\u0131na bakmak i\u00e7in restoranlara ak\u0131n eden tatilciler, adan\u0131n gastronomik zenginliklerini ke\u015ffetti. Baz\u0131 tatilcilerin geli\u015fig\u00fczel ara\u00e7 park etmesi nedeniyle sokaklarda aksayan trafi\u011fe, trafik ekipleri m\u00fcdahale etti. Geyikli-Bozcaada hatt\u0131nda deniz ula\u015f\u0131m\u0131n\u0131 sa\u011flayan Gesta\u015f, yo\u011fun talebi kar\u015f\u0131lamak i\u00e7in kar\u015f\u0131l\u0131kl\u0131 olarak g\u00fcnde 36 sefere kadar \u00e7\u0131kt\u0131. Tatilciler, adaya rahatl\u0131kla ula\u015f\u0131m sa\u011flayarak keyifli bir tatil ge\u00e7irdi. Yo\u011fun talep sayesinde ekonomik anlamda da hareketlilik ya\u015fand\u0131 ve adan\u0131n turizm sekt\u00f6r\u00fc canland\u0131. Bozcaada, 9 g\u00fcnl\u00fck Kurban Bayram\u0131 tatili s\u00fcresince ziyaret\u00e7i ak\u0131n\u0131na u\u011frayarak tatilcilerin unutulmaz hat\u0131ralar biriktirmesine ve adan\u0131n g\u00fczelliklerini ke\u015ffetmesine imkan sa\u011flad\u0131.<\/span><br \/>\n<span style=\"font-family: arial, helvetica, sans-serif; font-size: 14px;\">Bozcaada\u2019n\u0131n 9 g\u00fcnl\u00fck Kurban Bayram\u0131 tatilinde yerli ve yabanc\u0131 turistler taraf\u0131ndan tercih edildi\u011fini belirten Bozcaada Turizm \u0130\u015fletmecileri Derne\u011fi (BOZT\u0130D) Ba\u015fkan\u0131 Erkan Yavuz, \u201c\u015eu anda bayram d\u00f6neminde y\u00fczde 100\u2019e yak\u0131n doluluk oran\u0131yla devam etmekte. Keyifli ve g\u00fczel bir tatil d\u00f6nemi ge\u00e7iriyoruz\u201d dedi.<\/span><br \/>\n<span style=\"font-family: arial, helvetica, sans-serif; font-size: 14px;\">Adada kafe ve pastane i\u015fletmecisi Cemil G\u00fcnday ise, Bozcaada\u2019dan Kurban Bayram\u0131\u2019nda y\u00fczde 100 doluluk oran\u0131na ula\u015ft\u0131\u011f\u0131n\u0131 ifade ederek, \u015funlar\u0131 s\u00f6yledi:<\/span><br \/>\n<span style=\"font-family: arial, helvetica, sans-serif; font-size: 14px;\">\u201cKurban Bayram\u0131 \u00f6ncesinde ba\u015flayan adam\u0131zdaki hareketlilik, bayramla birlikte en \u00fcst seviyeye ula\u015ft\u0131. Biz de hem kendi i\u015fletmemiz, hem de di\u011fer i\u015fletmeler olarak bu yo\u011funlu\u011fa kar\u015f\u0131 haz\u0131rl\u0131\u011f\u0131m\u0131z\u0131 yapt\u0131k. Gelen misafirlerimiz oldu. Gelmeye devam edenler de var, ge\u00e7mi\u015f senelerdeki gibi en iyi hizmeti vermeye \u00e7al\u0131\u015f\u0131yoruz. Herkese iyi bayramlar dilerim.\u201d<\/span><\/p>\n","protected":false},"excerpt":{"rendered":"<p>\u00c7anakkale&#8217;nin Kuzey Ege Denizi&#8217;ndeki turizm cenneti Bozcaada il\u00e7esi, 9 g\u00fcnl\u00fck Kurban Bayram\u0131&#8217;nda yerli ve yabanc\u0131 turistlerin ak\u0131n\u0131na u\u011frad\u0131. Adan\u0131n do\u011fal<\/p>\n","protected":false},"author":3,"featured_media":10902,"comment_status":"open","ping_status":"open","sticky":false,"template":"","format":"standard","meta":{"colormag_page_container_layout":"default_layout","colormag_page_sidebar_layout":"default_layout","footnotes":""},"categories":[1,5],"tags":[],"class_list":["post-10893","post","type-post","status-publish","format-standard","has-post-thumbnail","hentry","category-genel","category-gundem"],"_links":{"self":[{"href":"https:\/\/marmarayerelhizmet.com\/index.php\/wp-json\/wp\/v2\/posts\/10893","targetHints":{"allow":["GET"]}}],"collection":[{"href":"https:\/\/marmarayerelhizmet.com\/index.php\/wp-json\/wp\/v2\/posts"}],"about":[{"href":"https:\/\/marmarayerelhizmet.com\/index.php\/wp-json\/wp\/v2\/types\/post"}],"author":[{"embeddable":true,"href":"https:\/\/marmarayerelhizmet.com\/index.php\/wp-json\/wp\/v2\/users\/3"}],"replies":[{"embeddable":true,"href":"https:\/\/marmarayerelhizmet.com\/index.php\/wp-json\/wp\/v2\/comments?post=10893"}],"version-history":[{"count":0,"href":"https:\/\/marmarayerelhizmet.com\/index.php\/wp-json\/wp\/v2\/posts\/10893\/revisions"}],"wp:featuredmedia":[{"embeddable":true,"href":"https:\/\/marmarayerelhizmet.com\/index.php\/wp-json\/wp\/v2\/media\/10902"}],"wp:attachment":[{"href":"https:\/\/marmarayerelhizmet.com\/index.php\/wp-json\/wp\/v2\/media?parent=10893"}],"wp:term":[{"taxonomy":"category","embeddable":true,"href":"https:\/\/marmarayerelhizmet.com\/index.php\/wp-json\/wp\/v2\/categories?post=10893"},{"taxonomy":"post_tag","embeddable":true,"href":"https:\/\/marmarayerelhizmet.com\/index.php\/wp-json\/wp\/v2\/tags?post=10893"}],"curies":[{"name":"wp","href":"https:\/\/api.w.org\/{rel}","templated":true}]}}