{"id":10769,"date":"2023-06-26T20:44:51","date_gmt":"2023-06-26T17:44:51","guid":{"rendered":"https:\/\/marmarayerelhizmet.com\/?p=10769"},"modified":"2023-06-27T10:44:05","modified_gmt":"2023-06-27T07:44:05","slug":"10769","status":"publish","type":"post","link":"https:\/\/marmarayerelhizmet.com\/index.php\/2023\/06\/26\/10769\/","title":{"rendered":"Emin\u00f6n\u00fc\u2019nde Bayram Hareketlili\u011fi"},"content":{"rendered":"<p><strong><span style=\"font-family: arial, helvetica, sans-serif; font-size: 14px;\">\u0130stanbul&#8217;un en eski al\u0131\u015fveri\u015f merkezlerinin yer ald\u0131\u011f\u0131 Emin\u00f6n\u00fc&#8217;nde, Kurban Bayram\u0131 \u00f6ncesi al\u0131\u015fveri\u015f hareketlili\u011fi ya\u015fand\u0131. Bayrama say\u0131l\u0131 g\u00fcnler kala vatanda\u015flar, kentin u\u011frak yerlerinden olan M\u0131s\u0131r \u00c7ar\u015f\u0131s\u0131 ve \u00e7evresine gelerek al\u0131\u015fveri\u015f yapt\u0131.<br \/>\n<\/span><\/strong><br \/>\n<span style=\"font-family: arial, helvetica, sans-serif; font-size: 14px;\">Kurban Bayram\u0131\u2019na say\u0131l\u0131 g\u00fcn kala \u0130stanbul\u2019da ya\u015fayan vatanda\u015flar, ihtiya\u00e7lar\u0131n\u0131 kar\u015f\u0131lamak i\u00e7in Emin\u00f6n\u00fc Meydan\u0131\u2019nda bulunan M\u0131s\u0131r \u00c7ar\u015f\u0131s\u0131\u2019na geldi. Yerli ve yabanc\u0131 turistlerin de u\u011frak noktalar\u0131ndan olan M\u0131s\u0131r \u00c7ar\u015f\u0131s\u0131\u2019ndaki al\u0131\u015fveri\u015f hareketlili\u011fi havadan dron ile g\u00f6r\u00fcnt\u00fclendi.<\/span><\/p>\n","protected":false},"excerpt":{"rendered":"<p>\u0130stanbul&#8217;un en eski al\u0131\u015fveri\u015f merkezlerinin yer ald\u0131\u011f\u0131 Emin\u00f6n\u00fc&#8217;nde, Kurban Bayram\u0131 \u00f6ncesi al\u0131\u015fveri\u015f hareketlili\u011fi ya\u015fand\u0131. Bayrama say\u0131l\u0131 g\u00fcnler kala vatanda\u015flar, kentin<\/p>\n","protected":false},"author":3,"featured_media":10773,"comment_status":"open","ping_status":"open","sticky":false,"template":"","format":"standard","meta":{"colormag_page_container_layout":"default_layout","colormag_page_sidebar_layout":"default_layout","footnotes":""},"categories":[1,5],"tags":[],"class_list":["post-10769","post","type-post","status-publish","format-standard","has-post-thumbnail","hentry","category-genel","category-gundem"],"_links":{"self":[{"href":"https:\/\/marmarayerelhizmet.com\/index.php\/wp-json\/wp\/v2\/posts\/10769","targetHints":{"allow":["GET"]}}],"collection":[{"href":"https:\/\/marmarayerelhizmet.com\/index.php\/wp-json\/wp\/v2\/posts"}],"about":[{"href":"https:\/\/marmarayerelhizmet.com\/index.php\/wp-json\/wp\/v2\/types\/post"}],"author":[{"embeddable":true,"href":"https:\/\/marmarayerelhizmet.com\/index.php\/wp-json\/wp\/v2\/users\/3"}],"replies":[{"embeddable":true,"href":"https:\/\/marmarayerelhizmet.com\/index.php\/wp-json\/wp\/v2\/comments?post=10769"}],"version-history":[{"count":0,"href":"https:\/\/marmarayerelhizmet.com\/index.php\/wp-json\/wp\/v2\/posts\/10769\/revisions"}],"wp:featuredmedia":[{"embeddable":true,"href":"https:\/\/marmarayerelhizmet.com\/index.php\/wp-json\/wp\/v2\/media\/10773"}],"wp:attachment":[{"href":"https:\/\/marmarayerelhizmet.com\/index.php\/wp-json\/wp\/v2\/media?parent=10769"}],"wp:term":[{"taxonomy":"category","embeddable":true,"href":"https:\/\/marmarayerelhizmet.com\/index.php\/wp-json\/wp\/v2\/categories?post=10769"},{"taxonomy":"post_tag","embeddable":true,"href":"https:\/\/marmarayerelhizmet.com\/index.php\/wp-json\/wp\/v2\/tags?post=10769"}],"curies":[{"name":"wp","href":"https:\/\/api.w.org\/{rel}","templated":true}]}}