{"id":10760,"date":"2023-06-27T10:43:23","date_gmt":"2023-06-27T07:43:23","guid":{"rendered":"https:\/\/marmarayerelhizmet.com\/?p=10760"},"modified":"2023-06-27T10:43:39","modified_gmt":"2023-06-27T07:43:39","slug":"ulasim-bayramda-ucretsiz","status":"publish","type":"post","link":"https:\/\/marmarayerelhizmet.com\/index.php\/2023\/06\/27\/ulasim-bayramda-ucretsiz\/","title":{"rendered":"Ula\u015f\u0131m Bayramda \u00dccretsiz"},"content":{"rendered":"<p><strong><span style=\"font-family: arial, helvetica, sans-serif; font-size: 14px;\">D\u00fczce Belediyesi i\u015ftirak \u015firketi Ula\u015f\u0131m A.\u015e. Kurban Bayram\u0131n\u0131n ilk 3 g\u00fcn\u00fc toplu ula\u015f\u0131m ara\u00e7lar\u0131n\u0131n \u00fccretsiz hizmet verece\u011fini duyurdu.<br \/>\n<\/span><\/strong><br \/>\n<span style=\"font-family: arial, helvetica, sans-serif; font-size: 14px;\">D\u00fczce Belediye Ba\u015fkan\u0131 Dr. Faruk \u00d6zl\u00fc\u2019n\u00fcn talimat\u0131yla \u00e7al\u0131\u015fma ba\u015flatan i\u015ftirak \u015firketi Ula\u015f\u0131m A.\u015e., Kurban Bayram\u0131n\u0131n ilk 3 g\u00fcn\u00fcnde t\u00fcm vatanda\u015flar\u0131n toplu ta\u015f\u0131ma ara\u00e7lar\u0131ndan \u00fccretsiz olarak faydalanabilece\u011fini duyurdu.<\/span><br \/>\n<span style=\"font-family: arial, helvetica, sans-serif; font-size: 14px;\">Vatanda\u015flar, 28 Haziran \u00c7ar\u015famba g\u00fcn\u00fcnden ba\u015flayarak, 30 Haziran Cuma g\u00fcn\u00fc saat 24.00\u2019a kadar D\u00fczce Ula\u015f\u0131m A.\u015e b\u00fcnyesinde bulunan toplu ta\u015f\u0131ma ara\u00e7lar\u0131ndan 3 g\u00fcn boyunca \u00fccretsiz olarak yararlanabilecek.<\/span><\/p>\n","protected":false},"excerpt":{"rendered":"<p>D\u00fczce Belediyesi i\u015ftirak \u015firketi Ula\u015f\u0131m A.\u015e. Kurban Bayram\u0131n\u0131n ilk 3 g\u00fcn\u00fc toplu ula\u015f\u0131m ara\u00e7lar\u0131n\u0131n \u00fccretsiz hizmet verece\u011fini duyurdu. D\u00fczce Belediye<\/p>\n","protected":false},"author":3,"featured_media":10762,"comment_status":"open","ping_status":"open","sticky":false,"template":"","format":"standard","meta":{"colormag_page_container_layout":"default_layout","colormag_page_sidebar_layout":"default_layout","footnotes":""},"categories":[1,5,8],"tags":[],"class_list":["post-10760","post","type-post","status-publish","format-standard","has-post-thumbnail","hentry","category-genel","category-gundem","category-siyaset"],"_links":{"self":[{"href":"https:\/\/marmarayerelhizmet.com\/index.php\/wp-json\/wp\/v2\/posts\/10760","targetHints":{"allow":["GET"]}}],"collection":[{"href":"https:\/\/marmarayerelhizmet.com\/index.php\/wp-json\/wp\/v2\/posts"}],"about":[{"href":"https:\/\/marmarayerelhizmet.com\/index.php\/wp-json\/wp\/v2\/types\/post"}],"author":[{"embeddable":true,"href":"https:\/\/marmarayerelhizmet.com\/index.php\/wp-json\/wp\/v2\/users\/3"}],"replies":[{"embeddable":true,"href":"https:\/\/marmarayerelhizmet.com\/index.php\/wp-json\/wp\/v2\/comments?post=10760"}],"version-history":[{"count":0,"href":"https:\/\/marmarayerelhizmet.com\/index.php\/wp-json\/wp\/v2\/posts\/10760\/revisions"}],"wp:featuredmedia":[{"embeddable":true,"href":"https:\/\/marmarayerelhizmet.com\/index.php\/wp-json\/wp\/v2\/media\/10762"}],"wp:attachment":[{"href":"https:\/\/marmarayerelhizmet.com\/index.php\/wp-json\/wp\/v2\/media?parent=10760"}],"wp:term":[{"taxonomy":"category","embeddable":true,"href":"https:\/\/marmarayerelhizmet.com\/index.php\/wp-json\/wp\/v2\/categories?post=10760"},{"taxonomy":"post_tag","embeddable":true,"href":"https:\/\/marmarayerelhizmet.com\/index.php\/wp-json\/wp\/v2\/tags?post=10760"}],"curies":[{"name":"wp","href":"https:\/\/api.w.org\/{rel}","templated":true}]}}