{"id":10754,"date":"2023-06-26T16:13:24","date_gmt":"2023-06-26T13:13:24","guid":{"rendered":"https:\/\/marmarayerelhizmet.com\/?p=10754"},"modified":"2023-06-26T16:13:24","modified_gmt":"2023-06-26T13:13:24","slug":"bayram-hediyesi-vali-sildaktan","status":"publish","type":"post","link":"https:\/\/marmarayerelhizmet.com\/index.php\/2023\/06\/26\/bayram-hediyesi-vali-sildaktan\/","title":{"rendered":"Bayram Hediyesi Vali \u015e\u0131ldak&#8217;tan"},"content":{"rendered":"<p><strong><span style=\"font-family: arial, helvetica, sans-serif; font-size: 14px;\">Vali Hasan \u015e\u0131ldak\u2019\u0131n kat\u0131l\u0131m\u0131yla Kurban Bayram\u0131 \u00f6ncesi ve sonras\u0131 b\u00fcy\u00fck yo\u011funluk ya\u015fanan ve \u00e7ok \u00f6nemli bir ge\u00e7i\u015f g\u00fczergah\u0131 olan Bal\u0131kesir-\u00c7anakkale kara yolu Edremit\u2019te \u201cTrafik Fark\u0131ndal\u0131\u011f\u0131 Uygulamas\u0131\u201d ger\u00e7ekle\u015ftirildi.<br \/>\n<\/span><\/strong><br \/>\n<span style=\"font-family: arial, helvetica, sans-serif; font-size: 14px;\">S\u00fcr\u00fcc\u00fclere kurallara uymalar\u0131 konusunda hat\u0131rlatmalarda bulunma gelene\u011fini Edremit\u2019te bu bayram \u00f6ncesi de s\u00fcrd\u00fcren \u015e\u0131ldak, vatanda\u015flar\u0131n bayramlar\u0131n\u0131 kutlayarak hediyeler verdi. Ara\u00e7lardaki \u00e7ocuklara da oyuncak hediye edildi.<\/span><br \/>\n<span style=\"font-family: arial, helvetica, sans-serif; font-size: 14px;\">Vali \u015e\u0131ldak beraberinde \u015eehit Hambiyey Meydan\u0131&#8217;nda \u0130l Emniyet M\u00fcd\u00fcr\u00fc Hasan Onar ve \u0130l Jandarma Komutan\u0131 J.Kd.Alb.Ali Y\u0131ld\u0131z ile Edremit Kaymakam\u0131 Ahmet Odaba\u015f ve \u0130l\u00e7e Emniyet M\u00fcd\u00fcr\u00fc Burak Lehimer&#8217;le durdurulan ara\u00e7lardaki ho\u015f sohbeti ile dikkat \u00e7ekerken, \u201cHer bayram \u00f6ncesi oldu\u011fu gibi s\u00fcr\u00fcc\u00fclerimize hat\u0131rlatma yapmak i\u00e7in yine yolday\u0131z. Temel amac\u0131m\u0131z insan\u0131m\u0131z\u0131n evinden d\u0131\u015far\u0131ya ad\u0131m\u0131n\u0131 att\u0131\u011f\u0131 andan itibaren g\u00fcvenlik i\u00e7erisinde huzurlu bir ortamda tatilini ge\u00e7irebilmesidir. \u00dcz\u00fcc\u00fc kazalar ya\u015fans\u0131n istemiyoruz. Bunun i\u00e7in yollar\u0131m\u0131zda trafi\u011fe dikkat diyece\u011fiz. Onlara bir kez daha seslenmek istiyorum; l\u00fctfen dikkat edelim, emniyet kemeri bulunmadan, bebek koltu\u011fu bulunmadan, cep telefonuyla me\u015fgul olmadan, h\u0131z s\u0131n\u0131rlar\u0131n\u0131 a\u015fmadan, hatal\u0131 sollama yapmadan ve de uykusuz vaziyette ara\u00e7 kullanmadan dikkatli bir \u015fekilde seyahat edelim. L\u00fctfen bayram sevincini h\u00fczne bo\u011fmayal\u0131m. Tatil boyunca da bulunduklar\u0131 yerde de hareketlilik devam edecektir. Direksiyona ge\u00e7tikleri her anda bu dikkati l\u00fctfen sevdiklerinden esirgemesinler. Tatil boyunca trafik denetimlerimiz de en \u00fcst seviyede devam edecek. Karayollar\u0131m\u0131zda ve k\u0131rsal b\u00f6lgelerimizde ekiplerimiz g\u00f6rev ba\u015f\u0131nda olacak. Bal\u0131kesir-Edremit ve Edremit-Ayval\u0131k hatt\u0131nda trafik denetimlerimizi yo\u011funla\u015ft\u0131r\u0131yoruz. Her 10 kilometrede bir ekibimiz olacak. T\u00fcm vatanda\u015flar\u0131m\u0131z\u0131, misafirlerimizi trafik konusunda duyarl\u0131 olmaya, bilin\u00e7li olmaya ve l\u00fctfen h\u0131z s\u0131n\u0131rlar\u0131na uymaya davet ediyoruz\u201c dedi.<\/span><br \/>\n<span style=\"font-family: arial, helvetica, sans-serif; font-size: 14px;\">\u015e\u0131ldak, vatanda\u015flar\u0131n huzur i\u00e7inde bayram ge\u00e7irebilmeleri i\u00e7in \u0130l Emniyet M\u00fcd\u00fcrl\u00fc\u011f\u00fc, \u0130l Jandarma Komutanl\u0131klar\u0131, b\u00f6lge ve trafik birimlerinin il\u00e7elerle teyakkuz halinde denetimlerini aral\u0131ks\u0131z s\u00fcrd\u00fcrd\u00fc\u011f\u00fcn\u00fc s\u00f6zlerine ekledi.<\/span><\/p>\n","protected":false},"excerpt":{"rendered":"<p>Vali Hasan \u015e\u0131ldak\u2019\u0131n kat\u0131l\u0131m\u0131yla Kurban Bayram\u0131 \u00f6ncesi ve sonras\u0131 b\u00fcy\u00fck yo\u011funluk ya\u015fanan ve \u00e7ok \u00f6nemli bir ge\u00e7i\u015f g\u00fczergah\u0131 olan Bal\u0131kesir-\u00c7anakkale<\/p>\n","protected":false},"author":3,"featured_media":10758,"comment_status":"open","ping_status":"open","sticky":false,"template":"","format":"standard","meta":{"colormag_page_container_layout":"default_layout","colormag_page_sidebar_layout":"default_layout","footnotes":""},"categories":[1,5,8],"tags":[],"class_list":["post-10754","post","type-post","status-publish","format-standard","has-post-thumbnail","hentry","category-genel","category-gundem","category-siyaset"],"_links":{"self":[{"href":"https:\/\/marmarayerelhizmet.com\/index.php\/wp-json\/wp\/v2\/posts\/10754","targetHints":{"allow":["GET"]}}],"collection":[{"href":"https:\/\/marmarayerelhizmet.com\/index.php\/wp-json\/wp\/v2\/posts"}],"about":[{"href":"https:\/\/marmarayerelhizmet.com\/index.php\/wp-json\/wp\/v2\/types\/post"}],"author":[{"embeddable":true,"href":"https:\/\/marmarayerelhizmet.com\/index.php\/wp-json\/wp\/v2\/users\/3"}],"replies":[{"embeddable":true,"href":"https:\/\/marmarayerelhizmet.com\/index.php\/wp-json\/wp\/v2\/comments?post=10754"}],"version-history":[{"count":0,"href":"https:\/\/marmarayerelhizmet.com\/index.php\/wp-json\/wp\/v2\/posts\/10754\/revisions"}],"wp:featuredmedia":[{"embeddable":true,"href":"https:\/\/marmarayerelhizmet.com\/index.php\/wp-json\/wp\/v2\/media\/10758"}],"wp:attachment":[{"href":"https:\/\/marmarayerelhizmet.com\/index.php\/wp-json\/wp\/v2\/media?parent=10754"}],"wp:term":[{"taxonomy":"category","embeddable":true,"href":"https:\/\/marmarayerelhizmet.com\/index.php\/wp-json\/wp\/v2\/categories?post=10754"},{"taxonomy":"post_tag","embeddable":true,"href":"https:\/\/marmarayerelhizmet.com\/index.php\/wp-json\/wp\/v2\/tags?post=10754"}],"curies":[{"name":"wp","href":"https:\/\/api.w.org\/{rel}","templated":true}]}}