{"id":10749,"date":"2023-06-26T16:10:36","date_gmt":"2023-06-26T13:10:36","guid":{"rendered":"https:\/\/marmarayerelhizmet.com\/?p=10749"},"modified":"2023-06-26T16:10:36","modified_gmt":"2023-06-26T13:10:36","slug":"cocuklara-bin-liralik-bayram-ceki","status":"publish","type":"post","link":"https:\/\/marmarayerelhizmet.com\/index.php\/2023\/06\/26\/cocuklara-bin-liralik-bayram-ceki\/","title":{"rendered":"\u00c7ocuklara Bin Liral\u0131k Bayram \u00c7eki"},"content":{"rendered":"<p><strong><span style=\"font-family: arial, helvetica, sans-serif; font-size: 14px;\">Bursa&#8217;da pandemi d\u00f6neminde ba\u015flayan yard\u0131m \u00e7eki uygulamas\u0131, e\u011fitim ve ramazan \u00e7eklerinin ard\u0131ndan Kurban Bayram\u0131 giysi yard\u0131m \u00e7ekleri ile devam ediyor. Kurban Bayram\u0131 \u00f6ncesinde 30 bin ihtiya\u00e7 sahibi \u00e7ocu\u011fa 1000&#8217;er liral\u0131k yard\u0131m \u00e7eki da\u011f\u0131tan B\u00fcy\u00fck\u015fehir Belediyesi, hem k\u00fc\u00e7\u00fck esnafa hem de \u00e7ocuklara \u00e7ifte bayram ya\u015fatt\u0131. Kapal\u0131\u00e7ar\u015f\u0131 ve Uzun\u00e7ar\u015f\u0131&#8217;daki esnaf\u0131 ziyaret edip bayramlar\u0131n\u0131 kutlayan Ba\u015fkan Alinur Akta\u015f, &#8220;Kimseyi incitmeden y\u00fczleri g\u00fcld\u00fcr\u00fcyoruz. Hem esnaf\u0131m\u0131z hem de \u00e7ocuklar\u0131m\u0131z bayram ediyor. Bu bayram 30 bin \u00e7ocu\u011fumuzu sevindirdik&#8221; dedi. Bayram ve e\u011fitim destek \u00e7eklerinin bug\u00fcne kadar 250 milyon liray\u0131 buldu\u011fu kaydedildi.<br \/>\n<\/span><\/strong><br \/>\n<span style=\"font-family: arial, helvetica, sans-serif; font-size: 14px;\">Bursa\u2019da sosyal belediyecili\u011fin en g\u00fczel \u00f6rneklerini sergileyen B\u00fcy\u00fck\u015fehir Belediyesi, vatanda\u015ftan esnafa kadar toplumun t\u00fcm kesimlerine \u00e7e\u015fitli destekler sa\u011flad\u0131. Bu zaman zarf\u0131nda 250 milyon TL\u2019yi a\u015fan destek paketlerini devreye alan B\u00fcy\u00fck\u015fehir Belediyesi, hem esnafa katk\u0131 sa\u011fl\u0131yor hem de vatanda\u015flar\u0131n incinmeden al\u0131\u015fveri\u015f yapmas\u0131na imkan tan\u0131yor.<\/span><br \/>\n<span style=\"font-family: arial, helvetica, sans-serif; font-size: 14px;\">Uzun\u00e7ar\u015f\u0131 ve Kapal\u0131\u00e7ar\u015f\u0131&#8217;da esnaf\u0131 ziyaret eden, onlarla ve vatanda\u015flarla bayramla\u015fan Ba\u015fkan Alinur Akta\u015f, &#8220;Sosyal destek \u00e7eklerini bayramlarda, e\u011fitim d\u00f6neminde ve ramazan aylar\u0131nda devreye al\u0131yoruz. Bakkal Amca projesini hayata ge\u00e7irmi\u015ftik. Sosyal destek \u00e7eklerini mahalle bakkallar\u0131nda ge\u00e7erli olacak \u015fekilde d\u00fczenleyip k\u00fc\u00e7\u00fck esnafa destek olmu\u015ftuk. Bu bayram da esnaf odas\u0131 ile i\u015fbirli\u011fi yaparak \u00e7ar\u015f\u0131daki ve k\u00fc\u00e7\u00fck esnaf\u0131m\u0131zdan 30 bin \u00e7ocu\u011fumuza 1000&#8217;er liral\u0131k bayram giysi hediye \u00e7ekini da\u011f\u0131tt\u0131k. 2021 y\u0131l\u0131nda 15 bin evlad\u0131m\u0131za , 2022 y\u0131l\u0131nda 25 bin evlad\u0131m\u0131za kurban giysi destek \u00e7eki vermi\u015ftik. Bu y\u0131l da 30 bin evlad\u0131m\u0131za \u00e7ocuk ba\u015f\u0131 1000 TL giysi \u00e7eki verdik. Yavrular\u0131m\u0131z Kurban Bayram\u0131&#8217;nda yeni elbiselerini giyecek, y\u00fczleri g\u00fclecek. Bir \u00e7ocu\u011fumuzu fazladan mutlu edebildiysek bizlere ne mutlu. T\u00fcrkiye&#8217;mizin yar\u0131nlar\u0131 olan \u00e7ocuklar\u0131m\u0131z i\u00e7in ne yapsak azd\u0131r. Bu proje sayesinde k\u00fc\u00e7\u00fck ve orta boy esnaf\u0131m\u0131z\u0131 da d\u00fc\u015f\u00fcn\u00fcyoruz &#8220;dedi.<\/span><br \/>\n<span style=\"font-family: arial, helvetica, sans-serif; font-size: 14px;\">Kapal\u0131\u00e7ar\u015f\u0131 ve Uzun\u00e7ar\u015f\u0131&#8217;daki esnaflar da s\u0131k\u0131nt\u0131l\u0131 zamanlarda B\u00fcy\u00fck\u015fehir Belediyesi&#8217;nin sosyal destek projelerinin k\u00fc\u00e7\u00fck esnafa can suyu oldu\u011funu belirterek Ba\u015fkan Alinur Akta\u015f&#8217;a te\u015fekk\u00fcrlerini ilettiler.<\/span><\/p>\n","protected":false},"excerpt":{"rendered":"<p>Bursa&#8217;da pandemi d\u00f6neminde ba\u015flayan yard\u0131m \u00e7eki uygulamas\u0131, e\u011fitim ve ramazan \u00e7eklerinin ard\u0131ndan Kurban Bayram\u0131 giysi yard\u0131m \u00e7ekleri ile devam ediyor.<\/p>\n","protected":false},"author":3,"featured_media":10752,"comment_status":"open","ping_status":"open","sticky":false,"template":"","format":"standard","meta":{"colormag_page_container_layout":"default_layout","colormag_page_sidebar_layout":"default_layout","footnotes":""},"categories":[3,1,5,8],"tags":[],"class_list":["post-10749","post","type-post","status-publish","format-standard","has-post-thumbnail","hentry","category-ekonomi","category-genel","category-gundem","category-siyaset"],"_links":{"self":[{"href":"https:\/\/marmarayerelhizmet.com\/index.php\/wp-json\/wp\/v2\/posts\/10749","targetHints":{"allow":["GET"]}}],"collection":[{"href":"https:\/\/marmarayerelhizmet.com\/index.php\/wp-json\/wp\/v2\/posts"}],"about":[{"href":"https:\/\/marmarayerelhizmet.com\/index.php\/wp-json\/wp\/v2\/types\/post"}],"author":[{"embeddable":true,"href":"https:\/\/marmarayerelhizmet.com\/index.php\/wp-json\/wp\/v2\/users\/3"}],"replies":[{"embeddable":true,"href":"https:\/\/marmarayerelhizmet.com\/index.php\/wp-json\/wp\/v2\/comments?post=10749"}],"version-history":[{"count":0,"href":"https:\/\/marmarayerelhizmet.com\/index.php\/wp-json\/wp\/v2\/posts\/10749\/revisions"}],"wp:featuredmedia":[{"embeddable":true,"href":"https:\/\/marmarayerelhizmet.com\/index.php\/wp-json\/wp\/v2\/media\/10752"}],"wp:attachment":[{"href":"https:\/\/marmarayerelhizmet.com\/index.php\/wp-json\/wp\/v2\/media?parent=10749"}],"wp:term":[{"taxonomy":"category","embeddable":true,"href":"https:\/\/marmarayerelhizmet.com\/index.php\/wp-json\/wp\/v2\/categories?post=10749"},{"taxonomy":"post_tag","embeddable":true,"href":"https:\/\/marmarayerelhizmet.com\/index.php\/wp-json\/wp\/v2\/tags?post=10749"}],"curies":[{"name":"wp","href":"https:\/\/api.w.org\/{rel}","templated":true}]}}