{"id":10712,"date":"2023-06-26T10:30:49","date_gmt":"2023-06-26T07:30:49","guid":{"rendered":"https:\/\/marmarayerelhizmet.com\/?p=10712"},"modified":"2023-06-26T10:30:49","modified_gmt":"2023-06-26T07:30:49","slug":"dunyaya-ihrac-ediliyor","status":"publish","type":"post","link":"https:\/\/marmarayerelhizmet.com\/index.php\/2023\/06\/26\/dunyaya-ihrac-ediliyor\/","title":{"rendered":"D\u00fcnyaya \u0130hra\u00e7 Ediliyor"},"content":{"rendered":"<p><strong><span style=\"font-family: arial, helvetica, sans-serif; font-size: 14px;\">Bursa\u2019da \u00f6\u011fretmen, m\u00fchendis, mali m\u00fc\u015favir gibi farkl\u0131 i\u015f kollar\u0131ndan 11 arkada\u015f taraf\u0131ndan kurulan firma, t\u0131bbi ve aromatik bitkiler sekt\u00f6r\u00fcnde ya\u011f ve hidrosol (bitki \u00f6z suyu) \u00fcreterek \u00fclke ekonomisine de\u011fer kat\u0131yor.<br \/>\n<\/span><\/strong><br \/>\n<span style=\"font-family: arial, helvetica, sans-serif; font-size: 14px;\">Ko\u015fubo\u011faz\u0131 Mahallesi\u2019nde 2016\u2019da kurduklar\u0131 tesiste lavantadan melisaya, kantorandan ekinezyaya kadar 40 \u00e7e\u015fit bitki fidesi \u00fcreten firma, yurt i\u00e7indeki ila\u00e7 ve kozmetik sanayisi i\u00e7in \u00fcretim yapan firmalara, Azerbaycan ve Bulgaristan\u2019a fide sat\u0131yor. Zamanla i\u015flerini b\u00fcy\u00fcterek \u00fcr\u00fcnlerden ya\u011f da almaya ba\u015flayan firma, elde ettikleri ya\u011flar\u0131 Almanya, \u00c7in, Japonya ve Bel\u00e7ika\u2019ya ihra\u00e7 ediyor.<\/span><br \/>\n<span style=\"font-family: arial, helvetica, sans-serif; font-size: 14px;\">T\u00fcrkiye\u2019nin t\u0131bbi ve aromatik bitki konusunda zengin oldu\u011funu kaydeden Firma Genel M\u00fcd\u00fcr\u00fc S\u00fcleyman \u0130\u015f\u00e7i, \u201cBu alanlarda \u00fcretim yapmak isteyenler i\u00e7in planl\u0131 \u00fcretim ve uzman deste\u011fi \u015fart\u201d dedi.<\/span><br \/>\n<span style=\"font-family: arial, helvetica, sans-serif; font-size: 14px;\">Tar\u0131ma ilgisi olan 11 arkada\u015f yakla\u015f\u0131k 7 y\u0131l \u00f6nce Halk E\u011fitimi Merkezi, Bursa Tar\u0131m ve Orman M\u00fcd\u00fcrl\u00fc\u011f\u00fc ile Tar\u0131m ve K\u0131rsal Kalk\u0131nmay\u0131 Destekleme Kurumunca (TKDK) d\u00fczenlenen kursa kat\u0131ld\u0131.<\/span><br \/>\n<span style=\"font-family: arial, helvetica, sans-serif; font-size: 14px;\">T\u0131bbi ve aromatik bitki yeti\u015ftiricili\u011fi e\u011fitimi alan arkada\u015flar, tesis a\u00e7arak \u00fcretim yapma karar\u0131 ald\u0131. G\u00fc\u00e7lerini birle\u015ftiren giri\u015fimciler, Mustafakemalpa\u015fa\u2019n\u0131n k\u0131rsal Ko\u015fubo\u011faz\u0131 Mahallesi\u2019nde 2016\u2019da kurduklar\u0131 tesiste lavanta, alt\u0131n otu, biberiye, civanper\u00e7emi, ayn\u0131sefa, melisa, kekik, pa\u00e7uli, \u0131t\u0131r, ada \u00e7ay\u0131, kantaron, t\u0131bbi nane, papatya, zufa otu ve ekinezya gibi 40 \u00e7e\u015fit bitkinin fidesini \u00fcretmeye ba\u015flad\u0131.<\/span><br \/>\n<span style=\"font-family: arial, helvetica, sans-serif; font-size: 14px;\">Yurt i\u00e7indeki ila\u00e7 ve kozmetik sanayisi i\u00e7in \u00fcretim yapan firmalara, Azerbaycan ve Bulgaristan\u2019a fide satan, zamanla i\u015flerini b\u00fcy\u00fcterek \u00fcr\u00fcnlerden ya\u011f da almaya ba\u015flayan firma sahipleri, elde ettikleri ya\u011flar\u0131 Almanya, \u00c7in, Japonya ve Bel\u00e7ika\u2019ya ihra\u00e7 ediyor. Firma, \u00fcr\u00fcn \u00e7e\u015fitlili\u011fini art\u0131rmak amac\u0131yla 4 milyon liral\u0131k ya\u011f \u00fcretim tesisi yat\u0131r\u0131m\u0131 projesi i\u00e7in 2 milyon lira destek almaya hak kazand\u0131. \u015eu anda y\u0131ll\u0131k 2 ton ya\u011f ve 100 ton hidrosol \u00fcreten firma, s\u00f6z konusu yat\u0131r\u0131mla bu rakamlar\u0131 5 kat\u0131na \u00e7\u0131karmay\u0131 hedefliyor.<\/span><br \/>\n<span style=\"font-family: arial, helvetica, sans-serif; font-size: 14px;\">Bitki \u00f6z suyu ve bitki \u00e7aylar\u0131 da \u00fcreten Firma ortaklar\u0131ndan Genel M\u00fcd\u00fcr S\u00fcleyman \u0130\u015fci, Fen Bilgisi \u00d6\u011fretmeni oldu\u011funu s\u00f6yledi.<\/span><br \/>\n<span style=\"font-family: arial, helvetica, sans-serif; font-size: 14px;\">Tar\u0131ma merakl\u0131 arkada\u015f grubuyla t\u0131bbi ve aromatik bitki fidesi \u00fcretimine ba\u015flad\u0131klar\u0131n\u0131 belirten \u0130\u015fci; \u201c\u00d6nce kooperatif \u015feklinde kurulmu\u015ftuk, daha sonra \u015firketle\u015ftik ve 7 y\u0131ld\u0131r T\u00fcrkiye\u2019nin ve d\u00fcnyan\u0131n bir\u00e7ok yerine aromatik bitki fidesi \u00fcretip ham madde tedarik ediyoruz. Ayn\u0131 zamanda kozmetik ve ila\u00e7 sanayi i\u00e7in ya\u011flar \u00fcretiyoruz\u201d dedi.<\/span><br \/>\n<span style=\"font-family: arial, helvetica, sans-serif; font-size: 14px;\">T\u00fcrkiye\u2019nin bir\u00e7ok b\u00f6lgesine tedarik\u00e7i olarak fide g\u00f6nderdiklerini, b\u00fcy\u00fck yat\u0131r\u0131mc\u0131lara dan\u0131\u015fmanl\u0131k hizmeti sunduklar\u0131n\u0131 bildiren S\u00fcleyman \u0130\u015fci, s\u00f6zlerini \u015f\u00f6yle s\u00fcrd\u00fcrd\u00fc; \u201cFide g\u00f6nderdi\u011fimiz firmalara, \u00fcretim yapt\u0131ktan sonra hasat edilen \u00fcr\u00fcnlerin nerelere pazarlanmas\u0131 gerekti\u011fiyle alakal\u0131 yard\u0131mc\u0131 oluyoruz. Bir k\u0131sm\u0131n\u0131 kendimiz al\u0131yoruz. Firmam\u0131z\u0131 TKDK deste\u011fiyle b\u00fcy\u00fct\u00fcyoruz. \u015eimdiki \u00fcretim tesisimizin oldu\u011fu mahallede ald\u0131\u011f\u0131m\u0131z araziye t\u0131bbi aromatik bitkiler merkezi kuruyoruz. Buras\u0131 bir e\u011fitim kompleksi \u015feklinde olacak. TKDK deste\u011fiyle oraya ya\u011f \u00fcretim tesisi kuruyoruz. Makinelerin kurulumu ba\u015flad\u0131, \u00e7ok k\u0131sa zamanda \u00fcretim ba\u015flayacak. Tam te\u015fekk\u00fcll\u00fc t\u0131bbi ve aromatik bitki yeti\u015ftirme merkezi kurmu\u015f olaca\u011f\u0131z&#8221;<\/span><br \/>\n<span style=\"font-family: arial, helvetica, sans-serif; font-size: 14px;\">\u015eu an yakla\u015f\u0131k 6 d\u00f6n\u00fcmde 20 ki\u015filik istihdam olu\u015fturduklar\u0131n\u0131 ifade eden \u0130\u015fci, yeni a\u00e7\u0131lacak 6 d\u00f6n\u00fcml\u00fck alanla istihdam say\u0131s\u0131n\u0131n ikiye katlanaca\u011f\u0131n\u0131 vurgulad\u0131.<\/span><br \/>\n<span style=\"font-family: arial, helvetica, sans-serif; font-size: 14px;\">S\u00fcleyman \u0130\u015fci, firmay\u0131 kuran arkada\u015flar\u0131n\u0131n bir yandan da kendi i\u015flerine devam etti\u011fini belirterek; \u201c7 y\u0131l \u00f6nce biz bu i\u015fe ba\u015flarken sekt\u00f6rde a\u00e7\u0131k\u00e7as\u0131 \u00e7ok bo\u015fluk vard\u0131. Mesela u\u00e7ucu ya\u011f elde edecek makine \u00fcretimi yoktu. Biz k\u0131sa s\u00fcrede distilasyon (dam\u0131tma) makineleri \u00fcrettik. Hasat makinesi s\u0131k\u0131nt\u0131s\u0131 vard\u0131. Biz kendimiz AR-GE \u00e7al\u0131\u015fmas\u0131 yaparak hasat makinesi \u00fcrettik. Ayr\u0131ca bitkide \u00f6nemli \u00fcr\u00fcnlerin \u00fcretimini art\u0131rd\u0131k\u201d diye konu\u015ftu.<\/span><br \/>\n<span style=\"font-family: arial, helvetica, sans-serif; font-size: 14px;\">T\u00fcrkiye\u2019nin t\u0131bbi ve aromatik bitki konusunda zengin oldu\u011funu kaydeden \u0130\u015fci, \u201c\u00dclkemizdeki bitkileri biraz daha \u00f6n plana \u00e7\u0131karmaya \u00e7al\u0131\u015ft\u0131k. Onlar bilinsin, daha bilin\u00e7li yeti\u015ftirilsin. D\u0131\u015far\u0131dan bilin\u00e7sizce toplay\u0131c\u0131lar taraf\u0131ndan zarar verilmeden, \u00fcretimi azalt\u0131lmas\u0131n. Biz bunu daha b\u00f6yle kurulu bah\u00e7elerle planl\u0131 hale getirelim d\u00fc\u015f\u00fcncesinde olduk. \u00dclkemizde b\u00f6lgesel hangi \u00fcr\u00fcnler daha iyiyse o \u00fcr\u00fcnlerin \u00fcretilmesi ve art\u0131r\u0131lmas\u0131 taraf\u0131nday\u0131z\u201d ifadesini kulland\u0131.<\/span><\/p>\n","protected":false},"excerpt":{"rendered":"<p>Bursa\u2019da \u00f6\u011fretmen, m\u00fchendis, mali m\u00fc\u015favir gibi farkl\u0131 i\u015f kollar\u0131ndan 11 arkada\u015f taraf\u0131ndan kurulan firma, t\u0131bbi ve aromatik bitkiler sekt\u00f6r\u00fcnde ya\u011f<\/p>\n","protected":false},"author":3,"featured_media":10725,"comment_status":"open","ping_status":"open","sticky":false,"template":"","format":"standard","meta":{"colormag_page_container_layout":"default_layout","colormag_page_sidebar_layout":"default_layout","footnotes":""},"categories":[1,5],"tags":[],"class_list":["post-10712","post","type-post","status-publish","format-standard","has-post-thumbnail","hentry","category-genel","category-gundem"],"_links":{"self":[{"href":"https:\/\/marmarayerelhizmet.com\/index.php\/wp-json\/wp\/v2\/posts\/10712","targetHints":{"allow":["GET"]}}],"collection":[{"href":"https:\/\/marmarayerelhizmet.com\/index.php\/wp-json\/wp\/v2\/posts"}],"about":[{"href":"https:\/\/marmarayerelhizmet.com\/index.php\/wp-json\/wp\/v2\/types\/post"}],"author":[{"embeddable":true,"href":"https:\/\/marmarayerelhizmet.com\/index.php\/wp-json\/wp\/v2\/users\/3"}],"replies":[{"embeddable":true,"href":"https:\/\/marmarayerelhizmet.com\/index.php\/wp-json\/wp\/v2\/comments?post=10712"}],"version-history":[{"count":0,"href":"https:\/\/marmarayerelhizmet.com\/index.php\/wp-json\/wp\/v2\/posts\/10712\/revisions"}],"wp:featuredmedia":[{"embeddable":true,"href":"https:\/\/marmarayerelhizmet.com\/index.php\/wp-json\/wp\/v2\/media\/10725"}],"wp:attachment":[{"href":"https:\/\/marmarayerelhizmet.com\/index.php\/wp-json\/wp\/v2\/media?parent=10712"}],"wp:term":[{"taxonomy":"category","embeddable":true,"href":"https:\/\/marmarayerelhizmet.com\/index.php\/wp-json\/wp\/v2\/categories?post=10712"},{"taxonomy":"post_tag","embeddable":true,"href":"https:\/\/marmarayerelhizmet.com\/index.php\/wp-json\/wp\/v2\/tags?post=10712"}],"curies":[{"name":"wp","href":"https:\/\/api.w.org\/{rel}","templated":true}]}}