{"id":10711,"date":"2023-06-26T10:29:31","date_gmt":"2023-06-26T07:29:31","guid":{"rendered":"https:\/\/marmarayerelhizmet.com\/?p=10711"},"modified":"2023-06-26T10:29:31","modified_gmt":"2023-06-26T07:29:31","slug":"bisikletiyle-turkiyeyi-dolasiyor","status":"publish","type":"post","link":"https:\/\/marmarayerelhizmet.com\/index.php\/2023\/06\/26\/bisikletiyle-turkiyeyi-dolasiyor\/","title":{"rendered":"Bisikletiyle T\u00fcrkiye&#8217;yi Dola\u015f\u0131yor"},"content":{"rendered":"<p><strong><span style=\"font-family: arial, helvetica, sans-serif; font-size: 14px;\">Cumhuriyetin 100. y\u0131l co\u015fkusunu ya\u015famak i\u00e7in bisikletiyle T\u00fcrkiye turunu \u00e7\u0131kan sporcu Mustafa Ta\u015fy\u0131ld\u0131z, gezisini 41 g\u00fcnde tamamlamay\u0131 planl\u0131yor.<br \/>\n<\/span><\/strong><br \/>\n<span style=\"font-family: arial, helvetica, sans-serif; font-size: 14px;\">T\u00fcrkiye Cumhuriyeti&#8217;nin 100. kurulu\u015f y\u0131l d\u00f6n\u00fcm\u00fcne anlam katmak isteyen Mustafa Ta\u015fy\u0131ld\u0131z, 6 g\u00fcn \u00f6nce Ordu&#8217;nun Korgan il\u00e7esinden bisikletiyle yola \u00e7\u0131kt\u0131. 5 bin 555 kilometre yol kat ederek, T\u00fcrkiye&#8217;yi dola\u015fmay\u0131 planlayan Mustafa Ta\u015fy\u0131ld\u0131z, turunun 6. g\u00fcn\u00fcnde D\u00fczce&#8217;de mola verdi. D\u00fczce Bisiklet Federasyonu \u0130l Temsilcisi Selim Cic\u00fc ve bisiklet\u00e7i gen\u00e7lerle bir araya gelen Mustafa Ta\u015fy\u0131ld\u0131z, molas\u0131n\u0131n ard\u0131ndan Hendek&#8217;e gitmek \u00fczere D\u00fczceli bisiklet\u00e7ilerle birlikte yeniden yola koyuldu.<\/span><\/p>\n<p><strong><span style=\"font-family: arial, helvetica, sans-serif; font-size: 14px;\">&#8220;5 bin 555 kilometrelik T\u00fcrkiye turuna \u00e7\u0131kt\u0131m&#8221;<\/span><\/strong><br \/>\n<span style=\"font-family: arial, helvetica, sans-serif; font-size: 14px;\">T\u00fcrkiye turuna \u00e7\u0131kan Ta\u015fy\u0131ld\u0131z, &#8220;Cumhuriyetimizin kurulu\u015funun 100. y\u0131l\u0131 dolay\u0131s\u0131yla Ordu&#8217;ya ba\u011fl\u0131 Korgan&#8217;dan hareketle \u00f6nce en bat\u0131da Edirne&#8217;den, en g\u00fcneye \u0130zmir&#8217;e, oradan da en do\u011fuya Hakkari&#8217;ye, ard\u0131ndan da en kuzeye Hopa, sonra tekrar Ordu Korgan olmak \u00fczere 5 bin 555 kilometrelik T\u00fcrkiye turuna \u00e7\u0131kt\u0131m. 41 g\u00fcnde bitirmeye hedefliyorum. Bug\u00fcn 6. g\u00fcn\u00fcm ve D\u00fczce&#8217;de konaklad\u0131m. D\u00fczce\u2019nin \u00e7ocu\u011fu sevgili arkada\u015f\u0131m Selim Cic\u00fc \u00e7ok ilgilendi sa\u011f olsun. Burada misafir etti. Herhangi bir problem olmad\u0131. Yol boyu herkes \u00e7ok yard\u0131mc\u0131 ve destek oluyor. Bu konuda herkese \u00e7ok te\u015fekk\u00fcr ediyorum. Cumhuriyetimizin 100. y\u0131l\u0131 \u015fimdiden kutlu olsun diyorum&#8221; dedi.<\/span><\/p>\n<p><strong><span style=\"font-family: arial, helvetica, sans-serif; font-size: 14px;\">&#8220;Her gitti\u011fim yerde etap etap isim veriyorum&#8221;<\/span><\/strong><br \/>\n<span style=\"font-family: arial, helvetica, sans-serif; font-size: 14px;\">Mustafa Ta\u015fy\u0131ld\u0131z, s\u00f6zlerini \u015f\u00f6yle s\u00fcrd\u00fcrd\u00fc:<\/span><br \/>\n<span style=\"font-family: arial, helvetica, sans-serif; font-size: 14px;\">&#8220;Her gitti\u011fim yerde etap etap isim veriyorum. Ordu&#8217;da d\u00fcnya \u015fampiyonumuz Mustafa B\u00fcy\u00fck ismini vererek ba\u015flam\u0131\u015ft\u0131m. D\u00fczce&#8217;ye geldi\u011fimizde de sevgili arkada\u015f\u0131m Selim Cic\u00fc, 2 \u015fehidimizin ismini s\u00f6ylemi\u015fti. D\u00fczce etab\u0131n\u0131 iki \u015fehidimizin de hat\u0131r\u0131 kalmas\u0131n diye ikiye ay\u0131rd\u0131k. \u015eimdi bundan sonra Hendek\u2019e hareket edece\u011fiz. O etab\u0131n ismi de rahmetli Gaffar Okan olacak. Bu \u015fekilde b\u00fcy\u00fcklerimizin, \u015fehitlerimizin, tarihte yer edilmi\u015f insanlar\u0131m\u0131z\u0131n isimlerini bu t\u00fcr etkinliklere vererek anlamland\u0131rmak istiyorum&#8221;<\/span><\/p>\n<p><strong><span style=\"font-family: arial, helvetica, sans-serif; font-size: 14px;\">&#8220;Arabadan inin art\u0131k bisiklete binin&#8221;<\/span><\/strong><br \/>\n<span style=\"font-family: arial, helvetica, sans-serif; font-size: 14px;\">Mustafa Ta\u015fy\u0131ld\u0131z&#8217;\u0131n duygu y\u00fckl\u00fc bir tura \u00e7\u0131kt\u0131\u011f\u0131n\u0131 ifade eden D\u00fczce Bisiklet \u0130l Temsilcisi Selim Cic\u00fc ise &#8220;Bolu-Kayna\u015fl\u0131 etab\u0131n\u0131 \u015fehit Sabri Alt\u0131nba\u015f etab\u0131, Kayna\u015fl\u0131-D\u00fczce etab\u0131na da \u015fehit Ufuk Baysan etab\u0131 yapt\u0131k. D\u00fczce-Hendek etab\u0131 da rahmetli Gaffar Okan etab\u0131 olacak. Hem \u015fehitlerimizi anaca\u011f\u0131z hem de o \u015fehrin, o \u015fehre m\u00e2l olmu\u015f, \u00fclkeye m\u00e2l olmu\u015f, memleketime m\u00e2l olmu\u015f insanlar\u0131 hat\u0131rlayarak, b\u00f6yle devam edece\u011fiz. Karde\u015flerimizle beraber Mustafa abimize Hendek&#8217;e kadar e\u015flik edece\u011fiz. Orada mezarl\u0131k ziyaretimizde olacak. Bu arada herkese tavsiyem arabadan inin art\u0131k bisiklete binin&#8221; diye konu\u015ftu.<\/span><\/p>\n","protected":false},"excerpt":{"rendered":"<p>Cumhuriyetin 100. y\u0131l co\u015fkusunu ya\u015famak i\u00e7in bisikletiyle T\u00fcrkiye turunu \u00e7\u0131kan sporcu Mustafa Ta\u015fy\u0131ld\u0131z, gezisini 41 g\u00fcnde tamamlamay\u0131 planl\u0131yor. T\u00fcrkiye Cumhuriyeti&#8217;nin<\/p>\n","protected":false},"author":3,"featured_media":10724,"comment_status":"open","ping_status":"open","sticky":false,"template":"","format":"standard","meta":{"colormag_page_container_layout":"default_layout","colormag_page_sidebar_layout":"default_layout","footnotes":""},"categories":[1,5],"tags":[],"class_list":["post-10711","post","type-post","status-publish","format-standard","has-post-thumbnail","hentry","category-genel","category-gundem"],"_links":{"self":[{"href":"https:\/\/marmarayerelhizmet.com\/index.php\/wp-json\/wp\/v2\/posts\/10711","targetHints":{"allow":["GET"]}}],"collection":[{"href":"https:\/\/marmarayerelhizmet.com\/index.php\/wp-json\/wp\/v2\/posts"}],"about":[{"href":"https:\/\/marmarayerelhizmet.com\/index.php\/wp-json\/wp\/v2\/types\/post"}],"author":[{"embeddable":true,"href":"https:\/\/marmarayerelhizmet.com\/index.php\/wp-json\/wp\/v2\/users\/3"}],"replies":[{"embeddable":true,"href":"https:\/\/marmarayerelhizmet.com\/index.php\/wp-json\/wp\/v2\/comments?post=10711"}],"version-history":[{"count":0,"href":"https:\/\/marmarayerelhizmet.com\/index.php\/wp-json\/wp\/v2\/posts\/10711\/revisions"}],"wp:featuredmedia":[{"embeddable":true,"href":"https:\/\/marmarayerelhizmet.com\/index.php\/wp-json\/wp\/v2\/media\/10724"}],"wp:attachment":[{"href":"https:\/\/marmarayerelhizmet.com\/index.php\/wp-json\/wp\/v2\/media?parent=10711"}],"wp:term":[{"taxonomy":"category","embeddable":true,"href":"https:\/\/marmarayerelhizmet.com\/index.php\/wp-json\/wp\/v2\/categories?post=10711"},{"taxonomy":"post_tag","embeddable":true,"href":"https:\/\/marmarayerelhizmet.com\/index.php\/wp-json\/wp\/v2\/tags?post=10711"}],"curies":[{"name":"wp","href":"https:\/\/api.w.org\/{rel}","templated":true}]}}