{"id":10522,"date":"2023-06-23T11:53:32","date_gmt":"2023-06-23T08:53:32","guid":{"rendered":"https:\/\/marmarayerelhizmet.com\/?p=10522"},"modified":"2023-06-23T11:53:32","modified_gmt":"2023-06-23T08:53:32","slug":"eyupsultan-evleri-teslim-ediliyor","status":"publish","type":"post","link":"https:\/\/marmarayerelhizmet.com\/index.php\/2023\/06\/23\/eyupsultan-evleri-teslim-ediliyor\/","title":{"rendered":"Ey\u00fcpsultan Evleri Teslim Ediliyor"},"content":{"rendered":"<p><strong><span style=\"font-family: arial, helvetica, sans-serif; font-size: 14px;\">Gaziantep&#8217;in \u0130slahiye il\u00e7esinde Ey\u00fcpsultan Belediyesi taraf\u0131ndan yap\u0131lan kal\u0131c\u0131 deprem konutlar\u0131n\u0131n anahtar teslim t\u00f6reni yap\u0131ld\u0131.<br \/>\n<\/span><\/strong><br \/>\n<span style=\"font-family: arial, helvetica, sans-serif; font-size: 14px;\">6 \u015eubat tarihinde Kahramanmara\u015f merkezli depremden etkilenen Gaziantep\u2019in \u0130slahiye il\u00e7esinde, Ey\u00fcpsultan Belediyesi taraf\u0131ndan 55 g\u00fcn i\u00e7inde yap\u0131m\u0131 tamamlanan 13 konut sahiplerine teslim edildi. \u0130slahiye\u2019de ger\u00e7ekle\u015fen t\u00f6rene Gaziantep Vali Vekili Muhammet \u00d6nder, Gaziantep B\u00fcy\u00fck\u015fehir Belediye Ba\u015fkan\u0131 Fatma \u015eahin ve Ey\u00fcp Sultan Belediye Ba\u015fkan\u0131 Deniz K\u00f6ken ve \u0130l protokol\u00fc kat\u0131ld\u0131.<br \/>\n<\/span><br \/>\n<strong><span style=\"font-family: arial, helvetica, sans-serif; font-size: 14px;\">Fatma \u015eahin\u2019den, Deniz K\u00f6ken\u2019e te\u015fekk\u00fcr<\/span><\/strong><br \/>\n<span style=\"font-family: arial, helvetica, sans-serif; font-size: 14px;\">Kal\u0131c\u0131 deprem konutlar\u0131n\u0131n anahtar teslim t\u00f6reninde a\u00e7\u0131l\u0131\u015f konu\u015fmas\u0131 yapan Gaziantep B\u00fcy\u00fck\u015fehir Belediye Ba\u015fkan\u0131 Fatma \u015eahin, depremin ard\u0131ndan Ey\u00fcpsultan Belediyesi\u2019nin deste\u011finin her zaman oldu\u011funu vurgulayarak, \u201cSa\u011f\u0131na bak\u0131yorsun Ey\u00fcpsultan orada, bir \u015feyler yapmaya \u00e7al\u0131\u015f\u0131yor. Neyi varsa vermeye \u00e7al\u0131\u015f\u0131yor. Bu \u00e7ok k\u0131ymetli bir \u015fey. Bu sebeple Ey\u00fcpsultan Belediye Ba\u015fkan\u0131 Deniz K\u00f6ken\u2019e te\u015fekk\u00fcr ediyorum. B\u00fcy\u00fck millet olman\u0131n gere\u011fi yap\u0131ld\u0131. Herkes buraya ko\u015ftu. B\u00fct\u00fcn d\u00fcnya buraya ko\u015ftu. \u015eimdi kar\u015f\u0131m\u0131zda kal\u0131c\u0131 konutlarla Ey\u00fcpsultan ba\u015fkan\u0131m\u0131z\u0131n, il\u00e7e ba\u015fkan\u0131m\u0131z\u0131n \u015fahitli\u011fiyle bug\u00fcn a\u00e7\u0131l\u0131\u015f\u0131n\u0131 yap\u0131yoruz.\u201d dedi.<br \/>\n<\/span><br \/>\n<strong><span style=\"font-family: arial, helvetica, sans-serif; font-size: 14px;\">\u201cBiz deprem ya\u015famad\u0131k, k\u00fc\u00e7\u00fck k\u0131yamet ya\u015fad\u0131k\u201d<\/span><\/strong><br \/>\n<span style=\"font-family: arial, helvetica, sans-serif; font-size: 14px;\">Ya\u015fanan deprem felaketinin ard\u0131ndan \u00e7al\u0131\u015fma detaylar\u0131 hakk\u0131nda bilgi veren \u015eahin \u015fu s\u00f6zlerle devam etti: \u201c\u0130nsan \u00f6mr\u00fcnde belli tarihler vard\u0131r hi\u00e7 unutulmaz. 6 \u015fubatta o g\u00fcn bir tarih oldu hepimiz i\u00e7in. Biz deprem ya\u015famad\u0131k, k\u00fc\u00e7\u00fck k\u0131yamet ya\u015fad\u0131k. O kadar a\u011f\u0131r bir s\u0131nava girdik ki. \u00d6ncesi, s\u0131ras\u0131, sonras\u0131 diye deprem master plan\u0131 yapm\u0131\u015ft\u0131k. Hi\u00e7bir master plan\u0131n\u0131n uygulamas\u0131 m\u00fcmk\u00fcn de\u011fildi. 15 milyon insan, 11 \u015fehir \u00e7ok b\u00fcy\u00fck bir alan. Herkes kendi can\u0131 derdine d\u00fc\u015ft\u00fc. Biz sizin emrinizdeyiz. T\u00fcrkiye y\u00fczy\u0131l\u0131 dedik. Biz bu d\u00fcnyay\u0131 birlikte cennete d\u00f6n\u00fc\u015ft\u00fcrece\u011fiz. T\u00fcrkiye y\u00fczy\u0131l\u0131 depremden zarar g\u00f6ren, can\u0131 yanan, Allah\u2019\u0131na \u015f\u00fckredip, liderine inanan ve bunun i\u00e7in gayret g\u00f6steren \u0130slahiye\u2019nin Y\u00fczy\u0131l\u0131 olacak.\u201d<br \/>\n<\/span><br \/>\n<strong><span style=\"font-family: arial, helvetica, sans-serif; font-size: 14px;\">&#8220;Afetzedelerin yaralar\u0131 bir bir sar\u0131l\u0131yor&#8221;<\/span><\/strong><br \/>\n<span style=\"font-family: arial, helvetica, sans-serif; font-size: 14px;\">Gaziantep Vali Vekili Muhammet \u00d6nder, 6 \u015eubat depreminde vefat eden vatanda\u015flara rahmet dileyerek, \u201cDepremin ilk g\u00fcn\u00fcnden beri Cumhurba\u015fkan\u0131m\u0131z, bakanlar\u0131m\u0131z, Koordinat\u00f6r valilerimiz, m\u00fclki idare amirlerimiz, belediye ba\u015fkanlar\u0131m\u0131z ve her birimiz elimizde olan imkanlar\u0131 sonuna kadar kullanarak b\u00f6lgeye hizmet etmeye \u00e7al\u0131\u015ft\u0131k. Yaralar\u0131n sar\u0131lmas\u0131na \u00e7al\u0131\u015ft\u0131k. Bu yara sarma faaliyetlerinden bir tanesi de Ey\u00fcpsultan Belediye Ba\u015fkan\u0131m\u0131z\u0131n hediye etmi\u015f oldu\u011fu konutlar\u0131n a\u00e7\u0131l\u0131\u015f\u0131 i\u00e7in buraday\u0131z\u201d diye konu\u015ftu.<br \/>\n<\/span><br \/>\n<strong><span style=\"font-family: arial, helvetica, sans-serif; font-size: 14px;\">&#8220;Yap\u0131l\u0131nca g\u00fczel \u015feyler olabiliyor&#8221;<\/span><\/strong><br \/>\n<span style=\"font-family: arial, helvetica, sans-serif; font-size: 14px;\">Ey\u00fcpsultan Belediye Ba\u015fkan\u0131 Deniz K\u00f6ken, depremin ard\u0131ndan \u0130slahiye il\u00e7esi i\u00e7in gereken her \u00e7al\u0131\u015fmaya destek verdiklerini belirterek, \u201cAfetler her zaman her tarihte olmu\u015ftur. Bu d\u00f6nem biraz daha farkl\u0131 oldu. Bu b\u00f6lgenin \u00f6l\u00e7\u00fcs\u00fc biraz daha b\u00fcy\u00fck oldu. Bu s\u00fcre\u00e7ten sonra biz hem a\u015fevi \u00e7al\u0131\u015fmas\u0131 hem ya\u015fam alan\u0131 derken buray\u0131 kurduk. Bize uzun vadede kullan\u0131lacak evler laz\u0131m dediler. Sonucunda bu \u00e7al\u0131\u015fma ortaya \u00e7\u0131kt\u0131. Yap\u0131l\u0131nca g\u00fczel \u015feyler olabiliyor. Yeter ki gayret edelim. 55 g\u00fcnde 50 metrekare bah\u00e7esi olmak \u00fczere toplamda 100 metrekare kullan\u0131m alan\u0131 gibi oldu.\u201d diye konu\u015ftu.<\/span><br \/>\n<span style=\"font-family: arial, helvetica, sans-serif; font-size: 14px;\">Konu\u015fmalar\u0131n ard\u0131ndan depremzedelere y\u00f6nelik kal\u0131c\u0131 konutlar\u0131n anahtar teslim t\u00f6renine ge\u00e7ildi. Protokol \u00fcyeleriyle ve \u00e7ocuklarla kurdele kesim t\u00f6reni yap\u0131ld\u0131. Program\u0131n sonunda konut hak sahipleri ile protokol \u00fcyeleri g\u00fcn\u00fcn an\u0131s\u0131na foto\u011fraf \u00e7ektirdi. Program\u0131n ard\u0131ndan protokol \u00fcyeleri yap\u0131lan konutlar\u0131 incelemede bulundu.<\/span><\/p>\n","protected":false},"excerpt":{"rendered":"<p>Gaziantep&#8217;in \u0130slahiye il\u00e7esinde Ey\u00fcpsultan Belediyesi taraf\u0131ndan yap\u0131lan kal\u0131c\u0131 deprem konutlar\u0131n\u0131n anahtar teslim t\u00f6reni yap\u0131ld\u0131. 6 \u015eubat tarihinde Kahramanmara\u015f merkezli depremden<\/p>\n","protected":false},"author":3,"featured_media":10534,"comment_status":"open","ping_status":"open","sticky":false,"template":"","format":"standard","meta":{"colormag_page_container_layout":"default_layout","colormag_page_sidebar_layout":"default_layout","footnotes":""},"categories":[1,5,8],"tags":[],"class_list":["post-10522","post","type-post","status-publish","format-standard","has-post-thumbnail","hentry","category-genel","category-gundem","category-siyaset"],"_links":{"self":[{"href":"https:\/\/marmarayerelhizmet.com\/index.php\/wp-json\/wp\/v2\/posts\/10522","targetHints":{"allow":["GET"]}}],"collection":[{"href":"https:\/\/marmarayerelhizmet.com\/index.php\/wp-json\/wp\/v2\/posts"}],"about":[{"href":"https:\/\/marmarayerelhizmet.com\/index.php\/wp-json\/wp\/v2\/types\/post"}],"author":[{"embeddable":true,"href":"https:\/\/marmarayerelhizmet.com\/index.php\/wp-json\/wp\/v2\/users\/3"}],"replies":[{"embeddable":true,"href":"https:\/\/marmarayerelhizmet.com\/index.php\/wp-json\/wp\/v2\/comments?post=10522"}],"version-history":[{"count":0,"href":"https:\/\/marmarayerelhizmet.com\/index.php\/wp-json\/wp\/v2\/posts\/10522\/revisions"}],"wp:featuredmedia":[{"embeddable":true,"href":"https:\/\/marmarayerelhizmet.com\/index.php\/wp-json\/wp\/v2\/media\/10534"}],"wp:attachment":[{"href":"https:\/\/marmarayerelhizmet.com\/index.php\/wp-json\/wp\/v2\/media?parent=10522"}],"wp:term":[{"taxonomy":"category","embeddable":true,"href":"https:\/\/marmarayerelhizmet.com\/index.php\/wp-json\/wp\/v2\/categories?post=10522"},{"taxonomy":"post_tag","embeddable":true,"href":"https:\/\/marmarayerelhizmet.com\/index.php\/wp-json\/wp\/v2\/tags?post=10522"}],"curies":[{"name":"wp","href":"https:\/\/api.w.org\/{rel}","templated":true}]}}