{"id":10516,"date":"2023-06-23T10:05:35","date_gmt":"2023-06-23T07:05:35","guid":{"rendered":"https:\/\/marmarayerelhizmet.com\/?p=10516"},"modified":"2023-06-23T12:12:14","modified_gmt":"2023-06-23T09:12:14","slug":"ayvacik-antep-fistigi-markalasacak","status":"publish","type":"post","link":"https:\/\/marmarayerelhizmet.com\/index.php\/2023\/06\/23\/ayvacik-antep-fistigi-markalasacak\/","title":{"rendered":"Ayvac\u0131k Antep F\u0131st\u0131\u011f\u0131 Markala\u015facak"},"content":{"rendered":"<p><strong><span style=\"font-family: arial, helvetica, sans-serif; font-size: 14px;\">Sanayi ve Teknoloji Bakanl\u0131\u011f\u0131 Kalk\u0131nma Ajanslar\u0131 Genel M\u00fcd\u00fcrl\u00fc\u011f\u00fc koordinasyonunda \u00e7al\u0131\u015fmalar\u0131n\u0131 y\u00fcr\u00fcten G\u00fcney Marmara Kalk\u0131nma Ajans\u0131\u2019n\u0131n (GMKA), 2022 Y\u0131l\u0131 K\u0131rsal Ekonominin Geli\u015ftirilmesi Mali Destek Program\u0131 ile desteklenmeye hak kazanan proje ile \u00c7anakkale Ayvac\u0131k\u2019ta 4650 dekar alanda ortalama 500 ton Antep f\u0131st\u0131\u011f\u0131 yeti\u015ftiricili\u011fi yapan sekiz k\u00f6y\u00fcn mahsul\u00fcn\u00fcn katma de\u011fer kazanaca\u011f\u0131 i\u015fleme ve paketleme tesisi kuruluyor.<\/span><\/strong><\/p>\n<p><span style=\"font-family: arial, helvetica, sans-serif; font-size: 14px;\">Ayvac\u0131k K\u00f6ylere Hizmet G\u00f6t\u00fcrme Birli\u011fi\u2019nin yararlan\u0131c\u0131s\u0131 oldu\u011fu proje ile kurulacak i\u015fleme ve paketleme tesisi ile Ayvac\u0131k\u2019ta \u00fcretilen \u00fcr\u00fcnlerin il\u00e7e i\u00e7inde i\u015flenmesi ve paketlenmesi ile \u00fcreticilerimizin \u00fcr\u00fcnlerine katma de\u011fer sa\u011flanacak.<\/span><\/p>\n<p><span style=\"font-family: arial, helvetica, sans-serif; font-size: 14px;\">Ger\u00e7ekle\u015ftirilen s\u00f6zle\u015fme t\u00f6reninde Ayvac\u0131k Kaymakam\u0131 \u0130lker Eker ve G\u00fcney Marmara Kalk\u0131nma Ajans\u0131 Genel Sekreteri Abdullah G\u00fc\u00e7 taraf\u0131ndan Ayvac\u0131k Antep f\u0131st\u0131\u011f\u0131 ad\u0131 alt\u0131nda markala\u015fma s\u00fcrecinde \u00fcreticilerimize katk\u0131 sa\u011flamak amac\u0131yla hayata ge\u00e7irilen projede imzalar at\u0131ld\u0131.<\/span><\/p>\n<p><strong><span style=\"font-family: arial, helvetica, sans-serif; font-size: 14px;\">\u00c7ift\u00e7ilere \u0130yi Bir Gelir Kayna\u011f\u0131 Olu\u015fturulmas\u0131 Hedefleniyor<\/span><\/strong><\/p>\n<p><span style=\"font-family: arial, helvetica, sans-serif; font-size: 14px;\">Projenin uygulama alan\u0131 Ayvac\u0131k il\u00e7esinde Antep f\u0131st\u0131\u011f\u0131 yeti\u015ftiricili\u011fi yap\u0131lmakta olan \u00fcreticilerin y\u00f6rede Antep f\u0131st\u0131\u011f\u0131na olan talep ve ilgiyi kar\u015f\u0131lamak, s\u00fcreklili\u011fi sa\u011flamak, ekili\u015f alanlar\u0131n\u0131 ve \u00fcretim miktar\u0131n\u0131 art\u0131rmak hedefleniyor. Bu proje ile Ayvac\u0131k il\u00e7esinde \u00e7o\u011funlukla; Ahmet\u00e7e, Sazl\u0131, \u0130lyasfak\u0131, Kuruaba, B\u00fcy\u00fckhusun, \u015eapk\u00f6y, Erecek ve K\u00fc\u00e7\u00fck\u00e7etmi k\u00f6ylerinde \u00fcretim yapan \u00fcreticiler hasat ettikleri \u00fcr\u00fcnlerin i\u015flenmesi ve paketlemesini yapma ikan\u0131 bulacak.<\/span><\/p>\n<p><span style=\"font-family: arial, helvetica, sans-serif; font-size: 14px;\">Projenin faaliyete ge\u00e7irilmesi ile bitkisel \u00fcretimde Antep f\u0131st\u0131\u011f\u0131 ve \u00fcr\u00fcn \u00e7e\u015fitlili\u011finin devaml\u0131l\u0131\u011f\u0131, y\u0131l i\u00e7indeki gelir da\u011f\u0131l\u0131m\u0131n\u0131n optimize edilmesi, i\u015f g\u00fcc\u00fcn\u00fcn y\u0131l i\u00e7ine da\u011f\u0131t\u0131lmas\u0131, \u00e7ift\u00e7ilere iyi bir gelir kayna\u011f\u0131n\u0131n olu\u015fturulmas\u0131 hedefleniyor. Alternatif ve karl\u0131 \u00fcr\u00fcnler sa\u011flamak i\u00e7in kaliteli \u00fcretimin il i\u00e7i ve il d\u0131\u015f\u0131 pazarlara sat\u0131\u015f yap\u0131lmas\u0131na da olanak sa\u011flayacak. Ayr\u0131ca il\u00e7ede Ayvac\u0131k Antep f\u0131st\u0131\u011f\u0131 markas\u0131 ad\u0131 alt\u0131nda il\u00e7ede de \u00fcretim yap\u0131ld\u0131\u011f\u0131 bilinecek.<\/span><\/p>\n<p><span style=\"font-family: arial, helvetica, sans-serif; font-size: 14px;\">Toplam b\u00fct\u00e7esi 2.540.295,68 TL olan projede 1.905.221,76 TL\u2019lik tutar GMKA hibe deste\u011fi ile olarak sa\u011flanacak.<\/span><\/p>\n<p>&nbsp;<\/p>\n","protected":false},"excerpt":{"rendered":"<p>Sanayi ve Teknoloji Bakanl\u0131\u011f\u0131 Kalk\u0131nma Ajanslar\u0131 Genel M\u00fcd\u00fcrl\u00fc\u011f\u00fc koordinasyonunda \u00e7al\u0131\u015fmalar\u0131n\u0131 y\u00fcr\u00fcten G\u00fcney Marmara Kalk\u0131nma Ajans\u0131\u2019n\u0131n (GMKA), 2022 Y\u0131l\u0131 K\u0131rsal Ekonominin<\/p>\n","protected":false},"author":3,"featured_media":10518,"comment_status":"open","ping_status":"open","sticky":false,"template":"","format":"standard","meta":{"colormag_page_container_layout":"default_layout","colormag_page_sidebar_layout":"default_layout","footnotes":""},"categories":[3,1,5],"tags":[],"class_list":["post-10516","post","type-post","status-publish","format-standard","has-post-thumbnail","hentry","category-ekonomi","category-genel","category-gundem"],"_links":{"self":[{"href":"https:\/\/marmarayerelhizmet.com\/index.php\/wp-json\/wp\/v2\/posts\/10516","targetHints":{"allow":["GET"]}}],"collection":[{"href":"https:\/\/marmarayerelhizmet.com\/index.php\/wp-json\/wp\/v2\/posts"}],"about":[{"href":"https:\/\/marmarayerelhizmet.com\/index.php\/wp-json\/wp\/v2\/types\/post"}],"author":[{"embeddable":true,"href":"https:\/\/marmarayerelhizmet.com\/index.php\/wp-json\/wp\/v2\/users\/3"}],"replies":[{"embeddable":true,"href":"https:\/\/marmarayerelhizmet.com\/index.php\/wp-json\/wp\/v2\/comments?post=10516"}],"version-history":[{"count":0,"href":"https:\/\/marmarayerelhizmet.com\/index.php\/wp-json\/wp\/v2\/posts\/10516\/revisions"}],"wp:featuredmedia":[{"embeddable":true,"href":"https:\/\/marmarayerelhizmet.com\/index.php\/wp-json\/wp\/v2\/media\/10518"}],"wp:attachment":[{"href":"https:\/\/marmarayerelhizmet.com\/index.php\/wp-json\/wp\/v2\/media?parent=10516"}],"wp:term":[{"taxonomy":"category","embeddable":true,"href":"https:\/\/marmarayerelhizmet.com\/index.php\/wp-json\/wp\/v2\/categories?post=10516"},{"taxonomy":"post_tag","embeddable":true,"href":"https:\/\/marmarayerelhizmet.com\/index.php\/wp-json\/wp\/v2\/tags?post=10516"}],"curies":[{"name":"wp","href":"https:\/\/api.w.org\/{rel}","templated":true}]}}