{"id":10496,"date":"2023-06-22T12:08:14","date_gmt":"2023-06-22T09:08:14","guid":{"rendered":"https:\/\/marmarayerelhizmet.com\/?p=10496"},"modified":"2023-06-22T14:14:06","modified_gmt":"2023-06-22T11:14:06","slug":"kacak-tesis-yikildi","status":"publish","type":"post","link":"https:\/\/marmarayerelhizmet.com\/index.php\/2023\/06\/22\/kacak-tesis-yikildi\/","title":{"rendered":"Ka\u00e7ak Tesis Y\u0131k\u0131ld\u0131"},"content":{"rendered":"<p>B\u00fcy\u00fck\u00e7ekmece\u2019nin G\u00fczelce mahallesindeki G\u00fczelce Marina Yat Liman\u0131\u2019nda dalgak\u0131ran \u00fczerine ka\u00e7ak olarak yap\u0131lmak istenen restoran ve tesis belediye ekipleri taraf\u0131ndan y\u0131k\u0131ld\u0131.<br \/>\nG\u00fczelce Yat Liman\u0131&#8217;nda deniz taraf\u0131ndaki dalgak\u0131ran \u00fczerine i\u015fletme sahipleri taraf\u0131ndan kullan\u0131m amac\u0131na, ruhsat ve eklerine ayk\u0131r\u0131 olarak 480 metrekarelik alanda yap\u0131lan tesis, i\u015fletme sahiplerinin engelleme \u00e7abalar\u0131na ra\u011fmen Enc\u00fcmen Karar\u0131 gere\u011fince polis ve zab\u0131ta g\u00f6zetiminde y\u0131k\u0131ld\u0131.<\/p>\n<p>Ruhsats\u0131z ve izinsiz yap\u0131ld\u0131\u011f\u0131 tespit edildi<br \/>\nB\u00fcy\u00fck\u00e7ekmece Belediyesi \u0130mar ve \u015eehircilik M\u00fcd\u00fcrl\u00fc\u011f\u00fc yat liman\u0131n\u0131n mevcut iskele yap\u0131s\u0131 \u00fczerine ve biti\u015fi\u011finde ruhsats\u0131z ve izinsiz tesis yap\u0131ld\u0131\u011f\u0131n\u0131 tespit etti. Yat liman\u0131 i\u015fletmecileri ile yap\u0131lan yaz\u0131\u015fmalar sonu\u00e7 vermedi. 12 Ekim 2021 tarih ve 1349 say\u0131l\u0131 Enc\u00fcmen Karar\u0131\u2019nda \u201c3194 say\u0131l\u0131 \u0130mar Kanunu\u2019nun 32. Maddesine istinaden tutulan yap\u0131 tatil tutana\u011f\u0131 \u00e7er\u00e7evesinde, B\u00fcy\u00fck\u00e7ekmece \u0130l\u00e7esi, G\u00fczelce Mahallesi Kiraz Sokak\u2019taki yat liman\u0131nda dalgak\u0131ran \u00fcst\u00fcne 480 metrekare yap\u0131 yap\u0131ld\u0131\u011f\u0131 tespit edilerek ka\u00e7ak yap\u0131n\u0131n y\u0131k\u0131l\u0131p imar mevzuat\u0131na uygun hale getirilmesi karar\u0131 al\u0131nd\u0131. Yasal s\u00fcrecin tamamlanmas\u0131n\u0131n ard\u0131ndan da belediye ekipleri taraf\u0131ndan yat liman\u0131ndaki ka\u00e7ak yap\u0131lan tesis y\u0131k\u0131ld\u0131. Yat liman\u0131n\u0131n amac\u0131 d\u0131\u015f\u0131nda tersane gibi kullan\u0131ld\u0131\u011f\u0131n\u0131 belirten mahalle sakinleri de bu durumdan \u015fikayet\u00e7i. B\u00fcy\u00fck\u00e7ekmece Belediyesi, \u0130stanbul Valili\u011fi \u00c7evre, \u015eehircilik ve \u0130klim De\u011fi\u015fikli\u011fi \u0130l M\u00fcd\u00fcrl\u00fc\u011f\u00fc Avrupa Yakas\u0131 Milli Emlak Daire Ba\u015fkanl\u0131\u011f\u0131\u2019na g\u00f6nderdi\u011fi yaz\u0131da da G\u00fczelce Marina ve Yat Liman\u0131\u2019nda ruhsats\u0131z yap\u0131 yap\u0131lmakta oldu\u011funun tespit edildi\u011fini ve \u201cKullan\u0131m \u0130zin S\u00f6zle\u015fmesi\u201d istikametinde gere\u011finin yap\u0131lmas\u0131n\u0131 talep etti.<br \/>\n<span style=\"font-family: arial, helvetica, sans-serif; font-size: 14px;\">G\u00fczelce Yat Liman\u0131&#8217;nda deniz taraf\u0131ndaki dalgak\u0131ran \u00fczerine i\u015fletme sahipleri taraf\u0131ndan kullan\u0131m amac\u0131na, ruhsat ve eklerine ayk\u0131r\u0131 olarak 480 metrekarelik alanda yap\u0131lan tesis, i\u015fletme sahiplerinin engelleme \u00e7abalar\u0131na ra\u011fmen Enc\u00fcmen Karar\u0131 gere\u011fince polis ve zab\u0131ta g\u00f6zetiminde y\u0131k\u0131ld\u0131.<\/span><\/p>\n<p><strong><span style=\"font-family: arial, helvetica, sans-serif; font-size: 14px;\">Ruhsats\u0131z ve izinsiz yap\u0131ld\u0131\u011f\u0131 tespit edildi<\/span><\/strong><br \/>\n<span style=\"font-family: arial, helvetica, sans-serif; font-size: 14px;\">B\u00fcy\u00fck\u00e7ekmece Belediyesi \u0130mar ve \u015eehircilik M\u00fcd\u00fcrl\u00fc\u011f\u00fc yat liman\u0131n\u0131n mevcut iskele yap\u0131s\u0131 \u00fczerine ve biti\u015fi\u011finde ruhsats\u0131z ve izinsiz tesis yap\u0131ld\u0131\u011f\u0131n\u0131 tespit etti. Yat liman\u0131 i\u015fletmecileri ile yap\u0131lan yaz\u0131\u015fmalar sonu\u00e7 vermedi. 12 Ekim 2021 tarih ve 1349 say\u0131l\u0131 Enc\u00fcmen Karar\u0131\u2019nda \u201c3194 say\u0131l\u0131 \u0130mar Kanunu\u2019nun 32. Maddesine istinaden tutulan yap\u0131 tatil tutana\u011f\u0131 \u00e7er\u00e7evesinde, B\u00fcy\u00fck\u00e7ekmece \u0130l\u00e7esi, G\u00fczelce Mahallesi Kiraz Sokak\u2019taki yat liman\u0131nda dalgak\u0131ran \u00fcst\u00fcne 480 metrekare yap\u0131 yap\u0131ld\u0131\u011f\u0131 tespit edilerek ka\u00e7ak yap\u0131n\u0131n y\u0131k\u0131l\u0131p imar mevzuat\u0131na uygun hale getirilmesi karar\u0131 al\u0131nd\u0131. Yasal s\u00fcrecin tamamlanmas\u0131n\u0131n ard\u0131ndan da belediye ekipleri taraf\u0131ndan yat liman\u0131ndaki ka\u00e7ak yap\u0131lan tesis y\u0131k\u0131ld\u0131. Yat liman\u0131n\u0131n amac\u0131 d\u0131\u015f\u0131nda tersane gibi kullan\u0131ld\u0131\u011f\u0131n\u0131 belirten mahalle sakinleri de bu durumdan \u015fikayet\u00e7i. B\u00fcy\u00fck\u00e7ekmece Belediyesi, \u0130stanbul Valili\u011fi \u00c7evre, \u015eehircilik ve \u0130klim De\u011fi\u015fikli\u011fi \u0130l M\u00fcd\u00fcrl\u00fc\u011f\u00fc Avrupa Yakas\u0131 Milli Emlak Daire Ba\u015fkanl\u0131\u011f\u0131\u2019na g\u00f6nderdi\u011fi yaz\u0131da da G\u00fczelce Marina ve Yat Liman\u0131\u2019nda ruhsats\u0131z yap\u0131 yap\u0131lmakta oldu\u011funun tespit edildi\u011fini ve \u201cKullan\u0131m \u0130zin S\u00f6zle\u015fmesi\u201d istikametinde gere\u011finin yap\u0131lmas\u0131n\u0131 talep etti.<\/span><\/p>\n","protected":false},"excerpt":{"rendered":"<p>B\u00fcy\u00fck\u00e7ekmece\u2019nin G\u00fczelce mahallesindeki G\u00fczelce Marina Yat Liman\u0131\u2019nda dalgak\u0131ran \u00fczerine ka\u00e7ak olarak yap\u0131lmak istenen restoran ve tesis belediye ekipleri taraf\u0131ndan y\u0131k\u0131ld\u0131.<\/p>\n","protected":false},"author":3,"featured_media":10501,"comment_status":"open","ping_status":"open","sticky":false,"template":"","format":"standard","meta":{"colormag_page_container_layout":"default_layout","colormag_page_sidebar_layout":"default_layout","footnotes":""},"categories":[1,5,8],"tags":[],"class_list":["post-10496","post","type-post","status-publish","format-standard","has-post-thumbnail","hentry","category-genel","category-gundem","category-siyaset"],"_links":{"self":[{"href":"https:\/\/marmarayerelhizmet.com\/index.php\/wp-json\/wp\/v2\/posts\/10496","targetHints":{"allow":["GET"]}}],"collection":[{"href":"https:\/\/marmarayerelhizmet.com\/index.php\/wp-json\/wp\/v2\/posts"}],"about":[{"href":"https:\/\/marmarayerelhizmet.com\/index.php\/wp-json\/wp\/v2\/types\/post"}],"author":[{"embeddable":true,"href":"https:\/\/marmarayerelhizmet.com\/index.php\/wp-json\/wp\/v2\/users\/3"}],"replies":[{"embeddable":true,"href":"https:\/\/marmarayerelhizmet.com\/index.php\/wp-json\/wp\/v2\/comments?post=10496"}],"version-history":[{"count":0,"href":"https:\/\/marmarayerelhizmet.com\/index.php\/wp-json\/wp\/v2\/posts\/10496\/revisions"}],"wp:featuredmedia":[{"embeddable":true,"href":"https:\/\/marmarayerelhizmet.com\/index.php\/wp-json\/wp\/v2\/media\/10501"}],"wp:attachment":[{"href":"https:\/\/marmarayerelhizmet.com\/index.php\/wp-json\/wp\/v2\/media?parent=10496"}],"wp:term":[{"taxonomy":"category","embeddable":true,"href":"https:\/\/marmarayerelhizmet.com\/index.php\/wp-json\/wp\/v2\/categories?post=10496"},{"taxonomy":"post_tag","embeddable":true,"href":"https:\/\/marmarayerelhizmet.com\/index.php\/wp-json\/wp\/v2\/tags?post=10496"}],"curies":[{"name":"wp","href":"https:\/\/api.w.org\/{rel}","templated":true}]}}