{"id":10495,"date":"2023-06-22T14:11:24","date_gmt":"2023-06-22T11:11:24","guid":{"rendered":"https:\/\/marmarayerelhizmet.com\/?p=10495"},"modified":"2023-06-22T14:15:22","modified_gmt":"2023-06-22T11:15:22","slug":"faiz-karari-aciklandi","status":"publish","type":"post","link":"https:\/\/marmarayerelhizmet.com\/index.php\/2023\/06\/22\/faiz-karari-aciklandi\/","title":{"rendered":"Merkez Bankas\u0131 Faiz Y\u00fckseltti"},"content":{"rendered":"<p><strong><span style=\"font-family: arial, helvetica, sans-serif; font-size: 14px;\">Merkez Bankas\u0131 faizi 650 baz puan art\u0131rarak y\u00fczde 8,5\u2019ten y\u00fczde 15 d\u00fczeyine y\u00fckseltilmesine karar verdi.<\/span><\/strong><\/p>\n<p><span style=\"font-family: arial, helvetica, sans-serif; font-size: 14px;\">Merkez Bankas\u0131 politika faizi olan bir hafta vadeli repo ihale faiz oran\u0131n\u0131n y\u00fczde 8,5\u2019ten y\u00fczde 15 d\u00fczeyine y\u00fckseltilmesine karar verdi. Parasal s\u0131k\u0131la\u015fma s\u00fcrecinin ba\u015flamas\u0131na karar verildi.<\/span><br \/>\n<span style=\"font-family: arial, helvetica, sans-serif; font-size: 14px;\">T\u00fcrkiye Cumhuriyet Merkez Bankas\u0131 (TCMB), faiz karar\u0131n\u0131 a\u00e7\u0131klad\u0131. Para Politikas\u0131 Kurulu (Kurul) politika faizi olan bir hafta vadeli repo ihale faiz oran\u0131n\u0131 650 baz puan art\u0131rarak y\u00fczde 8,5\u2019ten y\u00fczde 15 d\u00fczeyine y\u00fckseltilmesine karar verdi.<\/span><br \/>\n<span style=\"font-family: arial, helvetica, sans-serif; font-size: 14px;\">Kurul, dezenflasyonun en k\u0131sa s\u00fcrede tesisi, enflasyon beklentilerinin \u00e7\u0131palanmas\u0131, fiyatlama davran\u0131\u015flar\u0131ndaki bozulman\u0131n kontrol alt\u0131na al\u0131nmas\u0131 i\u00e7in parasal s\u0131k\u0131la\u015ft\u0131rma s\u00fcrecinin ba\u015flamas\u0131na karar verdi.<\/span><br \/>\n<span style=\"font-family: arial, helvetica, sans-serif; font-size: 14px;\">K\u00fcresel ekonomide enflasyon d\u00fc\u015ferken, halen uzun d\u00f6nem ortalamalar\u0131n\u0131n \u00e7ok \u00fczerinde seyretti\u011fi bu nedenle, b\u00fct\u00fcn d\u00fcnyada merkez bankalar\u0131 enflasyonu d\u00fc\u015f\u00fcrmeye y\u00f6nelik tedbirler ald\u0131\u011f\u0131 hat\u0131rlat\u0131ld\u0131\u011f\u0131 karar metninde, \u00fclkemizde, yak\u0131n d\u00f6neme ili\u015fkin g\u00f6stergelerin enflasyonun ana e\u011filiminde y\u00fckseli\u015fe i\u015faret etti\u011fi bildirildi.<\/span><br \/>\n<span style=\"font-family: arial, helvetica, sans-serif; font-size: 14px;\">Bu geli\u015fmede yurti\u00e7i talepteki g\u00fc\u00e7l\u00fc seyrin, maliyet y\u00f6nl\u00fc bask\u0131lar ve hizmet enflasyonundaki kat\u0131l\u0131k belirleyici oldu\u011fu belirtilerek, Kurulun bu unsurlara ek olarak fiyatlama davran\u0131\u015flar\u0131ndaki bozulman\u0131n enflasyon \u00fczerinde ilave olumsuz etki yapaca\u011f\u0131n\u0131 \u00f6ng\u00f6rd\u00fc\u011f\u00fc ifade edildi.<\/span><br \/>\n<span style=\"font-family: arial, helvetica, sans-serif; font-size: 14px;\">Parasal s\u0131k\u0131la\u015ft\u0131rma ile para politikas\u0131n\u0131n etkinli\u011fi artacak<\/span><br \/>\n<span style=\"font-family: arial, helvetica, sans-serif; font-size: 14px;\">Metinde \u015fu ifadelere yer verildi:<\/span><br \/>\n<span style=\"font-family: arial, helvetica, sans-serif; font-size: 14px;\">\u201cKurul politika faizini enflasyonun ana e\u011filiminin gerilemesini ve orta vadede y\u00fczde 5 hedefine ula\u015fmas\u0131n\u0131 sa\u011flayacak parasal ve finansal ko\u015fullar\u0131 olu\u015fturacak \u015fekilde belirleyecektir. Enflasyon g\u00f6r\u00fcn\u00fcm\u00fcnde belirgin iyile\u015fme sa\u011flanana kadar parasal s\u0131k\u0131la\u015ft\u0131rma gerekti\u011fi zamanda ve gerekti\u011fi \u00f6l\u00e7\u00fcde kademeli olarak g\u00fc\u00e7lendirilecektir. Enflasyon ve enflasyon e\u011filimine ili\u015fkin g\u00f6stergeler yak\u0131ndan takip edilecek ve TCMB, fiyat istikrar\u0131 temel amac\u0131 do\u011frultusunda elindeki t\u00fcm ara\u00e7lar\u0131 kararl\u0131l\u0131kla kullanmaya devam edecektir.<\/span><br \/>\n<span style=\"font-family: arial, helvetica, sans-serif; font-size: 14px;\">Parasal s\u0131k\u0131la\u015ft\u0131rma s\u00fcrecinin ba\u015flamas\u0131 ile para politikas\u0131n\u0131n etkinli\u011fi artacakt\u0131r. Bununla birlikte, fiyat istikrar\u0131n\u0131n s\u00fcreklili\u011fini sa\u011flamak hedefiyle, TCMB cari dengeyi iyile\u015ftirecek stratejik yat\u0131r\u0131mlar\u0131 desteklemeye devam edecektir.<br \/>\n<\/span><br \/>\n<strong><span style=\"font-family: arial, helvetica, sans-serif; font-size: 14px;\">Sadele\u015fme s\u00fcreci, etki analizleri yap\u0131larak kademeli olacak<\/span><\/strong><br \/>\n<span style=\"font-family: arial, helvetica, sans-serif; font-size: 14px;\">Kurul, mevcut mikro- ve makroihtiyati \u00e7er\u00e7eveyi, piyasa mekanizmalar\u0131n\u0131n i\u015flevselli\u011fini art\u0131racak ve makro finansal istikrar\u0131 g\u00fc\u00e7lendirecek \u015fekilde sadele\u015ftirecektir. Sadele\u015fme s\u00fcreci, etki analizleri yap\u0131larak kademeli olacakt\u0131r. Kurul, kararlar\u0131n\u0131 \u00f6ng\u00f6r\u00fclebilir, veri odakl\u0131 ve \u015feffaf bir \u00e7er\u00e7evede almaya devam edecektir.\u201d<\/span><\/p>\n","protected":false},"excerpt":{"rendered":"<p>Merkez Bankas\u0131 faizi 650 baz puan art\u0131rarak y\u00fczde 8,5\u2019ten y\u00fczde 15 d\u00fczeyine y\u00fckseltilmesine karar verdi. Merkez Bankas\u0131 politika faizi olan<\/p>\n","protected":false},"author":3,"featured_media":10499,"comment_status":"open","ping_status":"open","sticky":false,"template":"","format":"standard","meta":{"colormag_page_container_layout":"default_layout","colormag_page_sidebar_layout":"default_layout","footnotes":""},"categories":[3,1,5],"tags":[],"class_list":["post-10495","post","type-post","status-publish","format-standard","has-post-thumbnail","hentry","category-ekonomi","category-genel","category-gundem"],"_links":{"self":[{"href":"https:\/\/marmarayerelhizmet.com\/index.php\/wp-json\/wp\/v2\/posts\/10495","targetHints":{"allow":["GET"]}}],"collection":[{"href":"https:\/\/marmarayerelhizmet.com\/index.php\/wp-json\/wp\/v2\/posts"}],"about":[{"href":"https:\/\/marmarayerelhizmet.com\/index.php\/wp-json\/wp\/v2\/types\/post"}],"author":[{"embeddable":true,"href":"https:\/\/marmarayerelhizmet.com\/index.php\/wp-json\/wp\/v2\/users\/3"}],"replies":[{"embeddable":true,"href":"https:\/\/marmarayerelhizmet.com\/index.php\/wp-json\/wp\/v2\/comments?post=10495"}],"version-history":[{"count":0,"href":"https:\/\/marmarayerelhizmet.com\/index.php\/wp-json\/wp\/v2\/posts\/10495\/revisions"}],"wp:featuredmedia":[{"embeddable":true,"href":"https:\/\/marmarayerelhizmet.com\/index.php\/wp-json\/wp\/v2\/media\/10499"}],"wp:attachment":[{"href":"https:\/\/marmarayerelhizmet.com\/index.php\/wp-json\/wp\/v2\/media?parent=10495"}],"wp:term":[{"taxonomy":"category","embeddable":true,"href":"https:\/\/marmarayerelhizmet.com\/index.php\/wp-json\/wp\/v2\/categories?post=10495"},{"taxonomy":"post_tag","embeddable":true,"href":"https:\/\/marmarayerelhizmet.com\/index.php\/wp-json\/wp\/v2\/tags?post=10495"}],"curies":[{"name":"wp","href":"https:\/\/api.w.org\/{rel}","templated":true}]}}