{"id":10480,"date":"2023-06-22T12:41:13","date_gmt":"2023-06-22T09:41:13","guid":{"rendered":"https:\/\/marmarayerelhizmet.com\/?p=10480"},"modified":"2023-06-22T12:41:13","modified_gmt":"2023-06-22T09:41:13","slug":"balikesirde-bayram-tedbirleri-alindi","status":"publish","type":"post","link":"https:\/\/marmarayerelhizmet.com\/index.php\/2023\/06\/22\/balikesirde-bayram-tedbirleri-alindi\/","title":{"rendered":"Bal\u0131kesir&#8217;de Bayram Tedbirleri Al\u0131nd\u0131"},"content":{"rendered":"<p><strong><span style=\"font-family: arial, helvetica, sans-serif; font-size: 14px;\">Kurban Bayram\u0131\u2019na say\u0131l\u0131 g\u00fcnler kala Bal\u0131kesir Valili\u011fi taraf\u0131ndan bayram tatilinin huzur ve g\u00fcven ortam\u0131 i\u00e7inde ge\u00e7irilmesini sa\u011flamak i\u00e7in tedbirler al\u0131nd\u0131.<\/span><\/strong><\/p>\n<p><span style=\"font-family: arial, helvetica, sans-serif; font-size: 14px;\">Al\u0131nan tedbirlerle tatil s\u00fcrecince trafikten asayi\u015f olaylar\u0131na, sa\u011fl\u0131ktan toplu ta\u015f\u0131maya, piyasa fiyatlar\u0131 ile hayvan pazarlar\u0131n\u0131n denetimine, \u015fehitliklerin temizli\u011finden haberle\u015fme ve elektrik da\u011f\u0131t\u0131m\u0131nda ya\u015fanabilecek ar\u0131zalara kadar bir\u00e7ok kamu hizmetinin sunulmas\u0131nda aksakl\u0131k olu\u015fmamas\u0131 i\u00e7in ilgili b\u00fct\u00fcn kurumlar uyar\u0131ld\u0131.<\/span><\/p>\n<p><strong><span style=\"font-family: arial, helvetica, sans-serif; font-size: 14px;\">Trafik Tedbirleri \u00dcst Seviyede<\/span><\/strong><\/p>\n<p><span style=\"font-family: arial, helvetica, sans-serif; font-size: 14px;\">Bayram\u0131n yan\u0131 s\u0131ra yaz sezonu dolay\u0131s\u0131yla turizm hareketlili\u011finden kaynakl\u0131 yo\u011funluk ya\u015fanmas\u0131 \u00f6ng\u00f6r\u00fclen Bal\u0131kesir\u2019de al\u0131nan tedbirlerle trafik y\u00f6n\u00fcnden olu\u015fabilecek olumsuz etkilerin en aza indirilmesi ama\u00e7lan\u0131yor. Trafik kazalar\u0131n\u0131 \u00f6nleyebilmek i\u00e7in al\u0131nan hassas tedbirler ba\u015fta h\u0131z ihlalleri olmak \u00fczere, toplam ve s\u00fcrekli ta\u015f\u0131t kullanma s\u00fcreleri, \u015ferit kullanma, hatal\u0131 d\u00f6n\u00fc\u015fler, yak\u0131n takip ve kav\u015faklara yakla\u015f\u0131rken yava\u015flama gibi kural, yasaklama ve k\u0131s\u0131tlamalara y\u00f6nelik al\u0131nan tedbirler bayram \u00f6ncesi ve sonras\u0131n\u0131 kaps\u0131yor. Ayr\u0131ca k\u00f6rfez b\u00f6lgesinde trafik yo\u011funlu\u011fu da beklendi\u011finden Alt\u0131noluk-Alt\u0131nova ve Bal\u0131kesir-Edremit g\u00fczergah\u0131 \u00fczerinde her 10 kilometrede bir trafik ekibinin bulunmas\u0131 dikkat \u00e7eken tedbirler aras\u0131nda yer al\u0131yor.<\/span><\/p>\n<p><strong><span style=\"font-family: arial, helvetica, sans-serif; font-size: 14px;\">Kazas\u0131z Bir Bayram \u0130\u00e7in Trafik Tedbirleri S\u0131kla\u015ft\u0131r\u0131l\u0131yor<\/span><\/strong><\/p>\n<p><span style=\"font-family: arial, helvetica, sans-serif; font-size: 14px;\">Bal\u0131kesir Valili\u011fi taraf\u0131ndan al\u0131nan genel trafik tedbirlerinin yan\u0131nda tar\u0131msal faaliyetlerin yo\u011fun olarak yap\u0131ld\u0131\u011f\u0131 b\u00f6lgelerde karayolu \u00fczerinde tar\u0131msal zirai ara\u00e7lar, trakt\u00f6rler ve benzerlerinin uygunsuz olarak trafikte seyretmelerine izin verilmeyecek. Yaz mevsiminde motorlu bisiklet ve motosiklet kullan\u0131c\u0131lar\u0131n\u0131n daha fazla karayolu \u00fczerinde bulunmas\u0131 beklendi\u011finden motor kullananlar\u0131n \u00fczerinde koruma ba\u015fl\u0131\u011f\u0131 ve g\u00f6zl\u00fc\u011f\u00fc, di\u011fer ara\u00e7larda ise emniyet kemeri ve \u00e7ocuk ba\u011flama sistemleri kullan\u0131m\u0131 ile ilgili denetimler hassasiyetle y\u00fcr\u00fct\u00fclecek.<\/span><\/p>\n<p><span style=\"font-family: arial, helvetica, sans-serif; font-size: 14px;\">Vatanda\u015flar\u0131n yo\u011fun olarak bulunabilece\u011fi alanlarda meydana gelebilecek asayi\u015f olaylar\u0131na kar\u015f\u0131 \u00fcst seviyede al\u0131nan tedbirler kapsam\u0131nda; hava alanlar\u0131, tren ve otob\u00fcs garlar\u0131, al\u0131\u015fveri\u015f merkezleri, pazar yerleri, \u00e7ocuk oyun alanlar\u0131, e\u011flence mekanlar\u0131, i\u00e7kili ve i\u00e7kisiz umuma a\u00e7\u0131k yerler Jandarma ve Emniyet birimlerince etkili \u015fekilde denetlenecek.<\/span><\/p>\n<p><span style=\"font-family: arial, helvetica, sans-serif; font-size: 14px;\">Kurban kesim yeri olarak belirlenen yerler d\u0131\u015f\u0131nda \u00e7evre ve g\u00f6r\u00fcnt\u00fc kirlili\u011fine neden olabilecek \u015fekilde yol kenarlar\u0131, park ve bah\u00e7eler, dere yataklar\u0131 gibi yerlerde kurban kesilmesinin \u00f6n\u00fcne ge\u00e7mek i\u00e7in denetimler yap\u0131lacak, vatanda\u015flar bilgilendirilecek.<\/span><\/p>\n<p><span style=\"font-family: arial, helvetica, sans-serif; font-size: 14px;\">Bayram ziyaretlerinin yo\u011fun olarak yap\u0131laca\u011f\u0131 dikkate al\u0131nd\u0131\u011f\u0131ndan toplu ta\u015f\u0131ma hizmetlerinin sunulmas\u0131nda aksakl\u0131k ya\u015fanmamas\u0131 da planlanan tedbirler aras\u0131nda yer al\u0131yor.<\/span><\/p>\n<p><span style=\"font-family: arial, helvetica, sans-serif; font-size: 14px;\">Bayram tatili s\u00fcresince al\u0131\u015fveri\u015f ve e\u011flence yerleri ile \u00e7ocuk oyun alanlar\u0131n\u0131n da yo\u011fun olmas\u0131 bekleniyor. Bu alanlar\u0131n bak\u0131m ve temizli\u011fine \u00f6ncelik verilecek, \u00e7ocuklar\u0131n g\u00fcvenli\u011fini tehdit edebilecek unsurlar\u0131n ortadan kald\u0131r\u0131lmas\u0131 sa\u011flanacak.<\/span><\/p>\n<p><span style=\"font-family: arial, helvetica, sans-serif; font-size: 14px;\">Bayram \u00f6ncesi d\u00f6nemi kapsayacak \u015fekilde g\u0131da \u00fcretim, sat\u0131\u015f ve t\u00fcketim yerlerinin denetimlerine a\u011f\u0131rl\u0131k verilecek, \u00f6zellikle bayramda t\u00fcketilecek g\u0131dalar\u0131n denetimi yap\u0131lacak.<\/span><\/p>\n<p><span style=\"font-family: arial, helvetica, sans-serif; font-size: 14px;\">Vali Hasan \u015e\u0131ldak, vatanda\u015flara birlik, beraberlik ve huzur i\u00e7inde bir bayram ge\u00e7irmeleri temenni etti. \u015e\u0131ldak, \u201cBayram tatili boyunca kolluk kuvvetlerimiz yollarda olacaklar. Hem bayram hem de turizm dolay\u0131s\u0131yla geni\u015f co\u011frafyada bulunan \u0130limizde \u00f6nemli bir yo\u011funluk bekliyoruz. Vatanda\u015flar\u0131m\u0131zdan ricam\u0131z emniyet kemerlerini takmalar\u0131 ve h\u0131z kurallar\u0131na uymalar\u0131 olacakt\u0131r. Kurban Bayram\u0131 s\u00fcresince ba\u015fta g\u00fcvenlik ve trafik olmak \u00fczere Valili\u011fimizin koordinasyonunda al\u0131nan tedbirlerle t\u00fcm vatanda\u015flar\u0131m\u0131z\u0131n iyi bir bayram ge\u00e7irmesini temenni ediyorum.\u201d \u015feklinde a\u00e7\u0131klamada bulundu.<\/span><\/p>\n","protected":false},"excerpt":{"rendered":"<p>Kurban Bayram\u0131\u2019na say\u0131l\u0131 g\u00fcnler kala Bal\u0131kesir Valili\u011fi taraf\u0131ndan bayram tatilinin huzur ve g\u00fcven ortam\u0131 i\u00e7inde ge\u00e7irilmesini sa\u011flamak i\u00e7in tedbirler al\u0131nd\u0131.<\/p>\n","protected":false},"author":3,"featured_media":10484,"comment_status":"open","ping_status":"open","sticky":false,"template":"","format":"standard","meta":{"colormag_page_container_layout":"default_layout","colormag_page_sidebar_layout":"default_layout","footnotes":""},"categories":[1,5,8],"tags":[],"class_list":["post-10480","post","type-post","status-publish","format-standard","has-post-thumbnail","hentry","category-genel","category-gundem","category-siyaset"],"_links":{"self":[{"href":"https:\/\/marmarayerelhizmet.com\/index.php\/wp-json\/wp\/v2\/posts\/10480","targetHints":{"allow":["GET"]}}],"collection":[{"href":"https:\/\/marmarayerelhizmet.com\/index.php\/wp-json\/wp\/v2\/posts"}],"about":[{"href":"https:\/\/marmarayerelhizmet.com\/index.php\/wp-json\/wp\/v2\/types\/post"}],"author":[{"embeddable":true,"href":"https:\/\/marmarayerelhizmet.com\/index.php\/wp-json\/wp\/v2\/users\/3"}],"replies":[{"embeddable":true,"href":"https:\/\/marmarayerelhizmet.com\/index.php\/wp-json\/wp\/v2\/comments?post=10480"}],"version-history":[{"count":0,"href":"https:\/\/marmarayerelhizmet.com\/index.php\/wp-json\/wp\/v2\/posts\/10480\/revisions"}],"wp:featuredmedia":[{"embeddable":true,"href":"https:\/\/marmarayerelhizmet.com\/index.php\/wp-json\/wp\/v2\/media\/10484"}],"wp:attachment":[{"href":"https:\/\/marmarayerelhizmet.com\/index.php\/wp-json\/wp\/v2\/media?parent=10480"}],"wp:term":[{"taxonomy":"category","embeddable":true,"href":"https:\/\/marmarayerelhizmet.com\/index.php\/wp-json\/wp\/v2\/categories?post=10480"},{"taxonomy":"post_tag","embeddable":true,"href":"https:\/\/marmarayerelhizmet.com\/index.php\/wp-json\/wp\/v2\/tags?post=10480"}],"curies":[{"name":"wp","href":"https:\/\/api.w.org\/{rel}","templated":true}]}}