{"id":10463,"date":"2023-06-22T12:32:20","date_gmt":"2023-06-22T09:32:20","guid":{"rendered":"https:\/\/marmarayerelhizmet.com\/?p=10463"},"modified":"2023-06-22T12:32:20","modified_gmt":"2023-06-22T09:32:20","slug":"kareside-hazirliklar-devam-ediyor","status":"publish","type":"post","link":"https:\/\/marmarayerelhizmet.com\/index.php\/2023\/06\/22\/kareside-hazirliklar-devam-ediyor\/","title":{"rendered":"Karesi&#8217;de Haz\u0131rl\u0131klar Devam Ediyor"},"content":{"rendered":"<p><strong><span style=\"font-family: arial, helvetica, sans-serif; font-size: 14px;\">Karesi Belediyesi, Karizma ve Adnan Menderes Mahallesi\u2019ndeki kapal\u0131 pazaryerlerine ise mobil kurban kesim merkezleri kurarak k\u00fc\u00e7\u00fckba\u015f hayvan kesim hizmeti verecek. Karesi\u2019de Kurban Bayram\u0131 i\u00e7in haz\u0131rl\u0131klar yap\u0131l\u0131rken, bayram s\u00fcresince iki kat\u0131na \u00e7\u0131kar\u0131lan n\u00f6bet\u00e7i ekiplerde hizmet vermeye devam edecek.<\/span><\/strong><\/p>\n<p><span style=\"font-family: arial, helvetica, sans-serif; font-size: 14px;\">Karesi Belediyesi, Kurban Bayram\u0131 \u00f6ncesi mezarl\u0131k, ibadethane, sosyal alanlarda temizlik \u00e7al\u0131\u015fmalar\u0131na devam ederken Belediye, Karizma ve Adnan Menderes Mahallesi\u2019ndeki kapal\u0131 pazaryerlerine mobil kurban kesim merkezleri kurarak k\u00fc\u00e7\u00fckba\u015f hayvan kesim hizmeti verecek. Uzman kasap ve veteriner hekimlerin kontrol\u00fcnde hijyenik ve \u0130slami usullere uygun olarak kesim hizmeti verilecek. Bu y\u0131lki kesim \u00fccreti 200 TL olarak belirlendi. <\/span><br \/>\n<span style=\"font-family: arial, helvetica, sans-serif; font-size: 14px;\">Karesi Belediyesi, vatanda\u015flar\u0131n g\u00fczel bir bayram ge\u00e7irmeleri i\u00e7in Kurban Bayram\u0131 \u00f6ncesinde il\u00e7e genelinde bak\u0131m ve temizlik \u00e7al\u0131\u015fmas\u0131 yap\u0131yor. Kurban bayram\u0131 s\u00fcresince de \u00f6zellikle n\u00f6bet\u00e7i temizlik ekipleri say\u0131s\u0131 iki kat\u0131na \u00e7\u0131kar\u0131l\u0131rken, s\u0131cak su ile \u00e7\u00f6p konteyn\u0131rlar\u0131n\u0131 dezenfekte eden ara\u00e7lar\u0131n say\u0131s\u0131 da artt\u0131r\u0131ld\u0131.<br \/>\n<\/span><br \/>\n<strong><span style=\"font-family: arial, helvetica, sans-serif; font-size: 14px;\">MEZARLIKLAR BAYRAMA HAZIR<\/span><\/strong><br \/>\n<span style=\"font-family: arial, helvetica, sans-serif; font-size: 14px;\">Karesi Belediyesi Park ve Bah\u00e7eler M\u00fcd\u00fcrl\u00fc\u011f\u00fc taraf\u0131ndan 43 k\u0131rsal mahallede vatanda\u015flar\u0131n kabir ziyaretleri i\u00e7in mezarl\u0131klarda temizlik ve bak\u0131m i\u015fleri yap\u0131ld\u0131. Yine k\u0131rsal ve merkez mahallelerdeki camilerin bah\u00e7e temizlik ve d\u00fczenlemeleri ekipler taraf\u0131ndan tamamland\u0131.<\/span><br \/>\n<span style=\"font-family: arial, helvetica, sans-serif; font-size: 14px;\">Ekipler ayr\u0131ca \u00e7ocuk parklar\u0131, ye\u015fil alanlar ve mesire yerlerinde de bak\u0131m ve temizlik \u00e7al\u0131\u015fmalar\u0131n\u0131 s\u00fcrd\u00fcr\u00fcyor.<br \/>\n<\/span><br \/>\n<strong><span style=\"font-family: arial, helvetica, sans-serif; font-size: 14px;\">BA\u015eKAN ORKAN\u2019DAN BAYRAM KUTLAMASI<\/span><\/strong><br \/>\n<span style=\"font-family: arial, helvetica, sans-serif; font-size: 14px;\">Karesi Belediyesi\u2019nin vatanda\u015flar\u0131n bayram\u0131 huzurlu ge\u00e7irmeleri i\u00e7in haz\u0131r olduklar\u0131n\u0131 ifade eden Ba\u015fkan Orkan \u015f\u00f6yle konu\u015ftu:<\/span><br \/>\n<span style=\"font-family: arial, helvetica, sans-serif; font-size: 14px;\">\u201c\u0130l\u00e7emizde bayram\u0131n, sa\u011fl\u0131kl\u0131 ve huzurlu bir ortamda ya\u015fanmas\u0131 ad\u0131na t\u00fcm tedbirlerimizi ald\u0131k. \u0130l\u00e7e s\u0131n\u0131rlar\u0131m\u0131z i\u00e7erisinde bulunan Karizma ve Adnan Menderes Pazaryerlerinde k\u00fc\u00e7\u00fckba\u015f kurban kesimi yap\u0131labilecek. Kurban Bayram\u0131&#8217;n\u0131n, insanl\u0131\u011fa ba\u015fta sa\u011fl\u0131k olmak \u00fczere; bar\u0131\u015f, huzur, mutluluk ve bereket getirmesini temenni ediyorum. Kurbanlar\u0131m\u0131z\u0131 karde\u015flerimizle payla\u015farak, g\u00f6n\u00fcl ba\u011flar\u0131m\u0131z\u0131 daha da g\u00fc\u00e7lendirece\u011fimiz bir bayram diliyorum. T\u00fcm \u0130slam \u00e2leminin, m\u00fcbarek Kurban Bayram\u0131&#8217;n\u0131 g\u00f6n\u00fclden kutluyorum.\u201d<\/span><\/p>\n","protected":false},"excerpt":{"rendered":"<p>Karesi Belediyesi, Karizma ve Adnan Menderes Mahallesi\u2019ndeki kapal\u0131 pazaryerlerine ise mobil kurban kesim merkezleri kurarak k\u00fc\u00e7\u00fckba\u015f hayvan kesim hizmeti verecek.<\/p>\n","protected":false},"author":3,"featured_media":10475,"comment_status":"open","ping_status":"open","sticky":false,"template":"","format":"standard","meta":{"colormag_page_container_layout":"default_layout","colormag_page_sidebar_layout":"default_layout","footnotes":""},"categories":[1,5,8],"tags":[],"class_list":["post-10463","post","type-post","status-publish","format-standard","has-post-thumbnail","hentry","category-genel","category-gundem","category-siyaset"],"_links":{"self":[{"href":"https:\/\/marmarayerelhizmet.com\/index.php\/wp-json\/wp\/v2\/posts\/10463","targetHints":{"allow":["GET"]}}],"collection":[{"href":"https:\/\/marmarayerelhizmet.com\/index.php\/wp-json\/wp\/v2\/posts"}],"about":[{"href":"https:\/\/marmarayerelhizmet.com\/index.php\/wp-json\/wp\/v2\/types\/post"}],"author":[{"embeddable":true,"href":"https:\/\/marmarayerelhizmet.com\/index.php\/wp-json\/wp\/v2\/users\/3"}],"replies":[{"embeddable":true,"href":"https:\/\/marmarayerelhizmet.com\/index.php\/wp-json\/wp\/v2\/comments?post=10463"}],"version-history":[{"count":0,"href":"https:\/\/marmarayerelhizmet.com\/index.php\/wp-json\/wp\/v2\/posts\/10463\/revisions"}],"wp:featuredmedia":[{"embeddable":true,"href":"https:\/\/marmarayerelhizmet.com\/index.php\/wp-json\/wp\/v2\/media\/10475"}],"wp:attachment":[{"href":"https:\/\/marmarayerelhizmet.com\/index.php\/wp-json\/wp\/v2\/media?parent=10463"}],"wp:term":[{"taxonomy":"category","embeddable":true,"href":"https:\/\/marmarayerelhizmet.com\/index.php\/wp-json\/wp\/v2\/categories?post=10463"},{"taxonomy":"post_tag","embeddable":true,"href":"https:\/\/marmarayerelhizmet.com\/index.php\/wp-json\/wp\/v2\/tags?post=10463"}],"curies":[{"name":"wp","href":"https:\/\/api.w.org\/{rel}","templated":true}]}}