{"id":10462,"date":"2023-06-22T12:31:34","date_gmt":"2023-06-22T09:31:34","guid":{"rendered":"https:\/\/marmarayerelhizmet.com\/?p=10462"},"modified":"2023-06-22T12:31:34","modified_gmt":"2023-06-22T09:31:34","slug":"bakan-yardimcilari-atandi","status":"publish","type":"post","link":"https:\/\/marmarayerelhizmet.com\/index.php\/2023\/06\/22\/bakan-yardimcilari-atandi\/","title":{"rendered":"Bakan Yard\u0131mc\u0131lar\u0131 Atand\u0131"},"content":{"rendered":"<p><strong><span style=\"font-family: arial, helvetica, sans-serif; font-size: 14px;\">Bakan Yard\u0131mc\u0131l\u0131klar\u0131na, Cumhurba\u015fkanl\u0131\u011f\u0131 Taraf\u0131ndan Yap\u0131lan Atama Kararlar\u0131 Resmi Gazete\u2019de yay\u0131mland\u0131.<br \/>\n<\/span><\/strong><br \/>\n<span style=\"font-family: arial, helvetica, sans-serif; font-size: 14px;\">Cumhurba\u015fkan\u0131 Recep Tayyip Erdo\u011fan\u2019\u0131n imzas\u0131yla yay\u0131mlanan Resmi Gazete\u2019de, Cumhurba\u015fkanl\u0131\u011f\u0131 Taraf\u0131ndan Yap\u0131lan Atama Kararlar\u0131na g\u00f6re, Bakan Yard\u0131mc\u0131l\u0131klar\u0131na 3 say\u0131l\u0131 Cumhurba\u015fkanl\u0131\u011f\u0131 Kararnamesinin 2, 3 ve 4&#8217;\u00fcnc\u00fc maddeleri gere\u011fince, Adalet Bakanl\u0131\u011f\u0131 Bakan Yard\u0131mc\u0131l\u0131\u011f\u0131na Ak\u0131n G\u00fcrlek, Hasan Y\u0131lmaz, Niyazi Acar ve Ramazan Can; Aile ve Sosyal Hizmetler Bakanl\u0131\u011f\u0131 Bakan Yard\u0131mc\u0131l\u0131\u011f\u0131na Leman Yenig\u00fcn, R\u0131dvan Duran, Sevim Sayim Madak, Zafer Tarikdaro\u011flu; \u00c7al\u0131\u015fma ve Sosyal G\u00fcvenlik Bakanl\u0131\u011f\u0131 Bakan Yard\u0131mc\u0131l\u0131\u011f\u0131na Adnan Ertem, Ahmet Ayd\u0131n, Faruk \u00d6z\u00e7elik, L\u00fctfihak Alpkan; \u00c7evre, \u015eehircilik ve \u0130klim De\u011fi\u015fikli\u011fi Bakan Yard\u0131mc\u0131l\u0131\u011f\u0131na Fatma Varank, Hasan Suver, Refik Tuzcuo\u011flu, Vedad G\u00fcrgen; D\u0131\u015fi\u015fleri Bakanl\u0131\u011f\u0131 Bakan Yard\u0131mc\u0131l\u0131\u011f\u0131na Ahmet Y\u0131ld\u0131z, Burak Ak\u00e7apar, Mehmet Kemal Bozay, Yasin Ekrem Serim; Enerji ve Tabii Kaynaklar Bakan Yard\u0131mc\u0131l\u0131\u011f\u0131na Abdullah Tancan, Ahmet Berat \u00c7onkar, Nevzat \u015eat\u0131ro\u011flu, Zafer Demircan; Gen\u00e7lik ve Spor Bakanl\u0131\u011f\u0131 Bakan Yard\u0131mc\u0131l\u0131\u011f\u0131na Enes Emino\u011flu, Halis Yunus Ers\u00f6z, Hamza Yerlikaya, Safa Ko\u00e7o\u011flu; Hazine ve Maliye Bakanl\u0131\u011f\u0131 Bakan Yard\u0131mc\u0131l\u0131\u011f\u0131na Abdullah Ertem Cantimur, \u0130smail \u0130lhan Hatipo\u011flu, Osman \u00c7elik, Zekeriya Kaya; \u0130\u00e7i\u015fleri Bakanl\u0131\u011f\u0131 Bakan Yard\u0131mc\u0131l\u0131\u011f\u0131na B\u00fclent Turan, Mehmet Akta\u015f, Mehmet Sa\u011flam, M\u00fcnir Karao\u011flu; K\u00fclt\u00fcr ve Turizm Bakanl\u0131\u011f\u0131 Bakan Yard\u0131mc\u0131l\u0131\u011f\u0131na Batuhan Mumcu, G\u00f6khan Yazg\u0131, Nadir Alpaslan, Serdar \u00c7am; Milli E\u011fitim Bakanl\u0131\u011f\u0131 Bakan Yard\u0131mc\u0131l\u0131\u011f\u0131na Celile Eren \u00d6kten, Kemal \u015eaml\u0131o\u011flu, Nazif Y\u0131lmaz, \u00d6mer Faruk Yelkenci; Milli Savunma Bakanl\u0131\u011f\u0131 Bakan Yard\u0131mc\u0131l\u0131\u011f\u0131na Alpaslan Kavakl\u0131o\u011flu, Bilal Durdal\u0131, Celal Sami T\u00fcfek\u00e7i, \u015euay Alpay; Sa\u011fl\u0131k Bakanl\u0131\u011f\u0131 Bakan Yard\u0131mc\u0131l\u0131\u011f\u0131na Huzeyfe Y\u0131lmaz, H\u00fcseyin K\u00fcr\u015fat K\u0131rb\u0131y\u0131k, \u015euay\u0131p Birinci, Tolga Tolunay; Sanayi ve Teknoloji Bakanl\u0131\u011f\u0131 Bakan Yard\u0131mc\u0131l\u0131\u011f\u0131na Ahmet Yozgatl\u0131gil, \u00c7etin Ali D\u00f6nmez, Oru\u00e7 Baba \u0130nan, Zekeriya \u00c7o\u015ftu; Tar\u0131m ve Orman Bakanl\u0131\u011f\u0131 Bakan Yard\u0131mc\u0131l\u0131\u011f\u0131na Ahmet Ba\u011fc\u0131, Ahmet G\u00fcmen, Ebubekir Gizligider, Veysel Tiryaki; Ticaret Bakanl\u0131\u011f\u0131 Bakan Yard\u0131mc\u0131l\u0131\u011f\u0131na Mahmut G\u00fcrcan, Mustafa Tuzcu, \u00d6zg\u00fcr Volkan A\u011far, Sezai U\u00e7urmak; Ula\u015ft\u0131rma ve Altyap\u0131 Bakanl\u0131\u011f\u0131 Bakan Yard\u0131mc\u0131l\u0131\u011f\u0131na; Durmu\u015f \u00dcn\u00fcvar, Enver \u0130skurt, Osman Boyraz, \u00d6mer Fatih Sayan atand\u0131.<\/span><\/p>\n","protected":false},"excerpt":{"rendered":"<p>Bakan Yard\u0131mc\u0131l\u0131klar\u0131na, Cumhurba\u015fkanl\u0131\u011f\u0131 Taraf\u0131ndan Yap\u0131lan Atama Kararlar\u0131 Resmi Gazete\u2019de yay\u0131mland\u0131. Cumhurba\u015fkan\u0131 Recep Tayyip Erdo\u011fan\u2019\u0131n imzas\u0131yla yay\u0131mlanan Resmi Gazete\u2019de, Cumhurba\u015fkanl\u0131\u011f\u0131 Taraf\u0131ndan<\/p>\n","protected":false},"author":3,"featured_media":10474,"comment_status":"open","ping_status":"open","sticky":false,"template":"","format":"standard","meta":{"colormag_page_container_layout":"default_layout","colormag_page_sidebar_layout":"default_layout","footnotes":""},"categories":[1,5,8],"tags":[],"class_list":["post-10462","post","type-post","status-publish","format-standard","has-post-thumbnail","hentry","category-genel","category-gundem","category-siyaset"],"_links":{"self":[{"href":"https:\/\/marmarayerelhizmet.com\/index.php\/wp-json\/wp\/v2\/posts\/10462","targetHints":{"allow":["GET"]}}],"collection":[{"href":"https:\/\/marmarayerelhizmet.com\/index.php\/wp-json\/wp\/v2\/posts"}],"about":[{"href":"https:\/\/marmarayerelhizmet.com\/index.php\/wp-json\/wp\/v2\/types\/post"}],"author":[{"embeddable":true,"href":"https:\/\/marmarayerelhizmet.com\/index.php\/wp-json\/wp\/v2\/users\/3"}],"replies":[{"embeddable":true,"href":"https:\/\/marmarayerelhizmet.com\/index.php\/wp-json\/wp\/v2\/comments?post=10462"}],"version-history":[{"count":0,"href":"https:\/\/marmarayerelhizmet.com\/index.php\/wp-json\/wp\/v2\/posts\/10462\/revisions"}],"wp:featuredmedia":[{"embeddable":true,"href":"https:\/\/marmarayerelhizmet.com\/index.php\/wp-json\/wp\/v2\/media\/10474"}],"wp:attachment":[{"href":"https:\/\/marmarayerelhizmet.com\/index.php\/wp-json\/wp\/v2\/media?parent=10462"}],"wp:term":[{"taxonomy":"category","embeddable":true,"href":"https:\/\/marmarayerelhizmet.com\/index.php\/wp-json\/wp\/v2\/categories?post=10462"},{"taxonomy":"post_tag","embeddable":true,"href":"https:\/\/marmarayerelhizmet.com\/index.php\/wp-json\/wp\/v2\/tags?post=10462"}],"curies":[{"name":"wp","href":"https:\/\/api.w.org\/{rel}","templated":true}]}}