{"id":10439,"date":"2023-06-21T22:26:15","date_gmt":"2023-06-21T19:26:15","guid":{"rendered":"https:\/\/marmarayerelhizmet.com\/?p=10439"},"modified":"2023-06-21T22:26:15","modified_gmt":"2023-06-21T19:26:15","slug":"avrupanin-en-ucuz-ulkesi","status":"publish","type":"post","link":"https:\/\/marmarayerelhizmet.com\/index.php\/2023\/06\/21\/avrupanin-en-ucuz-ulkesi\/","title":{"rendered":"Avrupa\u2019n\u0131n En Ucuz \u00dclkesi"},"content":{"rendered":"<p><strong><span style=\"font-family: arial, helvetica, sans-serif; font-size: 14px;\">Avrupa\u2019da kar\u015f\u0131la\u015ft\u0131r\u0131lan 36 \u00fclke aras\u0131nda t\u00fcketim mal ve hizmetlerine ili\u015fkin fiyat d\u00fczeyi endeksi en y\u00fcksek \u00fclke 174 ile \u0130svi\u00e7re, en d\u00fc\u015f\u00fck \u00fclke ise 40 ile T\u00fcrkiye oldu.<br \/>\n<\/span><\/strong><br \/>\n<span style=\"font-family: arial, helvetica, sans-serif; font-size: 14px;\">T\u00fcrkiye \u0130statistik Kurumu (T\u00dc\u0130K), 2022 y\u0131l\u0131 \u2018Sat\u0131nalma G\u00fcc\u00fc Paritesi, Hanehalk\u0131 Nihai T\u00fcketim Harcamalar\u0131\u2019 verisini a\u00e7\u0131klad\u0131.<\/span><br \/>\n<span style=\"font-family: arial, helvetica, sans-serif; font-size: 14px;\">Buna g\u00f6re, T\u00fcrkiye&#8217;nin 2022 y\u0131l\u0131 sonu\u00e7lar\u0131na g\u00f6re t\u00fcketim mal ve hizmetlerine ili\u015fkin fiyat d\u00fczeyi endeksi 40 oldu. Bu de\u011fer, 27 Avrupa Birli\u011fi (AB) \u00fclkesi genelinde 100 Euro kar\u015f\u0131l\u0131\u011f\u0131 sat\u0131n al\u0131nan ayn\u0131 mal ve hizmet sepetinin, T\u00fcrkiye&#8217;de 40 Euro kar\u015f\u0131l\u0131\u011f\u0131 T\u00fcrk Liras\u0131 ile sat\u0131n al\u0131nabilece\u011fini g\u00f6sterdi.<\/span><br \/>\n<span style=\"font-family: arial, helvetica, sans-serif; font-size: 14px;\">Kar\u015f\u0131la\u015ft\u0131rmalarda, 27 AB \u00fcyesi \u00fclke, 3 Avrupa Serbest Ticaret Birli\u011fi (EFTA) \u00fclkesi (\u0130svi\u00e7re, \u0130zlanda ve Norve\u00e7), 5 aday \u00fclke (T\u00fcrkiye, Kuzey Makedonya, Karada\u011f, S\u0131rbistan ve Arnavutluk) ve 1 potansiyel aday \u00fclke (Bosna-Hersek) kapsand\u0131.<\/span><br \/>\n<span style=\"font-family: arial, helvetica, sans-serif; font-size: 14px;\">T\u00fcketim mal ve hizmetlerinde en pahal\u0131 \u00fclke \u0130svi\u00e7re<\/span><br \/>\n<span style=\"font-family: arial, helvetica, sans-serif; font-size: 14px;\">\u00dclkeler itibar\u0131yla kar\u015f\u0131la\u015ft\u0131r\u0131ld\u0131\u011f\u0131nda 36 \u00fclke aras\u0131nda t\u00fcketim mal ve hizmetlerine ili\u015fkin fiyat d\u00fczeyi endeksi en y\u00fcksek \u00fclke 174 ile \u0130svi\u00e7re, en d\u00fc\u015f\u00fck \u00fclke ise 40 ile T\u00fcrkiye oldu.<\/span><br \/>\n<span style=\"font-family: arial, helvetica, sans-serif; font-size: 14px;\">T\u00fcrkiye&#8217;de en y\u00fcksek fiyat d\u00fczeyi endeksi ki\u015fisel ula\u015f\u0131m ara\u00e7lar\u0131nda oldu<\/span><br \/>\n<span style=\"font-family: arial, helvetica, sans-serif; font-size: 14px;\">T\u00fcrkiye&#8217;nin t\u00fcketim mal ve hizmetleri grubuna ili\u015fkin fiyat d\u00fczeyi endeksi alt gruplar itibar\u0131yla incelendi\u011finde, ki\u015fisel ula\u015f\u0131m ara\u00e7lar\u0131 endeksi 144 oldu ve bu gruba ait fiyat d\u00fczeyinin AB \u00fclkeleri ortalamas\u0131n\u0131n \u00fczerinde oldu\u011fu g\u00f6r\u00fcld\u00fc.<\/span><br \/>\n<span style=\"font-family: arial, helvetica, sans-serif; font-size: 14px;\">Di\u011fer alt gruplar baz\u0131nda ise; t\u00fcketici elektroni\u011fi endeksi 79 oldu ve bu grupta da T\u00fcrkiye&#8217;nin fiyat d\u00fczeyinin di\u011fer alt gruplara k\u0131yasla y\u00fcksek oldu\u011fu g\u00f6r\u00fcld\u00fc. Buna kar\u015f\u0131l\u0131k giyim endeksi 36 oldu ve bu grupta fiyat d\u00fczeyinin di\u011fer alt gruplara g\u00f6re d\u00fc\u015f\u00fck oldu\u011fu g\u00f6zlendi. Ayr\u0131ca T\u00fcrkiye giyim endeks de\u011ferinde kar\u015f\u0131la\u015ft\u0131rmalarda yer alan 36 \u00fclke aras\u0131nda en d\u00fc\u015f\u00fck endekse sahip \u00fclke oldu. Lokanta ve oteller grubunda ise T\u00fcrkiye endeks de\u011feri 52 oldu.<\/span><\/p>\n","protected":false},"excerpt":{"rendered":"<p>Avrupa\u2019da kar\u015f\u0131la\u015ft\u0131r\u0131lan 36 \u00fclke aras\u0131nda t\u00fcketim mal ve hizmetlerine ili\u015fkin fiyat d\u00fczeyi endeksi en y\u00fcksek \u00fclke 174 ile \u0130svi\u00e7re, en<\/p>\n","protected":false},"author":3,"featured_media":10447,"comment_status":"open","ping_status":"open","sticky":false,"template":"","format":"standard","meta":{"colormag_page_container_layout":"default_layout","colormag_page_sidebar_layout":"default_layout","footnotes":""},"categories":[3,1,5],"tags":[],"class_list":["post-10439","post","type-post","status-publish","format-standard","has-post-thumbnail","hentry","category-ekonomi","category-genel","category-gundem"],"_links":{"self":[{"href":"https:\/\/marmarayerelhizmet.com\/index.php\/wp-json\/wp\/v2\/posts\/10439","targetHints":{"allow":["GET"]}}],"collection":[{"href":"https:\/\/marmarayerelhizmet.com\/index.php\/wp-json\/wp\/v2\/posts"}],"about":[{"href":"https:\/\/marmarayerelhizmet.com\/index.php\/wp-json\/wp\/v2\/types\/post"}],"author":[{"embeddable":true,"href":"https:\/\/marmarayerelhizmet.com\/index.php\/wp-json\/wp\/v2\/users\/3"}],"replies":[{"embeddable":true,"href":"https:\/\/marmarayerelhizmet.com\/index.php\/wp-json\/wp\/v2\/comments?post=10439"}],"version-history":[{"count":0,"href":"https:\/\/marmarayerelhizmet.com\/index.php\/wp-json\/wp\/v2\/posts\/10439\/revisions"}],"wp:featuredmedia":[{"embeddable":true,"href":"https:\/\/marmarayerelhizmet.com\/index.php\/wp-json\/wp\/v2\/media\/10447"}],"wp:attachment":[{"href":"https:\/\/marmarayerelhizmet.com\/index.php\/wp-json\/wp\/v2\/media?parent=10439"}],"wp:term":[{"taxonomy":"category","embeddable":true,"href":"https:\/\/marmarayerelhizmet.com\/index.php\/wp-json\/wp\/v2\/categories?post=10439"},{"taxonomy":"post_tag","embeddable":true,"href":"https:\/\/marmarayerelhizmet.com\/index.php\/wp-json\/wp\/v2\/tags?post=10439"}],"curies":[{"name":"wp","href":"https:\/\/api.w.org\/{rel}","templated":true}]}}