{"id":10438,"date":"2023-06-21T22:26:13","date_gmt":"2023-06-21T19:26:13","guid":{"rendered":"https:\/\/marmarayerelhizmet.com\/?p=10438"},"modified":"2023-06-21T22:26:13","modified_gmt":"2023-06-21T19:26:13","slug":"konteyner-kent-afada-tahsis-edildi","status":"publish","type":"post","link":"https:\/\/marmarayerelhizmet.com\/index.php\/2023\/06\/21\/konteyner-kent-afada-tahsis-edildi\/","title":{"rendered":"Konteyner Kent AFAD\u2019a Tahsis Edildi"},"content":{"rendered":"<p><strong><span style=\"font-family: arial, helvetica, sans-serif; font-size: 14px;\">Gemlik Belediyesi, Gemlik Ticaret ve Sanayi Odas\u0131 \u00d6nc\u00fcl\u00fc\u011f\u00fc\u2019nde Hatay\u2019a kurulan konteyner kent, protokolle AFAD\u2019a devredildi.<br \/>\n<\/span><\/strong><br \/>\n<span style=\"font-family: arial, helvetica, sans-serif; font-size: 14px;\">6 \u015eubat tarihinde ya\u015fanan ve asr\u0131n felaketi olarak adland\u0131r\u0131lan b\u00fcy\u00fck deprem sonras\u0131 kurulan Gemlik konteyner kenti AFAD\u2019a b\u00fcnyesine dahil edildi. Gemlik Ticaret ve Sanayi Odas\u0131 \u00f6nc\u00fcl\u00fc\u011f\u00fcnde Gemlik Belediyesi ve yard\u0131mseverlerin deste\u011fiyle \u00fc\u00e7\u00fcnc\u00fc g\u00fcnde kurulumuna ba\u015flanan kontyner kentte h\u0131zl\u0131 bir \u015fekilde ya\u015fam ba\u015flad\u0131. \u00d6nceki d\u00f6nem Bursa milletvekili Zafer I\u015f\u0131k&#8217;\u0131n \u00e7ok say\u0131da i\u015f insan\u0131n\u0131n bedenen de \u00e7al\u0131\u015farak kurulmas\u0131na \u00f6nc\u00fcl\u00fck etti\u011fi konteyner kentte yer alan konteynerlerde GTSO \u00fcyesi nakliyeciler ve lojistik firmalar\u0131n\u0131n g\u00f6n\u00fcll\u00fcl\u00fck esas\u0131 ile \u00f6zverili bir \u015fekilde zor \u015fartlarda \u00fccretsiz olarak b\u00f6lgeye g\u00f6t\u00fcr\u00fclm\u00fc\u015ft\u00fc.<\/span><br \/>\n<span style=\"font-family: arial, helvetica, sans-serif; font-size: 14px;\">Gemlik Ticaret ve Sanayi Odas\u0131 Meclis Ba\u015fkan Vekili Tevfik Y\u0131lmaz, GTSO Genel Sekreteri Emre Gemicio\u011flu Gemlik konteyner kente giderek, Hatay vali yard\u0131mc\u0131s\u0131 Do\u011fukan M\u0131zrak, \u0130skenderun Kaymakam\u0131 Murat Sefa Demiry\u00fcrek ve \u0130skenderun Deprem Koordinat\u00f6r\u00fc Kaymakam Erkan Minus ile bir araya gelerek incelemelerde ve temaslarda bulundular.<\/span><br \/>\n<span style=\"font-family: arial, helvetica, sans-serif; font-size: 14px;\">\u0130\u00e7erisinde \u00e7ocuk park\u0131, okul, kre\u015f, mescit ve t\u00fcm sosyal donat\u0131lara sahip olan konteyner kentte yer alan 101 adet konteyner, deprem s\u00fcreci tamamlanana ve depremzedeler kal\u0131c\u0131 konutlara iyile\u015finceye kadar AFAD kontrol\u00fcnde olacak.<\/span><br \/>\n<span style=\"font-family: arial, helvetica, sans-serif; font-size: 14px;\">\u00d6te yandan b\u00f6lgede hayat\u0131n normale d\u00f6nmesinin ard\u0131ndan bo\u015fa \u00e7\u0131kacak olan konteynerler Gemlik&#8217;e getirilerek Afet Koordinasyon Alan\u0131\u2019nda bak\u0131mlar\u0131 tamamlanarak burada de\u011ferlendirilecek.<\/span><\/p>\n","protected":false},"excerpt":{"rendered":"<p>Gemlik Belediyesi, Gemlik Ticaret ve Sanayi Odas\u0131 \u00d6nc\u00fcl\u00fc\u011f\u00fc\u2019nde Hatay\u2019a kurulan konteyner kent, protokolle AFAD\u2019a devredildi. 6 \u015eubat tarihinde ya\u015fanan ve<\/p>\n","protected":false},"author":3,"featured_media":10446,"comment_status":"open","ping_status":"open","sticky":false,"template":"","format":"standard","meta":{"colormag_page_container_layout":"default_layout","colormag_page_sidebar_layout":"default_layout","footnotes":""},"categories":[1,5,8],"tags":[],"class_list":["post-10438","post","type-post","status-publish","format-standard","has-post-thumbnail","hentry","category-genel","category-gundem","category-siyaset"],"_links":{"self":[{"href":"https:\/\/marmarayerelhizmet.com\/index.php\/wp-json\/wp\/v2\/posts\/10438","targetHints":{"allow":["GET"]}}],"collection":[{"href":"https:\/\/marmarayerelhizmet.com\/index.php\/wp-json\/wp\/v2\/posts"}],"about":[{"href":"https:\/\/marmarayerelhizmet.com\/index.php\/wp-json\/wp\/v2\/types\/post"}],"author":[{"embeddable":true,"href":"https:\/\/marmarayerelhizmet.com\/index.php\/wp-json\/wp\/v2\/users\/3"}],"replies":[{"embeddable":true,"href":"https:\/\/marmarayerelhizmet.com\/index.php\/wp-json\/wp\/v2\/comments?post=10438"}],"version-history":[{"count":0,"href":"https:\/\/marmarayerelhizmet.com\/index.php\/wp-json\/wp\/v2\/posts\/10438\/revisions"}],"wp:featuredmedia":[{"embeddable":true,"href":"https:\/\/marmarayerelhizmet.com\/index.php\/wp-json\/wp\/v2\/media\/10446"}],"wp:attachment":[{"href":"https:\/\/marmarayerelhizmet.com\/index.php\/wp-json\/wp\/v2\/media?parent=10438"}],"wp:term":[{"taxonomy":"category","embeddable":true,"href":"https:\/\/marmarayerelhizmet.com\/index.php\/wp-json\/wp\/v2\/categories?post=10438"},{"taxonomy":"post_tag","embeddable":true,"href":"https:\/\/marmarayerelhizmet.com\/index.php\/wp-json\/wp\/v2\/tags?post=10438"}],"curies":[{"name":"wp","href":"https:\/\/api.w.org\/{rel}","templated":true}]}}