{"id":10425,"date":"2023-06-21T09:50:00","date_gmt":"2023-06-21T06:50:00","guid":{"rendered":"https:\/\/marmarayerelhizmet.com\/?p=10425"},"modified":"2023-06-21T09:50:00","modified_gmt":"2023-06-21T06:50:00","slug":"butun-hizmetler-dort-dortluk-olmali","status":"publish","type":"post","link":"https:\/\/marmarayerelhizmet.com\/index.php\/2023\/06\/21\/butun-hizmetler-dort-dortluk-olmali\/","title":{"rendered":"&#8216;B\u00fct\u00fcn Hizmetler D\u00f6rt D\u00f6rtl\u00fck Olmal\u0131&#8217;"},"content":{"rendered":"<p><strong><span style=\"font-family: arial, helvetica, sans-serif; font-size: 14px;\">Bal\u0131kesir genelindeki huzur ve g\u00fcven ortam\u0131n\u0131n temininin yan\u0131 s\u0131ra yaz mevsiminde turizm dolay\u0131s\u0131yla n\u00fcfus art\u0131\u015f\u0131 beklenen il\u00e7elerde yap\u0131lan \u00e7al\u0131\u015fmalar\u0131n ve haz\u0131rl\u0131klar\u0131n ele al\u0131nd\u0131\u011f\u0131 G\u00fcvenlik De\u011ferlendirme toplant\u0131s\u0131 Vali Hasan \u015e\u0131ldak ba\u015fkanl\u0131\u011f\u0131nda ger\u00e7ekle\u015ftirildi.<br \/>\n<\/span><\/strong><br \/>\n<span style=\"font-family: arial, helvetica, sans-serif; font-size: 14px;\">Toplant\u0131da \u0130l Emniyet M\u00fcd\u00fcr\u00fc Hasan Onar, \u0130l Jandarma Komutan\u0131 J. Kd. Alb Ali Y\u0131ld\u0131z ve Sahil G\u00fcvenlik Kuzey Ege Grup Komutan\u0131 SG. Bnb. Emrah Kadir \u00c7ak\u0131r taraf\u0131ndan yap\u0131lan sunumlarda \u0130limizde son \u00fc\u00e7 y\u0131lda ya\u015fanan olaylarla ilgili bilgi verildiler. Asayi\u015f, trafik, ter\u00f6rle m\u00fccadele, narkotik gibi bir \u00e7ok ba\u015fl\u0131\u011f\u0131n yer ald\u0131\u011f\u0131 sunumlarda olaylar\u0131n il\u00e7elere g\u00f6re da\u011f\u0131l\u0131m\u0131n\u0131n yan\u0131 sar\u0131, olaylar\u0131n y\u0131llara g\u00f6re kar\u015f\u0131la\u015ft\u0131r\u0131lmas\u0131 yap\u0131ld\u0131.<\/span><br \/>\n<span style=\"font-family: arial, helvetica, sans-serif; font-size: 14px;\">Toplant\u0131da yaz mevsiminde asayi\u015fin ve g\u00fcvenin temini i\u00e7in al\u0131nan tedbirler g\u00f6r\u00fc\u015f\u00fcl\u00fcrken, \u0130l g\u00fcvenli\u011finin genel de\u011ferlendirmesi de yap\u0131ld\u0131.<\/span><br \/>\n<span style=\"font-family: arial, helvetica, sans-serif; font-size: 14px;\">Vatanda\u015f\u0131n tam bir huzur ortam\u0131nda olmas\u0131 i\u00e7in \u00e7al\u0131\u015fmalar\u0131n koordinasyon i\u00e7inde devam etmesi gerekti\u011fine dikkat \u00e7eken \u015e\u0131ldak, yaz aylar\u0131nda k\u00f6rfez b\u00f6lgesinde ya\u015fanan n\u00fcfus art\u0131\u015f\u0131 dolay\u0131s\u0131yla haziran ay\u0131ndan itibaren temmuz, a\u011fustos, eyl\u00fcl d\u00f6neminde daha etkili, g\u00f6r\u00fcn\u00fcr ve g\u00fc\u00e7l\u00fc bir kolluk y\u00f6netimine ihtiya\u00e7 duyuldu\u011funu s\u00f6yledi. \u201cGe\u00e7mi\u015f y\u0131llar\u0131n tecr\u00fcbelerini, ya\u015fad\u0131\u011f\u0131m\u0131z olaylar\u0131, g\u00f6sterdi\u011fimiz yakla\u015f\u0131mlar\u0131, eksik kald\u0131\u011f\u0131m\u0131z noktalar\u0131 da bilerek hareket ediyoruz. Ben ayr\u0131ca se\u00e7im s\u00fcrecini sa\u011fl\u0131kl\u0131, huzurlu bir \u015fekilde ge\u00e7irmemizi sa\u011flayan herkese te\u015fekk\u00fcr ediyorum. \u015eimdi de yaz sezonu ba\u015fl\u0131yor. B\u00f6yle zor ve hassasiyet gerektiren d\u00f6nemlerin ba\u015f\u0131nda sizlerle bir araya gelmeyi, isti\u015farede bulunmay\u0131, d\u00fc\u015f\u00fcncelerimizi payla\u015fmay\u0131, yakla\u015f\u0131mlar\u0131m\u0131z\u0131 ortaya koymay\u0131 \u00f6nemsiyorum\u201d \u015feklinde konu\u015ftu.<\/span><br \/>\n<span style=\"font-family: arial, helvetica, sans-serif; font-size: 14px;\">Devletin vatanda\u015f\u0131n hizmetinde oldu\u011fu anlay\u0131\u015f\u0131yla \u00e7al\u0131\u015fmalar\u0131n koordinasyon i\u00e7inde s\u00fcrd\u00fcr\u00fcld\u00fc\u011f\u00fcn\u00fc s\u00f6yleyen Vali \u015e\u0131ldak, \u201cBu hizmetleri sa\u011flarken en \u00f6nemli g\u00f6rev vatanda\u015f\u0131n huzurunu ve g\u00fcvenini temin etmektir. Bu noktada her birimizin devletimiz ad\u0131na s\u00fcrd\u00fcrd\u00fc\u011f\u00fc g\u00f6revler en kutsal ve en \u00f6ncelikli g\u00f6revlerdir. \u00c7\u00fcnk\u00fc sokakta y\u00fcr\u00fcyen vatanda\u015f\u0131m\u0131z g\u00fcven duymuyorsa, yeterince kendini g\u00fcvende hissetmiyorsa, toplumda hi\u00e7bir alanda verimli bir \u00e7al\u0131\u015fma ve \u00fcretkenlik m\u00fcmk\u00fcn olamaz. Sa\u011fl\u0131k \u00f6nemli, turizm \u00f6nemli diyoruz ama bu alanlar\u0131 uygun ortamlara kavu\u015fturmak i\u00e7in sizlerin gayretli \u00e7al\u0131\u015fmas\u0131yla y\u00fcr\u00fct\u00fclen asayi\u015f hizmetleri en \u00f6nde geliyor. Su\u00e7un olu\u015fumunu \u00f6nleyici faaliyetler de en \u00f6nemli unsurdur. Huzurun ve g\u00fcvenli\u011fin temini noktas\u0131nda kolluk amirlerimizin dirayet ve y\u00f6netimiyle, kolluk kuvvetlerimizin varl\u0131\u011f\u0131yla bir\u00e7ok olay\u0131 \u00f6nledi\u011fimizi bilmenizi isterim. Gerek planl\u0131 gerekse anl\u0131k uygulamalarla ba\u015far\u0131l\u0131 \u00e7al\u0131\u015fmalara imza at\u0131yorsunuz. \u0130limizde her ge\u00e7en g\u00fcn asayi\u015fin sa\u011flanmas\u0131nda ilerleme kaydediyoruz\u201d \u015feklinde konu\u015ftu.<\/span><br \/>\n<span style=\"font-family: arial, helvetica, sans-serif; font-size: 14px;\">D\u00fczenleyici olma bilinciyle, olaylar ya\u015fanmadan tedbir al\u0131nmas\u0131n\u0131n \u00f6nemine de\u011finen \u015e\u0131ldak, \u201c\u015eimdi \u00f6nemli bir n\u00fcfus yo\u011funlu\u011fu ya\u015fayaca\u011f\u0131m\u0131z\u0131 \u00f6ng\u00f6rd\u00fc\u011f\u00fcm\u00fcz turizm sezonumuzda vatanda\u015f\u0131m\u0131z\u0131n tatillerini huzurlu bir \u015fekilde yapmalar\u0131n\u0131 sa\u011flamak i\u00e7in \u00e7al\u0131\u015fmalar\u0131m\u0131z\u0131 ayn\u0131 hassasiyet ve koordinasyonla s\u00fcrd\u00fcrece\u011fiz. Bilhassa turizm b\u00f6lgemiz bizim vitrinimizdir. \u0130l genelinde oldu\u011fu gibi bu il\u00e7elerimizde yaz sezonunda b\u00fct\u00fcn hizmetlerin d\u00f6rt d\u00f6rtl\u00fck olmas\u0131n\u0131 \u00f6nemsiyorum. Siz de bak\u0131\u015f a\u00e7\u0131lar\u0131n\u0131z\u0131 buna g\u00f6re belirleyin\u201d dedi.<\/span><br \/>\n<span style=\"font-family: arial, helvetica, sans-serif; font-size: 14px;\">Bal\u0131kesir \u00d6\u011fretmenevinde Vali \u015e\u0131ldak ba\u015fkanl\u0131\u011f\u0131nda ger\u00e7ekle\u015ftirilen toplant\u0131ya Vali Yard\u0131mc\u0131s\u0131 Mustafa \u00c7ek, Ayval\u0131k Kaymakam\u0131 Hasan Yaman, Band\u0131rma Kaymakam\u0131 Engin Aksakal, Burhaniye Kaymakam\u0131 \u0130lyas Memi\u015f, Edremit Kaymakam\u0131 Ahmet Odaba\u015f, Erdek Kaymakam\u0131 A. Atakan Atasoy, Havran Kaymakam\u0131 Enver \u00d6zderin, G\u00f6me\u00e7 Kaymakam\u0131 \u015eeref G\u00fclser, Marmara Kaymakam\u0131 Koray \u00c7elik, \u0130l Emniyet M\u00fcd\u00fcr\u00fc Hasan Onar, \u0130l Jandarma Komutan\u0131 J. Kd. Alb Ali Y\u0131ld\u0131z, Sahil G\u00fcvenlik Kuzey Ege Grup Komutan\u0131 SG. Bnb. Emrah Kadir \u00c7ak\u0131r, Emniyet ve Jandarma \u015fube m\u00fcd\u00fcrleri ile il\u00e7e emniyet m\u00fcd\u00fcrleri ve jandarma komutanlar\u0131 kat\u0131ld\u0131.<\/span><\/p>\n","protected":false},"excerpt":{"rendered":"<p>Bal\u0131kesir genelindeki huzur ve g\u00fcven ortam\u0131n\u0131n temininin yan\u0131 s\u0131ra yaz mevsiminde turizm dolay\u0131s\u0131yla n\u00fcfus art\u0131\u015f\u0131 beklenen il\u00e7elerde yap\u0131lan \u00e7al\u0131\u015fmalar\u0131n ve<\/p>\n","protected":false},"author":3,"featured_media":10429,"comment_status":"open","ping_status":"open","sticky":false,"template":"","format":"standard","meta":{"colormag_page_container_layout":"default_layout","colormag_page_sidebar_layout":"default_layout","footnotes":""},"categories":[1,5,8],"tags":[],"class_list":["post-10425","post","type-post","status-publish","format-standard","has-post-thumbnail","hentry","category-genel","category-gundem","category-siyaset"],"_links":{"self":[{"href":"https:\/\/marmarayerelhizmet.com\/index.php\/wp-json\/wp\/v2\/posts\/10425","targetHints":{"allow":["GET"]}}],"collection":[{"href":"https:\/\/marmarayerelhizmet.com\/index.php\/wp-json\/wp\/v2\/posts"}],"about":[{"href":"https:\/\/marmarayerelhizmet.com\/index.php\/wp-json\/wp\/v2\/types\/post"}],"author":[{"embeddable":true,"href":"https:\/\/marmarayerelhizmet.com\/index.php\/wp-json\/wp\/v2\/users\/3"}],"replies":[{"embeddable":true,"href":"https:\/\/marmarayerelhizmet.com\/index.php\/wp-json\/wp\/v2\/comments?post=10425"}],"version-history":[{"count":0,"href":"https:\/\/marmarayerelhizmet.com\/index.php\/wp-json\/wp\/v2\/posts\/10425\/revisions"}],"wp:featuredmedia":[{"embeddable":true,"href":"https:\/\/marmarayerelhizmet.com\/index.php\/wp-json\/wp\/v2\/media\/10429"}],"wp:attachment":[{"href":"https:\/\/marmarayerelhizmet.com\/index.php\/wp-json\/wp\/v2\/media?parent=10425"}],"wp:term":[{"taxonomy":"category","embeddable":true,"href":"https:\/\/marmarayerelhizmet.com\/index.php\/wp-json\/wp\/v2\/categories?post=10425"},{"taxonomy":"post_tag","embeddable":true,"href":"https:\/\/marmarayerelhizmet.com\/index.php\/wp-json\/wp\/v2\/tags?post=10425"}],"curies":[{"name":"wp","href":"https:\/\/api.w.org\/{rel}","templated":true}]}}