{"id":10423,"date":"2023-06-21T09:49:47","date_gmt":"2023-06-21T06:49:47","guid":{"rendered":"https:\/\/marmarayerelhizmet.com\/?p=10423"},"modified":"2023-06-21T09:49:47","modified_gmt":"2023-06-21T06:49:47","slug":"buyukcekmece-baraji-risk-altinda","status":"publish","type":"post","link":"https:\/\/marmarayerelhizmet.com\/index.php\/2023\/06\/21\/buyukcekmece-baraji-risk-altinda\/","title":{"rendered":"B\u00fcy\u00fck\u00e7ekmece Baraj\u0131 Risk Alt\u0131nda"},"content":{"rendered":"<p><strong><span style=\"font-family: arial, helvetica, sans-serif; font-size: 14px;\">B\u00fcy\u00fck\u00e7ekmece\u2019de 1988 y\u0131l\u0131nda faaliyete ge\u00e7en B\u00fcy\u00fck\u00e7ekmece G\u00f6l\u00fc ile denizi aras\u0131ndaki B\u00fcy\u00fck\u00e7ekmece Baraj\u0131\u2019n\u0131n suyu tutan ve dolgu olarak yap\u0131lan g\u00f6vdesi muhtemel b\u00fcy\u00fck \u0130stanbul Depremi\u2019nde uzmanlara g\u00f6re risk alt\u0131nda. Konuyla ilgili konu\u015fan B\u00fcy\u00fck\u00e7ekmece Belediye Ba\u015fkan\u0131 Dr. Hasan Akg\u00fcn ilgili raporlar\u0131n sunuldu\u011funu ifade ederek, \u201c20-25 bin n\u00fcfuslu bir mahallenin tamam\u0131n\u0131 etkiler. Baraj dolulu\u011fu 6,30 kotunda olur ise B\u00fcy\u00fck\u00e7ekmece merkezini komple denize atar s\u00fcp\u00fcr\u00fcr\u201d dedi.<br \/>\n<\/span><\/strong><br \/>\n<span style=\"font-family: arial, helvetica, sans-serif; font-size: 14px;\">Kahramanmara\u015f Merkezli 2 b\u00fcy\u00fck depremin ard\u0131ndan g\u00fcndeme yeniden muhtemel b\u00fcy\u00fck \u0130stanbul depremi geldi. B\u00fcy\u00fck \u0130stanbul depremi ile ilgili bir\u00e7ok senaryodan bahsedilirken barajlar\u0131n depreme dayan\u0131kl\u0131l\u0131\u011f\u0131 da bir kez daha konu\u015fuldu. Bir\u00e7ok uzman taraf\u0131ndan 1988 y\u0131l\u0131nda faaliyete ge\u00e7en B\u00fcy\u00fck\u00e7ekmece G\u00f6l\u00fc ile Deniz aras\u0131nda bulunan B\u00fcy\u00fck\u00e7ekmece Baraj\u0131\u2019n\u0131n da risk alt\u0131nda oldu\u011fu s\u00f6ylenildi. G\u00f6vde sistemi ile sular\u0131n tutuldu\u011fu dolgu alan\u0131n da yeniden elden ge\u00e7irilmesi gerekti\u011fini ifade eden B\u00fcy\u00fck\u00e7ekmece Belediye Ba\u015fkan\u0131 Dr. Hasan Akg\u00fcn, konuyla ilgili a\u00e7\u0131klamalar da bulunarak 2 y\u0131l \u00f6nce s\u00f6z konusu alanla ilgili raporlar haz\u0131rland\u0131\u011f\u0131n\u0131 ve ilgili yerlere verildi\u011fini \u00e7al\u0131\u015fmalar\u0131n ise ihale s\u00fcrecinde oldu\u011funu \u00f6\u011frendiklerini belirtti.<\/span><\/p>\n<p><strong><span style=\"font-family: arial, helvetica, sans-serif; font-size: 14px;\">&#8220;Baraj\u0131\u2019n\u0131n g\u00f6vde seddesinin de emniyete al\u0131nmas\u0131 a\u00e7\u0131s\u0131ndan seri toplant\u0131lar yap\u0131ld\u0131&#8221;<\/span><\/strong><br \/>\n<span style=\"font-family: arial, helvetica, sans-serif; font-size: 14px;\">B\u00fcy\u00fck\u00e7ekmece G\u00f6l\u00fc\u2019n\u00fcn ve baraj\u0131n\u0131n \u00f6neminden bahseden B\u00fcy\u00fck\u00e7ekmece Belediye Ba\u015fkan\u0131 Dr. Hasan Akg\u00fcn, \u201cBaraj olduktan sonra baraj ile birlikte tehditlerimizde olu\u015fmu\u015ftur. Bu da 7.5, 8 \u015fiddetinde bir deprem ile kar\u015f\u0131 kar\u015f\u0131ya kal\u0131nd\u0131\u011f\u0131 taktir de risk olu\u015fturur. \u0130lk defa T\u00fcrkiye\u2019de bir barajda bu tip g\u00f6vde, dolgu \u015feddeli bir baraj yap\u0131lm\u0131\u015ft\u0131. \u00dcst\u00fcnde bulundu\u011fumu suyu tutan bu g\u00f6vde dolgu olarak yap\u0131lm\u0131\u015ft\u0131r. Bu nedenle \u0130stanbul\u2019da depreme kar\u015f\u0131 yap\u0131lmakta olan \u00e7al\u0131\u015fmalara ilave olarak B\u00fcy\u00fck\u00e7ekmece Baraj\u0131\u2019n\u0131n g\u00f6vde seddesinin de emniyete al\u0131nmas\u0131 a\u00e7\u0131s\u0131ndan seri toplant\u0131lar yap\u0131lm\u0131\u015f, jeo teknik raporlar haz\u0131rlanm\u0131\u015f ve DS\u0130 B\u00f6lge M\u00fcd\u00fcrl\u00fc\u011f\u00fc, M\u00fcd\u00fcrl\u00fc\u011f\u00fcne bunlar g\u00f6nderilmi\u015ftir\u201d dedi.<\/span><\/p>\n<p><strong><span style=\"font-family: arial, helvetica, sans-serif; font-size: 14px;\">&#8220;Baraj deniz seviyesinden 6 bu\u00e7uk metre y\u00fckseklikte&#8221;<\/span><\/strong><br \/>\n<span style=\"font-family: arial, helvetica, sans-serif; font-size: 14px;\">Depremle birlikte riskin her zaman olaca\u011f\u0131n\u0131 da ifade eden Ba\u015fkan Akg\u00fcn, \u201cDepremin b\u00fcy\u00fckl\u00fc\u011f\u00fcn\u00fc bilemedi\u011fimiz i\u00e7in her zaman i\u00e7in risk vard\u0131r. Biz 11 \u015eubat 2021\u2019de bu baraj\u0131n g\u00f6vdesi ile ilgili jeo teknik raporu DS\u0130, \u0130BB ve ilgili yerlere g\u00f6nderdik takibini de yap\u0131yoruz. B\u00fcy\u00fck bir depremde bu g\u00f6vde de bir yar\u0131lma olursa B\u00fcy\u00fck\u00e7ekmece merkezin tamam\u0131 su alt\u0131nda kal\u0131r. Baraj dolulu\u011fu 6,30 kotunda olur ise B\u00fcy\u00fck\u00e7ekmece merkezini komple denize atarak s\u00fcp\u00fcr\u00fcr. Bir\u00e7ok \u00e7al\u0131\u015fmalar yap\u0131ld\u0131 bize g\u00f6vdenin deniz taraf\u0131nda yap\u0131lan kaz\u0131k sistemi ile ilgili iyile\u015ftirilme hakk\u0131nda bilgiler verildi ve ihale a\u015famas\u0131na gelindi\u011fi bildirildi. \u015eu anda hen\u00fcz bir \u00e7al\u0131\u015fma ba\u015flamad\u0131. Allah korusun b\u00fcy\u00fck bir depremde bu g\u00f6vde yar\u0131l\u0131r ise B\u00fcy\u00fck\u00e7ekmece merkezi risk alt\u0131nda. A\u015fa\u011f\u0131 yukar\u0131 20-25 bin n\u00fcfuslu bir mahallenin tamam\u0131n\u0131 etkiler. Deniz seviyesindeyiz baraj ise deniz seviyesinden 6 bu\u00e7uk metre y\u00fckseklikte. O kadar bas\u0131n\u00e7 ile bir yar\u0131lma olursa \u00e7ok b\u00fcy\u00fck tehlike arz eder. Bununla ilgili raporlar\u0131 sunduk tedbirlerin al\u0131nmas\u0131n\u0131 bekliyoruz\u201d diye konu\u015ftu.<\/span><\/p>\n","protected":false},"excerpt":{"rendered":"<p>B\u00fcy\u00fck\u00e7ekmece\u2019de 1988 y\u0131l\u0131nda faaliyete ge\u00e7en B\u00fcy\u00fck\u00e7ekmece G\u00f6l\u00fc ile denizi aras\u0131ndaki B\u00fcy\u00fck\u00e7ekmece Baraj\u0131\u2019n\u0131n suyu tutan ve dolgu olarak yap\u0131lan g\u00f6vdesi muhtemel<\/p>\n","protected":false},"author":3,"featured_media":10428,"comment_status":"open","ping_status":"open","sticky":false,"template":"","format":"standard","meta":{"colormag_page_container_layout":"default_layout","colormag_page_sidebar_layout":"default_layout","footnotes":""},"categories":[1,5,8],"tags":[],"class_list":["post-10423","post","type-post","status-publish","format-standard","has-post-thumbnail","hentry","category-genel","category-gundem","category-siyaset"],"_links":{"self":[{"href":"https:\/\/marmarayerelhizmet.com\/index.php\/wp-json\/wp\/v2\/posts\/10423","targetHints":{"allow":["GET"]}}],"collection":[{"href":"https:\/\/marmarayerelhizmet.com\/index.php\/wp-json\/wp\/v2\/posts"}],"about":[{"href":"https:\/\/marmarayerelhizmet.com\/index.php\/wp-json\/wp\/v2\/types\/post"}],"author":[{"embeddable":true,"href":"https:\/\/marmarayerelhizmet.com\/index.php\/wp-json\/wp\/v2\/users\/3"}],"replies":[{"embeddable":true,"href":"https:\/\/marmarayerelhizmet.com\/index.php\/wp-json\/wp\/v2\/comments?post=10423"}],"version-history":[{"count":0,"href":"https:\/\/marmarayerelhizmet.com\/index.php\/wp-json\/wp\/v2\/posts\/10423\/revisions"}],"wp:featuredmedia":[{"embeddable":true,"href":"https:\/\/marmarayerelhizmet.com\/index.php\/wp-json\/wp\/v2\/media\/10428"}],"wp:attachment":[{"href":"https:\/\/marmarayerelhizmet.com\/index.php\/wp-json\/wp\/v2\/media?parent=10423"}],"wp:term":[{"taxonomy":"category","embeddable":true,"href":"https:\/\/marmarayerelhizmet.com\/index.php\/wp-json\/wp\/v2\/categories?post=10423"},{"taxonomy":"post_tag","embeddable":true,"href":"https:\/\/marmarayerelhizmet.com\/index.php\/wp-json\/wp\/v2\/tags?post=10423"}],"curies":[{"name":"wp","href":"https:\/\/api.w.org\/{rel}","templated":true}]}}