{"id":10381,"date":"2023-06-20T20:26:14","date_gmt":"2023-06-20T17:26:14","guid":{"rendered":"https:\/\/marmarayerelhizmet.com\/?p=10381"},"modified":"2023-06-20T20:26:14","modified_gmt":"2023-06-20T17:26:14","slug":"jandarma-atli-timi-tanitildi","status":"publish","type":"post","link":"https:\/\/marmarayerelhizmet.com\/index.php\/2023\/06\/20\/jandarma-atli-timi-tanitildi\/","title":{"rendered":"Jandarma Atl\u0131 Timi Tan\u0131t\u0131ld\u0131"},"content":{"rendered":"<p><strong><span style=\"font-family: arial, helvetica, sans-serif; font-size: 14px;\">Tekirda\u011f&#8217;da turistik b\u00f6lgelerinde g\u00f6rev alacak jandarma atl\u0131 timi tan\u0131t\u0131ld\u0131.<br \/>\n<\/span><\/strong><br \/>\n<span style=\"font-family: arial, helvetica, sans-serif; font-size: 14px;\">Nev\u015fehir Jandarma At K\u00f6pek E\u011fitim Merkezi (JAKEM) Komutanl\u0131\u011f\u0131ndan Tekirda\u011f \u0130l Jandarma Komutanl\u0131\u011f\u0131 emrine g\u00f6revlendirilen atl\u0131 jandarma timleri, turizm b\u00f6lgelerinde emniyet ve asayi\u015fi sa\u011flamak maksad\u0131yla yaz aylar\u0131 s\u00fcresince 2 ay S\u00fcleymanpa\u015fa Kumba\u011f sahili, Marmaraere\u011flisi Sultank\u00f6y ve Yeni\u00e7iftlik sahilleri, \u015eark\u00f6y M\u00fcrefte sahili ve Saray \u00c7aml\u0131koy Tabiat Park\u0131nda (Kastro) devriyelerini icra edecek.<\/span><br \/>\n<span style=\"font-family: arial, helvetica, sans-serif; font-size: 14px;\">G\u00f6rev \u00f6ncesi atl\u0131 jandarma timi, Tekirda\u011f&#8217;da tan\u0131t\u0131m amac\u0131yla sahil alan boyunca gezi yapt\u0131. Jandarmadan atl\u0131 timi, vatanda\u015flar taraf\u0131ndan da ilgiyle kar\u015f\u0131land\u0131. Atlara yakla\u015fan vatanda\u015flar, bol bol foto\u011fraf \u00e7ekilmeye \u00e7al\u0131\u015ft\u0131.<\/span><br \/>\n<span style=\"font-family: arial, helvetica, sans-serif; font-size: 14px;\">Vatanda\u015flar yapt\u0131klar\u0131 a\u00e7\u0131klamada, &#8220;\u00c7ok g\u00fczel \u00e7ok \u015fa\u015f\u0131rd\u0131k. \u00c7ok be\u011fendik harika&#8221; dedi.<\/span><\/p>\n","protected":false},"excerpt":{"rendered":"<p>Tekirda\u011f&#8217;da turistik b\u00f6lgelerinde g\u00f6rev alacak jandarma atl\u0131 timi tan\u0131t\u0131ld\u0131. Nev\u015fehir Jandarma At K\u00f6pek E\u011fitim Merkezi (JAKEM) Komutanl\u0131\u011f\u0131ndan Tekirda\u011f \u0130l Jandarma<\/p>\n","protected":false},"author":3,"featured_media":10383,"comment_status":"open","ping_status":"open","sticky":false,"template":"","format":"standard","meta":{"colormag_page_container_layout":"default_layout","colormag_page_sidebar_layout":"default_layout","footnotes":""},"categories":[1,5],"tags":[],"class_list":["post-10381","post","type-post","status-publish","format-standard","has-post-thumbnail","hentry","category-genel","category-gundem"],"_links":{"self":[{"href":"https:\/\/marmarayerelhizmet.com\/index.php\/wp-json\/wp\/v2\/posts\/10381","targetHints":{"allow":["GET"]}}],"collection":[{"href":"https:\/\/marmarayerelhizmet.com\/index.php\/wp-json\/wp\/v2\/posts"}],"about":[{"href":"https:\/\/marmarayerelhizmet.com\/index.php\/wp-json\/wp\/v2\/types\/post"}],"author":[{"embeddable":true,"href":"https:\/\/marmarayerelhizmet.com\/index.php\/wp-json\/wp\/v2\/users\/3"}],"replies":[{"embeddable":true,"href":"https:\/\/marmarayerelhizmet.com\/index.php\/wp-json\/wp\/v2\/comments?post=10381"}],"version-history":[{"count":0,"href":"https:\/\/marmarayerelhizmet.com\/index.php\/wp-json\/wp\/v2\/posts\/10381\/revisions"}],"wp:featuredmedia":[{"embeddable":true,"href":"https:\/\/marmarayerelhizmet.com\/index.php\/wp-json\/wp\/v2\/media\/10383"}],"wp:attachment":[{"href":"https:\/\/marmarayerelhizmet.com\/index.php\/wp-json\/wp\/v2\/media?parent=10381"}],"wp:term":[{"taxonomy":"category","embeddable":true,"href":"https:\/\/marmarayerelhizmet.com\/index.php\/wp-json\/wp\/v2\/categories?post=10381"},{"taxonomy":"post_tag","embeddable":true,"href":"https:\/\/marmarayerelhizmet.com\/index.php\/wp-json\/wp\/v2\/tags?post=10381"}],"curies":[{"name":"wp","href":"https:\/\/api.w.org\/{rel}","templated":true}]}}