{"id":10362,"date":"2023-06-20T13:41:26","date_gmt":"2023-06-20T10:41:26","guid":{"rendered":"https:\/\/marmarayerelhizmet.com\/?p=10362"},"modified":"2023-06-20T13:41:26","modified_gmt":"2023-06-20T10:41:26","slug":"altieylulde-koy-yollari-yapiliyor","status":"publish","type":"post","link":"https:\/\/marmarayerelhizmet.com\/index.php\/2023\/06\/20\/altieylulde-koy-yollari-yapiliyor\/","title":{"rendered":"Alt\u0131eyl\u00fcl&#8217;de K\u00f6y Yollar\u0131 Yap\u0131l\u0131yor"},"content":{"rendered":"<p><strong><span style=\"font-family: arial, helvetica, sans-serif; font-size: 14px;\">Alt\u0131eyl\u00fcl Belediyesi bozulan ve y\u0131pranan yollara kilitli parke ta\u015f\u0131, bord\u00fcr d\u00f6\u015feme ve k\u0131rsal mahallelerde tarla yolu a\u00e7ma \u00e7al\u0131\u015fmalar\u0131n\u0131 aral\u0131ks\u0131z s\u00fcrd\u00fcr\u00fcyor. Pamuk\u00e7u\u2019da BASK\u0130 taraf\u0131ndan yenilenen altyap\u0131 sonras\u0131nda \u00fcstyap\u0131 yenileme \u00e7al\u0131\u015fmalar\u0131 da Fen \u0130\u015fleri ekipleri taraf\u0131ndan yap\u0131l\u0131yor.<br \/>\n<\/span><\/strong><br \/>\n<span style=\"font-family: arial, helvetica, sans-serif; font-size: 14px;\">Alt\u0131eyl\u00fcl Belediyesi ya\u015fanabilir bir \u00e7evre d\u00fczenlemesi i\u00e7in \u00e7al\u0131\u015fmalar\u0131n\u0131 aral\u0131ks\u0131z devam ettiriyor. Belediye ekipleri, Merkez ve K\u0131rsal Mahallelere yap\u0131lacak \u00e7al\u0131\u015fmalar i\u00e7erisinde 400 bin metrekare kilit parke ta\u015f\u0131 ve 50 bin metre bord\u00fcr d\u00f6\u015feme i\u015flemleri Fen \u0130\u015fleri ekiplerince ger\u00e7ekle\u015ftiriliyor.<\/span><br \/>\n<span style=\"font-family: arial, helvetica, sans-serif; font-size: 14px;\">Fen \u0130\u015fleri M\u00fcd\u00fcrl\u00fc\u011f\u00fc ekipleri bu zamana kadar Cinge, Nergiz, G\u00f6kk\u00f6y, Di\u015fbudak, Be\u015fp\u0131nar, \u00c7ay\u0131rhisar, Derek\u00f6y, \u00c7and\u0131r, Karamank\u00f6y, Derek\u00f6y, Pa\u015fak\u00f6y, Ta\u015fk\u00f6pr\u00fc,Tayipler ve Pamuk\u00e7u Mahallelerinde kilitli parke ta\u015f\u0131, yol \u0131slah\u0131, parke ta\u015f\u0131 \u00f6ncesi ve tarla yol a\u00e7ma \u00e7al\u0131\u015fmalar\u0131n\u0131 aral\u0131ks\u0131z s\u00fcrd\u00fcr\u00fcyor.<\/span><br \/>\n<span style=\"font-family: arial, helvetica, sans-serif; font-size: 14px;\">Ba\u015fkan Hasan Avc\u0131, \u201cMerkez ve K\u0131rsal Mahallelerimizde kilit parke ve bord\u00fcr d\u00f6\u015feme \u00e7al\u0131\u015fmalar\u0131 devam ediyor. Bunun yan\u0131nda Fen \u0130\u015fleri M\u00fcd\u00fcrl\u00fc\u011f\u00fc ekiplerimiz tarla yollar\u0131n\u0131n da a\u00e7\u0131lmas\u0131 konusunda da \u00e7al\u0131\u015fmalar\u0131n\u0131 s\u00fcrd\u00fcr\u00fcyor. Bu zamana kadar 400 kilometre tarla yolu a\u00e7\u0131lma \u00e7al\u0131\u015fmas\u0131 tamamland\u0131. 81 k\u0131rsal mahallenin tarla yolu a\u00e7\u0131lma i\u015fi yaz ay\u0131 boyunca s\u00fcrd\u00fcr\u00fclecek. Ge\u00e7ti\u011fimiz y\u0131l 920 kilometrelik tarla yolu a\u00e7\u0131m i\u015fi yap\u0131lm\u0131\u015ft\u0131. Bu sene de yaz sezonu bitimine kadar ayn\u0131 \u00f6l\u00e7\u00fcde k\u0131rsal mahallelerin tarla yolu a\u00e7\u0131lma i\u015fi ger\u00e7ekle\u015ftirilecek\u201d dedi.<\/span><\/p>\n","protected":false},"excerpt":{"rendered":"<p>Alt\u0131eyl\u00fcl Belediyesi bozulan ve y\u0131pranan yollara kilitli parke ta\u015f\u0131, bord\u00fcr d\u00f6\u015feme ve k\u0131rsal mahallelerde tarla yolu a\u00e7ma \u00e7al\u0131\u015fmalar\u0131n\u0131 aral\u0131ks\u0131z s\u00fcrd\u00fcr\u00fcyor.<\/p>\n","protected":false},"author":3,"featured_media":10367,"comment_status":"open","ping_status":"open","sticky":false,"template":"","format":"standard","meta":{"colormag_page_container_layout":"default_layout","colormag_page_sidebar_layout":"default_layout","footnotes":""},"categories":[1,5,8],"tags":[],"class_list":["post-10362","post","type-post","status-publish","format-standard","has-post-thumbnail","hentry","category-genel","category-gundem","category-siyaset"],"_links":{"self":[{"href":"https:\/\/marmarayerelhizmet.com\/index.php\/wp-json\/wp\/v2\/posts\/10362","targetHints":{"allow":["GET"]}}],"collection":[{"href":"https:\/\/marmarayerelhizmet.com\/index.php\/wp-json\/wp\/v2\/posts"}],"about":[{"href":"https:\/\/marmarayerelhizmet.com\/index.php\/wp-json\/wp\/v2\/types\/post"}],"author":[{"embeddable":true,"href":"https:\/\/marmarayerelhizmet.com\/index.php\/wp-json\/wp\/v2\/users\/3"}],"replies":[{"embeddable":true,"href":"https:\/\/marmarayerelhizmet.com\/index.php\/wp-json\/wp\/v2\/comments?post=10362"}],"version-history":[{"count":0,"href":"https:\/\/marmarayerelhizmet.com\/index.php\/wp-json\/wp\/v2\/posts\/10362\/revisions"}],"wp:featuredmedia":[{"embeddable":true,"href":"https:\/\/marmarayerelhizmet.com\/index.php\/wp-json\/wp\/v2\/media\/10367"}],"wp:attachment":[{"href":"https:\/\/marmarayerelhizmet.com\/index.php\/wp-json\/wp\/v2\/media?parent=10362"}],"wp:term":[{"taxonomy":"category","embeddable":true,"href":"https:\/\/marmarayerelhizmet.com\/index.php\/wp-json\/wp\/v2\/categories?post=10362"},{"taxonomy":"post_tag","embeddable":true,"href":"https:\/\/marmarayerelhizmet.com\/index.php\/wp-json\/wp\/v2\/tags?post=10362"}],"curies":[{"name":"wp","href":"https:\/\/api.w.org\/{rel}","templated":true}]}}