{"id":10352,"date":"2023-06-20T13:19:22","date_gmt":"2023-06-20T10:19:22","guid":{"rendered":"https:\/\/marmarayerelhizmet.com\/?p=10352"},"modified":"2023-06-20T13:19:22","modified_gmt":"2023-06-20T10:19:22","slug":"100-kiloluk-orkinos-avladi","status":"publish","type":"post","link":"https:\/\/marmarayerelhizmet.com\/index.php\/2023\/06\/20\/100-kiloluk-orkinos-avladi\/","title":{"rendered":"100 Kiloluk Orkinos Avlad\u0131"},"content":{"rendered":"<p><strong><span style=\"font-family: arial, helvetica, sans-serif; font-size: 14px;\">\u00c7anakkale Bo\u011faz\u0131 a\u00e7\u0131klar\u0131nda t\u00fcps\u00fcz olarak z\u0131pk\u0131nla 10 metre derinli\u011fe dal\u0131\u015f yapan eski milli sporculardan dalg\u0131\u00e7 Ozan \u00d6nen (43), 180 santimetre boyunda, 100 kilo \u00fczerinde orkinos bal\u0131\u011f\u0131 avlad\u0131.<br \/>\n<\/span><\/strong><br \/>\n<span style=\"font-family: arial, helvetica, sans-serif; font-size: 14px;\">\u00c7anakkale\u2019de bal\u0131k av\u0131 malzemeleri satan i\u015fyerinin sahibi ve z\u0131pk\u0131nla bal\u0131k av\u0131 eski milli tak\u0131m sporcular\u0131ndan Ozan \u00d6nen, 17 Haziran tarihinde \u00c7anakkale Bo\u011faz\u0131 a\u00e7\u0131klar\u0131nda z\u0131pk\u0131nla avlan\u0131rken yakla\u015f\u0131k 10 metre derinlikte t\u00fcps\u00fcz dal\u0131\u015fla 180 santimetre boyunda, 100 kilo \u00fczerinde orkinos bal\u0131\u011f\u0131 avlad\u0131.<img decoding=\"async\" class=\"size-medium wp-image-10354 alignright\" src=\"https:\/\/marmarayerelhizmet.com\/wp-content\/uploads\/2023\/06\/AW918190_03-225x300.jpg\" alt=\"\" width=\"225\" height=\"300\" srcset=\"https:\/\/marmarayerelhizmet.com\/wp-content\/uploads\/2023\/06\/AW918190_03-225x300.jpg 225w, https:\/\/marmarayerelhizmet.com\/wp-content\/uploads\/2023\/06\/AW918190_03.jpg 750w\" sizes=\"(max-width: 225px) 100vw, 225px\" \/><\/span><br \/>\n<span style=\"font-family: arial, helvetica, sans-serif; font-size: 14px;\">Nefes kesen av an\u0131n\u0131 su alt\u0131 kameras\u0131yla kaydeden \u00d6nen, orkinos bal\u0131\u011f\u0131yla yakla\u015f\u0131k olarak 45 dakika m\u00fccadele etti\u011fini belirtti. Sonras\u0131nda orkinosun g\u00fcc\u00fcn\u00fc yitirdi\u011fini ve kazanan\u0131n kendisi oldu\u011funu ifade eden Ozan \u00d6nen, \u201c30 y\u0131ld\u0131r z\u0131pk\u0131nla bal\u0131k av\u0131 sporuyla ilgileniyorum. Milli tak\u0131m seviyesine kadar y\u00fckseldim. Yurtd\u0131\u015f\u0131nda \u00fclkemizi temsil ettim. \u015euanda i\u015flerimden kalan zamanlarda denize \u00e7\u0131k\u0131yorum. Birka\u00e7 g\u00fcn \u00f6nce 100 kilonun \u00fczerinde bir bal\u0131k avlamak daha nasip oldu. Daha \u00f6nce 100 kilo \u00fczeri 2 tane bal\u0131k avlam\u0131\u015ft\u0131m. Bir tanesi 2016 y\u0131l\u0131nda, bir tanesi 2022 y\u0131l\u0131nda avlad\u0131m. Bu y\u0131lda birka\u00e7 g\u00fcn \u00f6nce avlamak nasip oldu. Mutlu ve gururluyum. Bu tarz bal\u0131klar\u0131, bu tarz irilikteki bal\u0131klar\u0131, herhangi bir yard\u0131mc\u0131 ekipman olmadan \u015famand\u0131ra sisteminden bahsediyorum. Avlayabilmek ger\u00e7ekten \u00e7ok zor. Tabiki \u015fans fakt\u00f6r\u00fc de devreye giriyor. Ama y\u0131llar\u0131n vermi\u015f oldu\u011fu bir tecr\u00fcbe de mevcut. Bu tarz b\u00fcy\u00fck avlar yapt\u0131\u011f\u0131m i\u00e7in nispeten daha kolay avlayabiliyorum\u201d dedi.<\/span><br \/>\n<span style=\"font-family: arial, helvetica, sans-serif; font-size: 14px;\">Orkinosun avlanma sonras\u0131 kendilerini biraz u\u011fra\u015ft\u0131rd\u0131\u011f\u0131n\u0131 belirten Ozan \u00d6nen, s\u00f6zlerine \u015f\u00f6yle devam etti:<\/span><br \/>\n<span style=\"font-family: arial, helvetica, sans-serif; font-size: 14px;\">\u201c\u00c7ok ciddi bir derinlik yoktu. Ak\u0131nt\u0131 beni planlamad\u0131\u011f\u0131m bir noktaya g\u00f6t\u00fcrd\u00fc. 10 metrelik bir derinlikte hi\u00e7te beklemedi\u011fim anda kar\u015f\u0131ma \u00e7\u0131kt\u0131. So\u011fukkanl\u0131 kalabildim. At\u0131\u015f\u0131 yapmadan 4-5 saniye \u00f6nce g\u00f6rd\u00fc\u011f\u00fcm i\u00e7in at\u0131\u015f \u00f6ncesinde av\u0131m\u0131 planlad\u0131m. Ona uygun hareket ettim. San\u0131r\u0131m 40-45 dakika civar\u0131 bir zamanda bal\u0131\u011f\u0131 zapt etmeyi ba\u015fard\u0131m.\u201d<\/span><\/p>\n","protected":false},"excerpt":{"rendered":"<p>\u00c7anakkale Bo\u011faz\u0131 a\u00e7\u0131klar\u0131nda t\u00fcps\u00fcz olarak z\u0131pk\u0131nla 10 metre derinli\u011fe dal\u0131\u015f yapan eski milli sporculardan dalg\u0131\u00e7 Ozan \u00d6nen (43), 180 santimetre<\/p>\n","protected":false},"author":3,"featured_media":10355,"comment_status":"open","ping_status":"open","sticky":false,"template":"","format":"standard","meta":{"colormag_page_container_layout":"default_layout","colormag_page_sidebar_layout":"default_layout","footnotes":""},"categories":[1,5],"tags":[],"class_list":["post-10352","post","type-post","status-publish","format-standard","has-post-thumbnail","hentry","category-genel","category-gundem"],"_links":{"self":[{"href":"https:\/\/marmarayerelhizmet.com\/index.php\/wp-json\/wp\/v2\/posts\/10352","targetHints":{"allow":["GET"]}}],"collection":[{"href":"https:\/\/marmarayerelhizmet.com\/index.php\/wp-json\/wp\/v2\/posts"}],"about":[{"href":"https:\/\/marmarayerelhizmet.com\/index.php\/wp-json\/wp\/v2\/types\/post"}],"author":[{"embeddable":true,"href":"https:\/\/marmarayerelhizmet.com\/index.php\/wp-json\/wp\/v2\/users\/3"}],"replies":[{"embeddable":true,"href":"https:\/\/marmarayerelhizmet.com\/index.php\/wp-json\/wp\/v2\/comments?post=10352"}],"version-history":[{"count":0,"href":"https:\/\/marmarayerelhizmet.com\/index.php\/wp-json\/wp\/v2\/posts\/10352\/revisions"}],"wp:featuredmedia":[{"embeddable":true,"href":"https:\/\/marmarayerelhizmet.com\/index.php\/wp-json\/wp\/v2\/media\/10355"}],"wp:attachment":[{"href":"https:\/\/marmarayerelhizmet.com\/index.php\/wp-json\/wp\/v2\/media?parent=10352"}],"wp:term":[{"taxonomy":"category","embeddable":true,"href":"https:\/\/marmarayerelhizmet.com\/index.php\/wp-json\/wp\/v2\/categories?post=10352"},{"taxonomy":"post_tag","embeddable":true,"href":"https:\/\/marmarayerelhizmet.com\/index.php\/wp-json\/wp\/v2\/tags?post=10352"}],"curies":[{"name":"wp","href":"https:\/\/api.w.org\/{rel}","templated":true}]}}