{"id":10344,"date":"2023-06-20T13:12:18","date_gmt":"2023-06-20T10:12:18","guid":{"rendered":"https:\/\/marmarayerelhizmet.com\/?p=10344"},"modified":"2023-06-20T13:12:18","modified_gmt":"2023-06-20T10:12:18","slug":"buyukcekmece-depremzedeleri-yalniz-birakmadi","status":"publish","type":"post","link":"https:\/\/marmarayerelhizmet.com\/index.php\/2023\/06\/20\/buyukcekmece-depremzedeleri-yalniz-birakmadi\/","title":{"rendered":"B\u00fcy\u00fck\u00e7ekmece Depremzedeleri Yaln\u0131z B\u0131rakmad\u0131"},"content":{"rendered":"<p><strong><span style=\"font-family: arial, helvetica, sans-serif; font-size: 14px;\">Kahramanmara\u015f merkezli depremlerden en \u00e7ok etkilenen illerden biri olan Hatay\u2019a ilk g\u00fcnden itibaren yard\u0131m eli uzatan B\u00fcy\u00fck\u00e7ekmece Belediyesi, 06 \u015eubat tarihinden beri depremzedeleri yaln\u0131z b\u0131rakm\u0131yor.<\/span><\/strong><\/p>\n<p><span style=\"font-family: arial, helvetica, sans-serif; font-size: 14px;\">B\u00fcy\u00fck\u00e7ekmece Belediye Ba\u015fkan\u0131 Dr. Hasan Akg\u00fcn, B\u00fcy\u00fck\u00e7ekmece Belediyesi taraf\u0131ndan yapt\u0131r\u0131lan prefabrik konutlar\u0131n tamamlananlar\u0131n\u0131 depremzede ailelere teslim etti. Ba\u015fkan Akg\u00fcn ayr\u0131ca B\u00fcy\u00fck\u00e7ekmece\u2019nin Almanya\u2019daki karde\u015f \u015fehri Gelsenkirchen&#8217;den g\u00f6nderilen ve D\u00fcnyaca \u00fcnl\u00fc bir spor firmas\u0131n\u0131n \u00fcr\u00fcnlerini de depremzedelere da\u011f\u0131tt\u0131.<\/span><br \/>\n<span style=\"font-family: arial, helvetica, sans-serif; font-size: 14px;\">06 \u015eubat depremlerinin ilk g\u00fcn\u00fcnden itibaren Hatay\u2019da depremzedelerin yaralar\u0131n\u0131 sarmak i\u00e7in t\u00fcm imkanlar\u0131n\u0131 seferber eden B\u00fcy\u00fck\u00e7ekmece Belediyesi, Kurban Bayram\u0131 \u00f6ncesinde de depremzedeleri yaln\u0131z b\u0131rakmad\u0131. Hafta sonu deprem b\u00f6lgesine giden B\u00fcy\u00fck\u00e7ekmece Belediye Ba\u015fkan\u0131 Dr. Hasan Akg\u00fcn, 24. D\u00f6nem CHP Milletvekili ve B\u00fcy\u00fck\u00e7ekmece Belediye Ba\u015fkan Dan\u0131\u015fman\u0131 S\u00fcleyman \u00c7elebi ve \u0130BB ve B\u00fcy\u00fck\u00e7ekmece Belediye Meclis \u00dcyesi Tar\u0131k Erdo\u011fan depremzedeler ile bir araya geldi. B\u00fcy\u00fck\u00e7ekmece Belediyesi taraf\u0131ndan depremzedeler i\u00e7in yapt\u0131r\u0131lan prefabrik konutlar\u0131n tamamlananlar\u0131 depremzede ailelere teslim edildi. B\u00fcy\u00fck\u00e7ekmece Belediyesi\u2019nin Almanya\u2019daki karde\u015f \u015fehri Gelsenkirchen\u2019den g\u00f6nderilen spor ayakkab\u0131s\u0131, ti\u015f\u00f6rt, e\u015fofman, \u015fort ve \u00e7orap gibi giyim malzemeleri ihtiya\u00e7 sahibi depremzedelere da\u011f\u0131t\u0131ld\u0131. Ayr\u0131ca bayram hediyesi olarak \u00e7ocuklara oyuncak da\u011f\u0131t\u0131ld\u0131. Deprem b\u00f6lgesinde incelemelerde bulunan Ba\u015fkan Akg\u00fcn, depremzedelerin talep ve sorunlar\u0131 hakk\u0131nda bilgi ald\u0131.<\/span><\/p>\n<p><strong><span style=\"font-family: arial, helvetica, sans-serif; font-size: 14px;\">\u201cD\u00fcn de, bug\u00fcn de, yar\u0131n da hep yanlar\u0131nda olaca\u011f\u0131z\u201d<\/span><\/strong><br \/>\n<span style=\"font-family: arial, helvetica, sans-serif; font-size: 14px;\">Deprem felaketi nedeniyle bu Kurban Bayram\u0131\u2019n\u0131n buruk bir \u015fekilde kutlanaca\u011f\u0131n\u0131 belirten B\u00fcy\u00fck\u00e7ekmece Belediye Ba\u015fkan\u0131 Dr. Hasan Akg\u00fcn, \u201cD\u00fcn de, bug\u00fcn de, yar\u0131n da depremzedelerimizin hep yanlar\u0131nda olaca\u011f\u0131z. Yaralar\u0131n\u0131 sarabilmek ve felaketin izlerinin silinmesi i\u00e7in B\u00fcy\u00fck\u00e7ekmece Ailemiz ile birlikte t\u00fcm imkanlar\u0131m\u0131z\u0131 seferber ettik. B\u00f6lgede 40 adet prefabrik konut in\u015fa ediyoruz. Biten konutlar\u0131 depremzede ailelerimize teslim ettik. Ayr\u0131ca Almanya\u2019daki karde\u015f \u015fehrimiz Gelsenkirchen\u2019den g\u00f6nderilen spor ayakkab\u0131s\u0131, e\u015fofman, ti\u015f\u00f6rt gibi giyim malzemelerini de bayram \u00f6ncesinde depremzede vatanda\u015flar\u0131m\u0131za da\u011f\u0131tt\u0131k. Bundan sonrada yard\u0131mlar\u0131m\u0131z ve deste\u011fimiz s\u00fcrecek. Bu vesileyle bir kez daha depremlerde ya\u015fam\u0131n\u0131 kaybeden t\u00fcm vatanda\u015flar\u0131m\u0131za Allah\u2019tan rahmet, ac\u0131l\u0131 ailelerine sab\u0131r ve ba\u015fsa\u011fl\u0131\u011f\u0131 diliyorum. Yaral\u0131 vatanda\u015flar\u0131m\u0131za da acil \u015fifalar diliyorum\u201d dedi.<\/span><\/p>\n","protected":false},"excerpt":{"rendered":"<p>Kahramanmara\u015f merkezli depremlerden en \u00e7ok etkilenen illerden biri olan Hatay\u2019a ilk g\u00fcnden itibaren yard\u0131m eli uzatan B\u00fcy\u00fck\u00e7ekmece Belediyesi, 06 \u015eubat<\/p>\n","protected":false},"author":3,"featured_media":10349,"comment_status":"open","ping_status":"open","sticky":false,"template":"","format":"standard","meta":{"colormag_page_container_layout":"default_layout","colormag_page_sidebar_layout":"default_layout","footnotes":""},"categories":[1,5,8],"tags":[],"class_list":["post-10344","post","type-post","status-publish","format-standard","has-post-thumbnail","hentry","category-genel","category-gundem","category-siyaset"],"_links":{"self":[{"href":"https:\/\/marmarayerelhizmet.com\/index.php\/wp-json\/wp\/v2\/posts\/10344","targetHints":{"allow":["GET"]}}],"collection":[{"href":"https:\/\/marmarayerelhizmet.com\/index.php\/wp-json\/wp\/v2\/posts"}],"about":[{"href":"https:\/\/marmarayerelhizmet.com\/index.php\/wp-json\/wp\/v2\/types\/post"}],"author":[{"embeddable":true,"href":"https:\/\/marmarayerelhizmet.com\/index.php\/wp-json\/wp\/v2\/users\/3"}],"replies":[{"embeddable":true,"href":"https:\/\/marmarayerelhizmet.com\/index.php\/wp-json\/wp\/v2\/comments?post=10344"}],"version-history":[{"count":0,"href":"https:\/\/marmarayerelhizmet.com\/index.php\/wp-json\/wp\/v2\/posts\/10344\/revisions"}],"wp:featuredmedia":[{"embeddable":true,"href":"https:\/\/marmarayerelhizmet.com\/index.php\/wp-json\/wp\/v2\/media\/10349"}],"wp:attachment":[{"href":"https:\/\/marmarayerelhizmet.com\/index.php\/wp-json\/wp\/v2\/media?parent=10344"}],"wp:term":[{"taxonomy":"category","embeddable":true,"href":"https:\/\/marmarayerelhizmet.com\/index.php\/wp-json\/wp\/v2\/categories?post=10344"},{"taxonomy":"post_tag","embeddable":true,"href":"https:\/\/marmarayerelhizmet.com\/index.php\/wp-json\/wp\/v2\/tags?post=10344"}],"curies":[{"name":"wp","href":"https:\/\/api.w.org\/{rel}","templated":true}]}}