{"id":10342,"date":"2023-06-20T13:16:24","date_gmt":"2023-06-20T10:16:24","guid":{"rendered":"https:\/\/marmarayerelhizmet.com\/?p=10342"},"modified":"2023-06-20T13:26:52","modified_gmt":"2023-06-20T10:26:52","slug":"yeni-asgari-ucret-belli-oldu","status":"publish","type":"post","link":"https:\/\/marmarayerelhizmet.com\/index.php\/2023\/06\/20\/yeni-asgari-ucret-belli-oldu\/","title":{"rendered":"Yeni Asgari \u00dccret Belli Oldu"},"content":{"rendered":"<header>\n<p class=\"summary\"><span style=\"font-size: 14px; font-family: arial, helvetica, sans-serif;\"><strong>\u00c7al\u0131\u015fma ve Sosyal G\u00fcvenlik Bakan\u0131 Vedat I\u015f\u0131khan, asgari \u00fccretin net 11 bin 402 lira oldu\u011funu a\u00e7\u0131klad\u0131.<\/strong><\/span><\/p>\n<\/header>\n<p><span style=\"font-size: 14px; font-family: arial, helvetica, sans-serif;\">Asgari \u00dccret Tespit Komisyonu, asgari \u00fccrete yap\u0131lacak ara zam oran\u0131n\u0131 belirleme \u00e7al\u0131\u015fmalar\u0131 kapsam\u0131nda bug\u00fcn saat 11.00\u2019de \u00fc\u00e7\u00fcnc\u00fc kez topland\u0131. Toplant\u0131ya; \u00c7al\u0131\u015fma ve Sosyal G\u00fcvenlik Bakan\u0131 Vedat I\u015f\u0131khan, T\u00fcrkiye \u0130\u015f\u00e7i Sendikalar\u0131 Konfederasyonu (T\u00dcRK-\u0130\u015e) Ba\u015fkan\u0131 Erg\u00fcn Atalay ve T\u00fcrkiye \u0130\u015fveren Sendikalar\u0131 Konfederasyonu (T\u0130SK) Y\u00f6netim Kurulu Ba\u015fkan\u0131 \u00d6zg\u00fcr Burak Akkol da kat\u0131ld\u0131. Asgari \u00dccret Tespit Komisyonu&#8217;nun yapt\u0131\u011f\u0131 \u00fc\u00e7\u00fcnc\u00fc toplant\u0131n\u0131n sona ermesiyle birlikte, yeni asgari \u00fccret zamm\u0131 da \u00c7al\u0131\u015fma ve Sosyal G\u00fcvenlik Bakan\u0131 Vedat I\u015f\u0131khan taraf\u0131ndan a\u00e7\u0131kland\u0131. Buna g\u00f6re; yeni asgari \u00fccret miktar\u0131 y\u00fczde 34 art\u0131\u015fla net 11 bin 402 lira oldu.<\/span><br \/>\n<span style=\"font-size: 14px; font-family: arial, helvetica, sans-serif;\">Bakan I\u015f\u0131khan burada yapt\u0131\u011f\u0131 a\u00e7\u0131klamada, kamu kesimini temsil eden \u00c7al\u0131\u015fma ve Sosyal G\u00fcvenlik Bakanl\u0131\u011f\u0131, Hazine ve Maliye Bakanl\u0131\u011f\u0131, Ticaret Bakanl\u0131\u011f\u0131 ve T\u00dc\u0130K&#8217;in b\u00fcrokratlar\u0131na, Asgari \u00dccret Tespit Komisyonundaki \u00e7al\u0131\u015fmalardan dolay\u0131 te\u015fekk\u00fcr etti.<\/span><br \/>\n<span style=\"font-size: 14px; font-family: arial, helvetica, sans-serif;\">Ayr\u0131ca, T\u00dcRK-\u0130\u015e Genel Ba\u015fkan\u0131 Erg\u00fcn Atalay ve T\u0130SK Y\u00f6netim Kurulu Ba\u015fkan\u0131 \u00d6zg\u00fcr Burak Akkol\u2019a g\u00f6r\u00fc\u015fmelerdeki yap\u0131c\u0131 tav\u0131rlar\u0131 ve pozitif yakla\u015f\u0131mlar\u0131ndan dolay\u0131 \u015f\u00fckranlar\u0131n\u0131 dile getiren I\u015f\u0131khan, \u201cBu s\u00fcre\u00e7te T\u0130SK Ba\u015fkan\u0131m\u0131z i\u015fverenleri temsilen ba\u015fta \u00e7al\u0131\u015fma hayat\u0131 olmak \u00fczere \u00f6zellikle son d\u00f6nemde ortaya koydu\u011fu fayda odakl\u0131 yakla\u015f\u0131m\u0131yla bir\u00e7ok icraata imza atm\u0131\u015ft\u0131r. Cumhurba\u015fkan\u0131m\u0131z\u0131n liderli\u011finde hayata ge\u00e7irilen asgari \u00fccrete vergi muafiyeti, beyaz bayrak uygulamas\u0131, istihdama y\u00f6nelik te\u015fvikler, deprem felaketindeki destekler bunlardan birka\u00e7\u0131d\u0131r. Sosyal diyalo\u011fa olan inanc\u0131yla, i\u015f\u00e7i, i\u015fveren ayr\u0131m\u0131 yapmadan ortak ak\u0131l ve anlay\u0131\u015f birli\u011fi i\u00e7inde her zaman devletimizin ve milletimizin yan\u0131nda oldu\u011funu hissettirmi\u015ftir. \u00d6zellikle te\u015fhir konusundaki katk\u0131lar\u0131 i\u00e7in te\u015fekk\u00fcr etmek isterim. Ayn\u0131 zamanda T\u00dcRK-\u0130\u015e Ba\u015fkan\u0131m\u0131za g\u00f6sterdi\u011fi samimi yakla\u015f\u0131m, i\u015f\u00e7i karde\u015flerimizin taleplerini dile getirirken sergiledi\u011fi yap\u0131c\u0131 tutum ve sendikac\u0131l\u0131ktaki deneyimleriyle s\u00fcreci katk\u0131lardan dolay\u0131 \u015f\u00fckranlar\u0131m\u0131 arz ederim\u201d diye konu\u015ftu.<\/span><\/p>\n<p><strong><span style=\"font-size: 14px; font-family: arial, helvetica, sans-serif;\">\u201cAsgari \u00fccreti hem i\u015f\u00e7imizi memnun edecek hem istihdam\u0131 koruyacak bir d\u00fczeyde belirlemeye gayret ettik\u201d<\/span><\/strong><br \/>\n<span style=\"font-size: 14px; font-family: arial, helvetica, sans-serif;\">Cumhurba\u015fkan\u0131 Erdo\u011fan\u2019\u0131n vatanda\u015flar\u0131 enflasyona ezdirmeme konusundaki s\u00f6zlerini de hat\u0131rlatan I\u015f\u0131khan, \u201cBizler Say\u0131n Cumhurba\u015fkan\u0131m\u0131z\u0131n g\u00f6sterdi\u011fi istikamette asgari \u00fccreti hem i\u015f\u00e7imizi memnun edecek hem istihdam\u0131 koruyacak hem de \u00fcretimin s\u00fcreklili\u011fini sa\u011flayacak bir d\u00fczeyde belirlemeye gayret ettik. Bundan sonra ataca\u011f\u0131m\u0131z ad\u0131mlarda T\u00fcrkiye Y\u00fczy\u0131l\u0131&#8217;n\u0131, eme\u011fin ve \u00fcretimin y\u00fczy\u0131l\u0131 yapmaya kararl\u0131 oldu\u011fumuzu ifade etmek istiyorum. Say\u0131n Cumhurba\u015fkan\u0131m\u0131z\u0131n liderli\u011finde \u00e7al\u0131\u015fma hayat\u0131n\u0131n t\u00fcm \u015fartlar\u0131n\u0131, isti\u015fare, ortak ak\u0131l ve i\u015f birli\u011fiyle i\u015fletmeye mevcut olan ve \u00f6n\u00fcm\u00fcze \u00e7\u0131kacak t\u00fcm sorunlar\u0131 da ayn\u0131 metot ve kararl\u0131l\u0131kla \u00e7\u00f6zmeye niyet ediyoruz. Bug\u00fcne kadar oldu\u011fu gibi bundan sonra da sosyal bar\u0131\u015f\u0131 ve \u00e7al\u0131\u015fma bar\u0131\u015f\u0131n\u0131 korumak i\u00e7in ad\u0131mlar atmaya devam edece\u011fiz\u201d ifadelerini kulland\u0131.<\/span><\/p>\n<p><strong><span style=\"font-size: 14px; font-family: arial, helvetica, sans-serif;\">\u201cBr\u00fct asgari \u00fccretin tutar\u0131 13 bin 404 lira, net asgari \u00fccret ise 11 bin 402 lira olarak belirlenmi\u015ftir\u201d<\/span><\/strong><br \/>\n<span style=\"font-size: 14px; font-family: arial, helvetica, sans-serif;\">Komisyon g\u00f6r\u00fc\u015fmeleri neticesinde tespit edilen yeni asgari \u00fccretin bayram \u00f6ncesinde \u00e7al\u0131\u015fma hayat\u0131n\u0131n t\u00fcm taraflar\u0131na hay\u0131rlara vesile olmas\u0131n\u0131 dileyen I\u015f\u0131khan, \u201c\u015eunu sevinerek a\u00e7\u0131klamak isterim ki Asgari \u00dccret Tespit Komisyonundaki \u00e7al\u0131\u015fmalar\u0131m\u0131z, i\u015f\u00e7i ve i\u015fveren taraflar\u0131n\u0131n uzla\u015fmas\u0131yla sonu\u00e7lanm\u0131\u015ft\u0131r. \u015eimdi yeni asgari \u00fccret tutar\u0131n\u0131 a\u00e7\u0131kl\u0131yorum; 2023 y\u0131l\u0131n\u0131n ikinci yar\u0131s\u0131nda ge\u00e7erli olacak br\u00fct asgari \u00fccretin tutar\u0131 13 bin 404 lira, net asgari \u00fccret ise 11 bin 402 lira olarak belirlenmi\u015ftir. Yapt\u0131\u011f\u0131n\u0131z bu art\u0131\u015fla y\u00fczde 34 gibi enflasyon oran\u0131n\u0131n hayli \u00fczerinde refah pay\u0131n\u0131 i\u00e7eren bir oranla ara zamm\u0131 ger\u00e7ekle\u015ftirmi\u015f bulunuyoruz. Ge\u00e7ti\u011fimiz y\u0131l\u0131n ikinci yar\u0131s\u0131na g\u00f6re de asgari \u00fccreti y\u00fczde 107 oran\u0131nda art\u0131rm\u0131\u015f bulunuyoruz\u201d a\u00e7\u0131klamas\u0131nda bulundu.<\/span><\/p>\n<p><strong><span style=\"font-size: 14px; font-family: arial, helvetica, sans-serif;\">\u201cAsgari \u00fccret deste\u011fini \u00f6n\u00fcm\u00fczdeki 6 ayda 500 lira olarak uygulamaya devam edece\u011fiz\u201d<\/span><\/strong><br \/>\n<span style=\"font-size: 14px; font-family: arial, helvetica, sans-serif;\">Asgari \u00fccretin 2002 y\u0131l\u0131na g\u00f6re nominal olarak 61 kat art\u0131rd\u0131klar\u0131n\u0131 ifade eden Bakan I\u015f\u0131khan, \u201cReel olarak yakla\u015f\u0131k y\u00fczde 312 art\u0131\u015f sa\u011fland\u0131. B\u00f6ylece \u00e7al\u0131\u015fan kesimi enflasyona ezdirmedi\u011fimiz gibi refah art\u0131\u015f\u0131ndan ciddi bir pay vermi\u015f bulunuyoruz. Ayr\u0131ca \u015funu da a\u00e7\u0131klamak istiyorum. \u0130\u015f\u00e7imize 6 ay 400 lira olarak uygulad\u0131\u011f\u0131m\u0131z asgari \u00fccret deste\u011fini \u00f6n\u00fcm\u00fczdeki 6 ayda 500 lira olarak uygulamaya devam edece\u011fiz. Bildi\u011finiz \u00fczere asgari \u00fccret 1 Ocak&#8217;tan itibaren bir y\u0131l ge\u00e7erli olan bir d\u00fczenlemedir. Bug\u00fcnk\u00fc a\u00e7\u0131klama emek\u00e7ilerimizin enflasyona kar\u015f\u0131 al\u0131m g\u00fcc\u00fcn\u00fcn d\u00fc\u015fmemesine y\u00f6nelik yap\u0131lan bir ara zamd\u0131r. \u00d6zellikle \u015funu tekrar ifade etmek istiyorum ki 21 y\u0131ld\u0131r oldu\u011fu gibi Say\u0131n Cumhurba\u015fkan\u0131m\u0131z\u0131n iradesi ve liderli\u011fi bu sonucun uzla\u015f\u0131yla elde edilmesinde en b\u00fcy\u00fck belirleyici olmu\u015ftur\u201d \u015feklinde konu\u015ftu.<\/span><\/p>\n","protected":false},"excerpt":{"rendered":"<p>\u00c7al\u0131\u015fma ve Sosyal G\u00fcvenlik Bakan\u0131 Vedat I\u015f\u0131khan, asgari \u00fccretin net 11 bin 402 lira oldu\u011funu a\u00e7\u0131klad\u0131. Asgari \u00dccret Tespit Komisyonu,<\/p>\n","protected":false},"author":3,"featured_media":10350,"comment_status":"open","ping_status":"open","sticky":false,"template":"","format":"standard","meta":{"colormag_page_container_layout":"default_layout","colormag_page_sidebar_layout":"default_layout","footnotes":""},"categories":[3,1,5],"tags":[],"class_list":["post-10342","post","type-post","status-publish","format-standard","has-post-thumbnail","hentry","category-ekonomi","category-genel","category-gundem"],"_links":{"self":[{"href":"https:\/\/marmarayerelhizmet.com\/index.php\/wp-json\/wp\/v2\/posts\/10342","targetHints":{"allow":["GET"]}}],"collection":[{"href":"https:\/\/marmarayerelhizmet.com\/index.php\/wp-json\/wp\/v2\/posts"}],"about":[{"href":"https:\/\/marmarayerelhizmet.com\/index.php\/wp-json\/wp\/v2\/types\/post"}],"author":[{"embeddable":true,"href":"https:\/\/marmarayerelhizmet.com\/index.php\/wp-json\/wp\/v2\/users\/3"}],"replies":[{"embeddable":true,"href":"https:\/\/marmarayerelhizmet.com\/index.php\/wp-json\/wp\/v2\/comments?post=10342"}],"version-history":[{"count":0,"href":"https:\/\/marmarayerelhizmet.com\/index.php\/wp-json\/wp\/v2\/posts\/10342\/revisions"}],"wp:featuredmedia":[{"embeddable":true,"href":"https:\/\/marmarayerelhizmet.com\/index.php\/wp-json\/wp\/v2\/media\/10350"}],"wp:attachment":[{"href":"https:\/\/marmarayerelhizmet.com\/index.php\/wp-json\/wp\/v2\/media?parent=10342"}],"wp:term":[{"taxonomy":"category","embeddable":true,"href":"https:\/\/marmarayerelhizmet.com\/index.php\/wp-json\/wp\/v2\/categories?post=10342"},{"taxonomy":"post_tag","embeddable":true,"href":"https:\/\/marmarayerelhizmet.com\/index.php\/wp-json\/wp\/v2\/tags?post=10342"}],"curies":[{"name":"wp","href":"https:\/\/api.w.org\/{rel}","templated":true}]}}