{"id":10327,"date":"2023-06-19T23:12:03","date_gmt":"2023-06-19T20:12:03","guid":{"rendered":"https:\/\/marmarayerelhizmet.com\/?p=10327"},"modified":"2023-06-19T23:12:03","modified_gmt":"2023-06-19T20:12:03","slug":"celikten-mkyk-sonrasi-aciklama","status":"publish","type":"post","link":"https:\/\/marmarayerelhizmet.com\/index.php\/2023\/06\/19\/celikten-mkyk-sonrasi-aciklama\/","title":{"rendered":"\u00c7elik&#8217;ten MKYK Sonras\u0131 A\u00e7\u0131klama"},"content":{"rendered":"<p><strong><span style=\"font-family: arial, helvetica, sans-serif; font-size: 14px;\">AK Parti S\u00f6zc\u00fcs\u00fc \u00d6mer \u00c7elik, MKYK sonras\u0131 yapt\u0131\u011f\u0131 a\u00e7\u0131klamalar\u0131n ard\u0131ndan bir gazetecinin &#8220;\u0130stanbul B\u00fcy\u00fck\u015fehir Belediye Ba\u015fkan\u0131 Ekrem \u0130mamo\u011flu\u2019nun CHP\u2019deki de\u011fi\u015fimle alakal\u0131 s\u00f6ylemlerini nas\u0131l de\u011ferlendiriyorsunuz&#8221; sorusuna, &#8220;Birincisi, genel ba\u015fkan de\u011fi\u015fsin diyenlerin belki kendilerini de bu de\u011fi\u015fimin i\u00e7ine katmalar\u0131 gerekir. \u0130kincisi de de\u011fi\u015fim dedi\u011finiz \u015fey siyasal alanla ilgilidir&#8221; diye yan\u0131t verdi.<br \/>\n<\/span><\/strong><br \/>\n<span style=\"font-family: arial, helvetica, sans-serif; font-size: 14px;\">AK Parti S\u00f6zc\u00fcs\u00fc \u00d6mer \u00c7elik, AK Parti Genel Merkezinde MKYK toplant\u0131s\u0131 devam ederken a\u00e7\u0131klamalarda bulundu. NATO zirvesinde K\u0131br\u0131s konusunun g\u00fcndeme gelmesinin ka\u00e7\u0131n\u0131lmaz oldu\u011funun belirten \u00c7elik, &#8220;\u00d6zellikle \u00f6n\u00fcm\u00fczde NATO zirvesinde K\u0131br\u0131s konusunun g\u00fcndeme gelmesi ka\u00e7\u0131n\u0131lmazd\u0131r. En son Cumhurba\u015fkan\u0131m\u0131z\u0131n ifade etti\u011fi gibi bundan sonra m\u00fczakerenin ortaya \u00e7\u0131kabilmesi i\u00e7in KKTC&#8217;nin e\u015fitli\u011finin sa\u011flanmas\u0131 gerekir. Rumlar elde ettikleri bir \u00f6nceki m\u00fczakerede herhangi bir \u015feyi cebine koyup, sonraki m\u00fczakereye ge\u00e7mek istemi\u015flerdir. Bu sa\u011fl\u0131kl\u0131 bir durum de\u011fildir. Rumlarla birtak\u0131m tatbikatlar yaparak, onlara silahl\u0131 kabiliyetler katarak s\u00fcreci zehirlemelerinden vazge\u00e7meleri gerekir. Bunlar\u0131n hi\u00e7biri iki e\u015fit halk, iki egemen devlet oldu\u011fu ger\u00e7e\u011fini de\u011fi\u015ftiremez. Burada son zamanlarda ABD ve AB&#8217;nin yakla\u015f\u0131mlar\u0131n\u0131n hi\u00e7 de olumlu olmad\u0131\u011f\u0131n\u0131 g\u00f6rd\u00fck&#8221; diye konu\u015ftu.<\/span><br \/>\n<span style=\"font-family: arial, helvetica, sans-serif; font-size: 14px;\">T\u00fcrkiye\u2019nin AB ile ili\u015fkilerinin devam etti\u011fini aktaran \u00c7elik \u015fu ifadeleri kulland\u0131:<\/span><br \/>\n<span style=\"font-family: arial, helvetica, sans-serif; font-size: 14px;\">&#8220;AB ile ili\u015fkiler devam ediyor. Fas\u0131llar\u0131 a\u00e7\u0131p, bunlar\u0131 tart\u0131\u015fmal\u0131y\u0131z. Biz masada m\u00fczakere bile etmeyelim yakla\u015f\u0131m\u0131 ortaya koyduklar\u0131 zaman oran\u0131n siyasi birlik olmaktan \u00e7\u0131k\u0131p ideolojik \u00f6nyarg\u0131 ile hareket etti\u011fini g\u00f6steriyor. En son Ukrayna-Rusya sava\u015f\u0131nda g\u00f6rd\u00fck ki, T\u00fcrkiye olmaks\u0131z\u0131n AB&#8217;nin bir a\u00e7\u0131l\u0131m yapmas\u0131, diplomasi y\u00fcr\u00fctmesi m\u00fcmk\u00fcn de\u011fildir. G\u00fcmr\u00fck Birli\u011fi&#8217;nin g\u00fcncellenmesi, vize serbestisi konusunda ad\u0131m at\u0131labilir. Gelece\u011fe d\u00f6n\u00fck olarak i\u015fbirli\u011fi mekanizmalar\u0131 a\u00e7\u0131s\u0131ndan \u00f6nemli olur. Cumhurba\u015fkan\u0131m\u0131z Kafkaslarda bar\u0131\u015f siyasetini y\u00fcr\u00fctmeye devam etmektedir. Orada bir birlik olu\u015fmas\u0131 hatta Ermenistan&#8217;\u0131n da bu birli\u011fe ait olmas\u0131n\u0131 say\u0131n Cumhurba\u015fkan\u0131m\u0131z, say\u0131n Aliyev ile ortak karar olarak ortaya koymu\u015ftur. En son Ermenistan Ba\u015fbakan\u0131 Pa\u015finyan&#8217;\u0131n, Cumhurba\u015fkanl\u0131\u011f\u0131m\u0131z\u0131n g\u00f6reve ba\u015flama t\u00f6renine gelmesi, davet edilmesi buradaki iyi niyeti g\u00f6stermektedir. Kafkasya&#8217;da diyalo\u011fun g\u00fc\u00e7lenmesi yeni istikrar zemininin olu\u015fmas\u0131 bak\u0131m\u0131ndan son derece k\u0131ymetli olacakt\u0131r.&#8221;<\/span><br \/>\n<span style=\"font-family: arial, helvetica, sans-serif; font-size: 14px;\">Suriye ile normalle\u015fme s\u00fcrecine ili\u015fkin bilgiler veren \u00c7elik, \u201cHaziran&#8217;da Astana&#8217;da bir toplant\u0131 yap\u0131lacak. T\u00fcrkiye, Rusya, \u0130ran, Suriye D\u0131\u015fi\u015fleri Bakan Yard\u0131mc\u0131lar\u0131 kat\u0131lacak. Biz siyasi s\u00fcreci desteklemeye devam ediyoruz. 10 May\u0131s&#8217;ta bir yol haritas\u0131 haz\u0131rlanm\u0131\u015ft\u0131. T\u00fcrkiye ile Suriye aras\u0131ndaki normalle\u015fme g\u00fc\u00e7l\u00fc bir \u015fekilde desteklenmektedir. T\u00fcrkiye ile M\u0131s\u0131r aras\u0131nda y\u00fcr\u00fcyen normalle\u015fme \u00f6nemlidir. Son derece g\u00fc\u00e7l\u00fc bir vizyonla y\u00fcr\u00fcmektedir. \u0130n\u015fallah yak\u0131n d\u00f6nemde devlet ba\u015fkanlar\u0131m\u0131z\u0131n bir araya gelmesiyle bu s\u00fcre\u00e7 b\u00f6lge bar\u0131\u015f\u0131, enerji g\u00fcvenli\u011fi a\u00e7\u0131s\u0131ndan son derece k\u0131ymetli sonu\u00e7lar do\u011furacakt\u0131r. Burada say\u0131n Cumhurba\u015fkan\u0131m\u0131z bir makale yay\u0131nlad\u0131. En \u00e7arp\u0131c\u0131 olan taraf, T\u00fcrkiye&#8217;de Cumhurba\u015fkan\u0131m\u0131z\u0131n yasa\u011f\u0131, se\u00e7imden birinci \u00e7\u0131km\u0131\u015f partinin genel ba\u015fkan\u0131 olmas\u0131na ra\u011fmen bunun ne kadar anormal bir \u015fey oldu\u011funu g\u00f6steren Berlusconi&#8217;nin daveti oldu. Arkas\u0131ndan davetler geldi. Frans\u0131z Parlamentosu basiretsiz karar ald\u0131. Bir rapor yay\u0131nlad\u0131. Bu raporda Fransa&#8217;ya d\u00fc\u015fmanca m\u00fcdahale ba\u011flam\u0131nda Rusya ve \u00c7in&#8217;in yan\u0131 s\u0131ra Fas ve T\u00fcrkiye hedef al\u0131n\u0131yor. M\u00fcsl\u00fcmanl\u0131k \u00fczerinden T\u00fcrkiye&#8217;nin Fransa&#8217;ya m\u00fcdahale etti\u011fi s\u00f6yleniyor. Bu b\u00fcy\u00fck bir basiretsizlik. Oradaki olay radikalizmdir. Bizim Diyanet Ba\u015fkanl\u0131\u011f\u0131m\u0131z hedef al\u0131n\u0131yor. Fransa meclisinin radikalizme kar\u015f\u0131 duru\u015f a\u00e7\u0131s\u0131ndan Diyanet \u0130\u015fleri Ba\u015fkanl\u0131\u011f\u0131m\u0131za \u015f\u00fckranlar\u0131n\u0131 sunmas\u0131 gerekir\u201d dedi.<\/span><\/p>\n<p><strong><span style=\"font-family: arial, helvetica, sans-serif; font-size: 14px;\">&#8220;O kalm\u0131\u015f, bu gitmi\u015f bizim i\u00e7in fark etmez&#8221;<\/span><\/strong><br \/>\n<span style=\"font-family: arial, helvetica, sans-serif; font-size: 14px;\">A\u00e7\u0131klamalar\u0131n\u0131n ard\u0131ndan gazetecilerden gelen sorular\u0131 cevaplayan \u00c7elik, bir gazetecinin &#8220;\u0130stanbul B\u00fcy\u00fck\u015fehir Belediye Ba\u015fkan\u0131 Ekrem \u0130mamo\u011flu\u2019nun CHP\u2019deki de\u011fi\u015fimle alakal\u0131 s\u00f6ylemlerini nas\u0131l de\u011ferlendiriyorsunuz&#8221; sorusuna, &#8220;Cumhuriyet Halk Partisi bir bak\u0131ma kurultaylar partisi. Partinin i\u00e7 i\u015fleriyle ilgili konular bizi ilgilendirmez. Siyasetin g\u00fcndemi a\u00e7\u0131s\u0131ndan iki konu g\u00f6r\u00fcyorum. Birincisi, genel ba\u015fkan de\u011fi\u015fsin diyenlerin belki kendilerini de bu de\u011fi\u015fimin i\u00e7ine katmalar\u0131 gerekir. \u0130kincisi de de\u011fi\u015fim dedi\u011finiz \u015fey siyasal alanla ilgilidir. \u015eimdi tutmu\u015flar biyografiler \u00fczerinden tart\u0131\u015f\u0131yorlar. Millet iradesine o gece en b\u00fcy\u00fck sayg\u0131s\u0131zl\u0131k yap\u0131ld\u0131. Bu bir biyografi tart\u0131\u015fmas\u0131 de\u011fil; bu bir siyaset yapma bi\u00e7imi tart\u0131\u015fmas\u0131 olmas\u0131 gerekir. Sonu\u00e7ta siyasetin sahibi millettir, vatanda\u015ft\u0131r. Siyasi partilerin sahipleri siyasi partilerin tabanlar\u0131d\u0131r. Onlar\u0131n kararlar\u0131na kulak verilmesi esast\u0131r. Bug\u00fcn yukar\u0131da kim gitsin tart\u0131\u015fmas\u0131 yap\u0131l\u0131yor. Bu ger\u00e7ek bir siyaset de\u011fildir. Onlar\u0131n biyografi tart\u0131\u015fmas\u0131ndan \u00e7\u0131k\u0131p siyaset tart\u0131\u015fmas\u0131na d\u00f6nmelerinde fayda var. O kalm\u0131\u015f, bu gitmi\u015f bizim i\u00e7in fark etmez&#8221; diye yan\u0131t verdi.<\/span><br \/>\n<span style=\"font-family: arial, helvetica, sans-serif; font-size: 14px;\">\u00c7elik, Anayasa Mahkemesi\u2019nin HDP karar\u0131 ile ilgili ili\u015fkin \u015fu ifadeleri kulland\u0131:<\/span><br \/>\n<span style=\"font-family: arial, helvetica, sans-serif; font-size: 14px;\">&#8220;D\u00fcnyan\u0131n \u00e7e\u015fitli yerlerinde g\u00f6r\u00fclece\u011fi gibi AYM kararlar\u0131nda demokrasinin, kamu d\u00fczeninin, hukuk devletinin korunmas\u0131 i\u00e7in en g\u00fc\u00e7l\u00fc tedbirler ter\u00f6re kar\u015f\u0131 al\u0131n\u0131r. Ter\u00f6r, payla\u015ft\u0131\u011f\u0131m\u0131z b\u00fct\u00fcn insani de\u011ferlerin d\u00fc\u015fman\u0131d\u0131r. 14 May\u0131s&#8217;a giderken a\u00e7\u0131k\u00e7a ter\u00f6r\u00fcn T\u00fcrk siyasi hayat\u0131na m\u00fcdahalesi i\u00e7in a\u00e7\u0131k beyanlar\u0131n\u0131 g\u00f6rd\u00fck. AYM me\u015fru haklar\u0131 istismar ederek, kaynaklar\u0131 ter\u00f6r propagandas\u0131na d\u00f6n\u00fck olan harcayan tutumlar kar\u015f\u0131s\u0131nda herhangi bir \u015fekilde de\u011ferlendirme yapm\u0131yor. De\u011ferlendirmelerde tek tarafl\u0131 bak\u0131\u015f a\u00e7\u0131s\u0131 s\u00f6z konusu oluyor. AYM bu karar\u0131yla herhangi bir \u015fekilde ter\u00f6re kar\u015f\u0131 al\u0131nacak tedbirler a\u00e7\u0131s\u0131ndan zaaf olu\u015fturacak bir karar ortaya koymu\u015ftur. Bu karar bir demokrasinin ter\u00f6r kar\u015f\u0131s\u0131nda kendini koruma refleksleri a\u00e7\u0131s\u0131ndan zaaf olu\u015fturacak karard\u0131r.&#8221;<\/span><\/p>\n","protected":false},"excerpt":{"rendered":"<p>AK Parti S\u00f6zc\u00fcs\u00fc \u00d6mer \u00c7elik, MKYK sonras\u0131 yapt\u0131\u011f\u0131 a\u00e7\u0131klamalar\u0131n ard\u0131ndan bir gazetecinin &#8220;\u0130stanbul B\u00fcy\u00fck\u015fehir Belediye Ba\u015fkan\u0131 Ekrem \u0130mamo\u011flu\u2019nun CHP\u2019deki de\u011fi\u015fimle<\/p>\n","protected":false},"author":3,"featured_media":10333,"comment_status":"open","ping_status":"open","sticky":false,"template":"","format":"standard","meta":{"colormag_page_container_layout":"default_layout","colormag_page_sidebar_layout":"default_layout","footnotes":""},"categories":[1,5,8],"tags":[],"class_list":["post-10327","post","type-post","status-publish","format-standard","has-post-thumbnail","hentry","category-genel","category-gundem","category-siyaset"],"_links":{"self":[{"href":"https:\/\/marmarayerelhizmet.com\/index.php\/wp-json\/wp\/v2\/posts\/10327","targetHints":{"allow":["GET"]}}],"collection":[{"href":"https:\/\/marmarayerelhizmet.com\/index.php\/wp-json\/wp\/v2\/posts"}],"about":[{"href":"https:\/\/marmarayerelhizmet.com\/index.php\/wp-json\/wp\/v2\/types\/post"}],"author":[{"embeddable":true,"href":"https:\/\/marmarayerelhizmet.com\/index.php\/wp-json\/wp\/v2\/users\/3"}],"replies":[{"embeddable":true,"href":"https:\/\/marmarayerelhizmet.com\/index.php\/wp-json\/wp\/v2\/comments?post=10327"}],"version-history":[{"count":0,"href":"https:\/\/marmarayerelhizmet.com\/index.php\/wp-json\/wp\/v2\/posts\/10327\/revisions"}],"wp:featuredmedia":[{"embeddable":true,"href":"https:\/\/marmarayerelhizmet.com\/index.php\/wp-json\/wp\/v2\/media\/10333"}],"wp:attachment":[{"href":"https:\/\/marmarayerelhizmet.com\/index.php\/wp-json\/wp\/v2\/media?parent=10327"}],"wp:term":[{"taxonomy":"category","embeddable":true,"href":"https:\/\/marmarayerelhizmet.com\/index.php\/wp-json\/wp\/v2\/categories?post=10327"},{"taxonomy":"post_tag","embeddable":true,"href":"https:\/\/marmarayerelhizmet.com\/index.php\/wp-json\/wp\/v2\/tags?post=10327"}],"curies":[{"name":"wp","href":"https:\/\/api.w.org\/{rel}","templated":true}]}}