{"id":10308,"date":"2023-06-19T12:03:30","date_gmt":"2023-06-19T09:03:30","guid":{"rendered":"https:\/\/marmarayerelhizmet.com\/?p=10308"},"modified":"2023-06-20T20:50:41","modified_gmt":"2023-06-20T17:50:41","slug":"karesi-yaza-konserle-merhaba-dedi","status":"publish","type":"post","link":"https:\/\/marmarayerelhizmet.com\/index.php\/2023\/06\/19\/karesi-yaza-konserle-merhaba-dedi\/","title":{"rendered":"Karesi Yaza Konserle Merhaba Dedi"},"content":{"rendered":"<p><strong><span style=\"font-family: arial, helvetica, sans-serif; font-size: 14px;\">Karesi Belediyesi taraf\u0131ndan d\u00fczenlenen Yaza Merhaba konserinde \u2018Gece Yolcular\u0131\u2019 vatanda\u015flarla bir araya geldi. Ba\u015fkan Din\u00e7er Orkan\u2019\u0131nda solistlerle d\u00fcet yapt\u0131\u011f\u0131 konser renkli g\u00f6r\u00fcnt\u00fclere sahne oldu.<\/span><\/strong><\/p>\n<p><span style=\"font-family: arial, helvetica, sans-serif; font-size: 14px;\">Karesi Belediyesi sosyal ve k\u00fclt\u00fcrel etkinliklerine bir yenisini daha ekledi. Yaza Merhaba konserinde Grup Gece Yolcular\u0131, Karesililerle bir araya geldi. \u00d6zeklikle gen\u00e7lerin ilgi g\u00f6sterdi\u011fi, okul ve s\u0131nav stresini att\u0131\u011f\u0131 konserde davetliler g\u00f6n\u00fcllerince e\u011flenerek, grubun par\u00e7alar\u0131na e\u015flik etti.<br \/>\n<\/span><span style=\"font-family: arial, helvetica, sans-serif; font-size: 14px;\">Karesi Belediyesi Spor Toto Tesisleri\u2019ndeki kapal\u0131 spor sahas\u0131nda d\u00fczenlenen konserde Karesi Belediye Ba\u015fkan\u0131 Din\u00e7er Orkan\u2019da sahneye \u00e7\u0131karak grupla birlikte d\u00fcet yapt\u0131. Konserde gen\u00e7ler hep bir a\u011f\u0131zdan grubun par\u00e7alar\u0131n\u0131 seslendirdi. Konserde Karesi Belediyespor\u2019un ba\u015far\u0131l\u0131 sporcular\u0131 da Ba\u015fkan Din\u00e7er Orkan ile birlikte sahneye \u00e7\u0131karak, gruba hem te\u015fekk\u00fcr etti hem de \u00e7i\u00e7ekler takdim etti.<br \/>\n<\/span><span style=\"font-family: arial, helvetica, sans-serif; font-size: 14px;\">Karesi Belediyesi\u2019nin k\u00fclt\u00fcrel ve sanatsal etkinlikleri s\u00fcrd\u00fcrece\u011fini ifade eden Ba\u015fkan Orkan, konseri e\u015fi Pelin Orkan ile birlikte izlerken, gruba konser i\u00e7in te\u015fekk\u00fcr etti. Grubun enerjisinin insanlar\u0131 mutlu etti\u011fini belirten Ba\u015fkan Orkan, \u201cGrubumuzun enerjisi bizleri ve insanlar\u0131 mutlu etti. \u00c7ok g\u00fczel bir konser oldu. Karesi Belediyesi olarak bu t\u00fcr etkinlikleri devam ettirece\u011fiz\u201d dedi.<\/span><\/p>\n","protected":false},"excerpt":{"rendered":"<p>Karesi Belediyesi taraf\u0131ndan d\u00fczenlenen Yaza Merhaba konserinde \u2018Gece Yolcular\u0131\u2019 vatanda\u015flarla bir araya geldi. Ba\u015fkan Din\u00e7er Orkan\u2019\u0131nda solistlerle d\u00fcet yapt\u0131\u011f\u0131 konser<\/p>\n","protected":false},"author":3,"featured_media":10310,"comment_status":"open","ping_status":"open","sticky":false,"template":"","format":"standard","meta":{"colormag_page_container_layout":"default_layout","colormag_page_sidebar_layout":"default_layout","footnotes":""},"categories":[1,5,6,8],"tags":[],"class_list":["post-10308","post","type-post","status-publish","format-standard","has-post-thumbnail","hentry","category-genel","category-gundem","category-kultur-sanat","category-siyaset"],"_links":{"self":[{"href":"https:\/\/marmarayerelhizmet.com\/index.php\/wp-json\/wp\/v2\/posts\/10308","targetHints":{"allow":["GET"]}}],"collection":[{"href":"https:\/\/marmarayerelhizmet.com\/index.php\/wp-json\/wp\/v2\/posts"}],"about":[{"href":"https:\/\/marmarayerelhizmet.com\/index.php\/wp-json\/wp\/v2\/types\/post"}],"author":[{"embeddable":true,"href":"https:\/\/marmarayerelhizmet.com\/index.php\/wp-json\/wp\/v2\/users\/3"}],"replies":[{"embeddable":true,"href":"https:\/\/marmarayerelhizmet.com\/index.php\/wp-json\/wp\/v2\/comments?post=10308"}],"version-history":[{"count":0,"href":"https:\/\/marmarayerelhizmet.com\/index.php\/wp-json\/wp\/v2\/posts\/10308\/revisions"}],"wp:featuredmedia":[{"embeddable":true,"href":"https:\/\/marmarayerelhizmet.com\/index.php\/wp-json\/wp\/v2\/media\/10310"}],"wp:attachment":[{"href":"https:\/\/marmarayerelhizmet.com\/index.php\/wp-json\/wp\/v2\/media?parent=10308"}],"wp:term":[{"taxonomy":"category","embeddable":true,"href":"https:\/\/marmarayerelhizmet.com\/index.php\/wp-json\/wp\/v2\/categories?post=10308"},{"taxonomy":"post_tag","embeddable":true,"href":"https:\/\/marmarayerelhizmet.com\/index.php\/wp-json\/wp\/v2\/tags?post=10308"}],"curies":[{"name":"wp","href":"https:\/\/api.w.org\/{rel}","templated":true}]}}