{"id":10305,"date":"2023-06-19T00:04:48","date_gmt":"2023-06-18T21:04:48","guid":{"rendered":"https:\/\/marmarayerelhizmet.com\/?p=10305"},"modified":"2023-06-20T20:51:05","modified_gmt":"2023-06-20T17:51:05","slug":"orkan-karesiyi-karis-karis-geziyor","status":"publish","type":"post","link":"https:\/\/marmarayerelhizmet.com\/index.php\/2023\/06\/19\/orkan-karesiyi-karis-karis-geziyor\/","title":{"rendered":"Orkan&#8217;dan K\u0131rsal Mahallelere Ziyaret"},"content":{"rendered":"<p><span style=\"font-size: 14px;\"><strong><span style=\"font-family: arial, helvetica, sans-serif;\">Karesi Belediye Ba\u015fkan\u0131 Din\u00e7er Orkan; uzak yak\u0131n ayr\u0131m\u0131 yapmadan, il\u00e7enin t\u00fcm mahallelerini ziyaret etmeye, Karesi\u2019yi kar\u0131\u015f kar\u0131\u015f dola\u015fmaya devam ediyor.<\/span><\/strong><\/span><\/p>\n<p><span style=\"font-family: arial, helvetica, sans-serif; font-size: 14px;\">Sorunlar\u0131, beklentileri ve devam eden \u00e7al\u0131\u015fmalar\u0131 yerinde g\u00f6zlemleyerek her ya\u015fta mahalle sakinleri ile bir araya gelmeye b\u00fcy\u00fck \u00f6nem veren Karesi Belediye Ba\u015fkan\u0131 Din\u00e7er Orkan, k\u0131rsal mahalleleri ziyaret ederek muhtarlar ve vatanda\u015flarla bir araya geldi. Ba\u015fkan Orkan\u2019\u0131n ger\u00e7ekle\u015ftirdi\u011fi inceleme ziyaretinde kendisine birim m\u00fcd\u00fcrleri e\u015flik etti. <\/span><br \/>\n<span style=\"font-family: arial, helvetica, sans-serif; font-size: 14px;\">Ba\u015fkan Orkan\u2019\u0131n ilk dura\u011f\u0131 Ziyaretli Mahallesi oldu. Mahalle Muhtar\u0131ndan, mahallenin ihtiya\u00e7 ve talepleriyle ilgili bilgi alan Ba\u015fkan Orkan, talepleri tek tek not ald\u0131. Ba\u015fkan Orkan daha sonra s\u0131ras\u0131yla Toybelen, Yeroluk, D\u00fczoba, Hisaralan ve \u00c7ayp\u0131nar oldu. \u00c7ayp\u0131nar Mahallesi\u2019nde yap\u0131mlar\u0131 devam eden K\u00f6y Kona\u011f\u0131 ve ta\u015f d\u00f6\u015feme \u00e7al\u0131\u015fmalar\u0131n\u0131 mahalle muhtar\u0131 ve vatanda\u015flarla birlikte inceleyen Orkan, belediye ekiplerine de kolayl\u0131klar diledi. Ba\u015fkan Orkan ziyaretlerinde kendisini g\u00fclery\u00fczle kar\u015f\u0131layan vatanda\u015flara te\u015fekk\u00fcr etti.<br \/>\n<\/span><br \/>\n<span style=\"font-size: 14px;\"><strong><span style=\"font-family: arial, helvetica, sans-serif;\">ORKAN: \u201cPLANLAMALARIMIZI YER\u0130NDE YAPIYORUZ\u201d<\/span><\/strong><\/span><br \/>\n<span style=\"font-family: arial, helvetica, sans-serif; font-size: 14px;\">Mahalle ve vatanda\u015f ziyaretlerini hem merkezde hem de k\u0131rsalda g\u00f6reve ba\u015flad\u0131klar\u0131 g\u00fcnden itibaren s\u00fcrd\u00fcrd\u00fcklerini ifade eden Ba\u015fkan Orkan, \u201cUzak yak\u0131n demeden hem\u015fehrilerimizin aya\u011f\u0131na gidiyoruz. Kap\u0131s\u0131n\u0131 \u00e7al\u0131yor, hal hat\u0131r soruyoruz. Bu ziyaretlerde, se\u00e7im s\u00fcrecinde ald\u0131\u011f\u0131m\u0131z notlar\u0131n yan\u0131 s\u0131ra g\u00f6reve gelir gelmez t\u00fcm mahallemizde belirledi\u011fimiz sorun ve beklentileri \u00e7\u00f6z\u00fcme kavu\u015fturmaya \u00e7al\u0131\u015f\u0131yor, s\u00f6z konusu sorunlar\u0131 yerinde inceliyor, mahalle muhtarlar\u0131m\u0131z ve vatanda\u015flar\u0131m\u0131zla isti\u015fareler ger\u00e7ekle\u015ftiriyoruz. Yeni taleplerle ilgili de anl\u0131k \u00e7\u00f6z\u00fcme kavu\u015facak olanlar\u0131 yerinde verdi\u011fimiz talimatlar\u0131m\u0131zla kar\u015f\u0131larken, k\u0131sa ve orta vadede \u00e7\u00f6zebileceklerimizin de planlamalar\u0131n\u0131 yine yerinde yap\u0131yoruz\u201d dedi.<br \/>\n<\/span><br \/>\n<span style=\"font-size: 14px;\"><strong><span style=\"font-family: arial, helvetica, sans-serif;\">BA\u015eKAN ORKAN: \u201cVATANDA\u015eLARIMIZLA \u0130ST\u0130\u015eARELERDE BULUNUYORUZ\u201d<\/span><\/strong><\/span><br \/>\n<span style=\"font-family: arial, helvetica, sans-serif; font-size: 14px;\">Ziyaretlerde muhtarlardan sokaktaki vatanda\u015flara, han\u0131mlardan gen\u00e7lere ve \u00e7ocuklara kadar her kesimden vatanda\u015fla g\u00f6r\u00fc\u015fme f\u0131rsat\u0131 bulduklar\u0131n\u0131 belirten Ba\u015fkan Orkan, \u201c G\u00f6reve geldi\u011fimiz ilk g\u00fcnden itibaren kap\u0131m\u0131z her bir vatanda\u015f\u0131m\u0131za a\u00e7\u0131k oldu. Ancak bunu asla yeterli g\u00f6rmedik. Bize ula\u015famayan vatanda\u015flar\u0131m\u0131za biz ula\u015f\u0131yor, vatanda\u015flar\u0131m\u0131z\u0131 dinliyor, \u00f6nceliklerini \u00f6\u011freniyor, sorunlar\u0131 yerinde tespit ediyor, \u00e7\u00f6z\u00fcm yollar\u0131n\u0131 onlarla yapt\u0131\u011f\u0131m\u0131z fikir al\u0131\u015f veri\u015fleriyle de\u011ferlendiriyoruz. Bu ziyaretleri, taleplerin ve devam eden \u00e7al\u0131\u015fmalar\u0131n yerinde tespiti, yeni ba\u015flayacak \u00e7al\u0131\u015fmalar\u0131n fizibilitesi ve planlamas\u0131 ile vatanda\u015flar\u0131m\u0131zla isti\u015fareler bak\u0131m\u0131ndan olduk\u00e7a fazla \u00f6nemsiyoruz. Kap\u0131m\u0131z vatanda\u015flar\u0131m\u0131za bundan sonra da her zaman a\u00e7\u0131k olacak. Di\u011fer taraftan da bu mahalle ziyaretlerimizde devam edecek.\u201d diye konu\u015ftu.<\/span><\/p>\n<p>&nbsp;<\/p>\n","protected":false},"excerpt":{"rendered":"<p>Karesi Belediye Ba\u015fkan\u0131 Din\u00e7er Orkan; uzak yak\u0131n ayr\u0131m\u0131 yapmadan, il\u00e7enin t\u00fcm mahallelerini ziyaret etmeye, Karesi\u2019yi kar\u0131\u015f kar\u0131\u015f dola\u015fmaya devam ediyor.<\/p>\n","protected":false},"author":3,"featured_media":10258,"comment_status":"open","ping_status":"open","sticky":false,"template":"","format":"standard","meta":{"colormag_page_container_layout":"default_layout","colormag_page_sidebar_layout":"default_layout","footnotes":""},"categories":[1,5,8],"tags":[],"class_list":["post-10305","post","type-post","status-publish","format-standard","has-post-thumbnail","hentry","category-genel","category-gundem","category-siyaset"],"_links":{"self":[{"href":"https:\/\/marmarayerelhizmet.com\/index.php\/wp-json\/wp\/v2\/posts\/10305","targetHints":{"allow":["GET"]}}],"collection":[{"href":"https:\/\/marmarayerelhizmet.com\/index.php\/wp-json\/wp\/v2\/posts"}],"about":[{"href":"https:\/\/marmarayerelhizmet.com\/index.php\/wp-json\/wp\/v2\/types\/post"}],"author":[{"embeddable":true,"href":"https:\/\/marmarayerelhizmet.com\/index.php\/wp-json\/wp\/v2\/users\/3"}],"replies":[{"embeddable":true,"href":"https:\/\/marmarayerelhizmet.com\/index.php\/wp-json\/wp\/v2\/comments?post=10305"}],"version-history":[{"count":0,"href":"https:\/\/marmarayerelhizmet.com\/index.php\/wp-json\/wp\/v2\/posts\/10305\/revisions"}],"wp:featuredmedia":[{"embeddable":true,"href":"https:\/\/marmarayerelhizmet.com\/index.php\/wp-json\/wp\/v2\/media\/10258"}],"wp:attachment":[{"href":"https:\/\/marmarayerelhizmet.com\/index.php\/wp-json\/wp\/v2\/media?parent=10305"}],"wp:term":[{"taxonomy":"category","embeddable":true,"href":"https:\/\/marmarayerelhizmet.com\/index.php\/wp-json\/wp\/v2\/categories?post=10305"},{"taxonomy":"post_tag","embeddable":true,"href":"https:\/\/marmarayerelhizmet.com\/index.php\/wp-json\/wp\/v2\/tags?post=10305"}],"curies":[{"name":"wp","href":"https:\/\/api.w.org\/{rel}","templated":true}]}}