{"id":10264,"date":"2023-06-18T12:13:22","date_gmt":"2023-06-18T09:13:22","guid":{"rendered":"https:\/\/marmarayerelhizmet.com\/?p=10264"},"modified":"2023-06-18T12:13:22","modified_gmt":"2023-06-18T09:13:22","slug":"polonezkoy-kiraz-festivali-basladi","status":"publish","type":"post","link":"https:\/\/marmarayerelhizmet.com\/index.php\/2023\/06\/18\/polonezkoy-kiraz-festivali-basladi\/","title":{"rendered":"Polonezk\u00f6y Kiraz Festivali Ba\u015flad\u0131"},"content":{"rendered":"<p><strong><span style=\"font-family: arial, helvetica, sans-serif; font-size: 14px;\">Tarihi T\u00fcrk-Polonya dostlu\u011funun en \u00f6nemli simgesi Polonezk\u00f6y, halk danslar\u0131 g\u00f6sterileri ve foto\u011fraf sergisinin yer ald\u0131\u011f\u0131 geleneksel Polonezk\u00f6y Kiraz Festival ile \u015fenlendi. K\u00f6ye \u00f6zg\u00fc kiraz ikram\u0131n\u0131n yap\u0131ld\u0131\u011f\u0131 festivalde pop m\u00fczik sanat\u00e7\u0131s\u0131 \u0130lyas Yal\u00e7\u0131nta\u015f sevilen \u015fark\u0131lar\u0131n\u0131 s\u00f6yledi.<br \/>\n<\/span><\/strong><br \/>\n<span style=\"font-family: arial, helvetica, sans-serif; font-size: 14px;\">Beykoz Belediyesi taraf\u0131ndan T\u00fcrkiye-Polonya dostlu\u011funa katk\u0131da bulunmak, 181 y\u0131ll\u0131k maziye sahip k\u00f6y\u00fc ve kiraz\u0131n\u0131 tan\u0131tmak amac\u0131yla d\u00fczenlenen \u201cPolonezk\u00f6y Kiraz Festivali\u201dnde geleneksel halk danslar\u0131 g\u00f6sterileriyle dostluk vurgusu yap\u0131ld\u0131. Polonezk\u00f6y\u2019\u00fcn ye\u015fil do\u011fas\u0131nda ger\u00e7ekle\u015fen festivalin a\u00e7\u0131l\u0131\u015f\u0131, k\u00f6y\u00fcn tarihinin sergilendi\u011fi foto\u011fraf sergisiyle yap\u0131ld\u0131. Polonezk\u00f6y Amfitiyatro\u2019da yer alan sergi ziyaret\u00e7ileri ar\u015fivlerden \u00f6zel karelerle ge\u00e7mi\u015fte yolculu\u011fa \u00e7\u0131kar\u0131rken, sergide k\u00f6y\u00fcn kurulu\u015funda rol oynayan tarihi \u015fahsiyetler, sosyal ve ekonomik ya\u015fant\u0131, \u00f6nemli g\u00fcn, an\u0131 ve olaylar ziyaret\u00e7ilerle payla\u015f\u0131ld\u0131. Festivalde vatanda\u015flara kiraz ikram edildi.<\/span><br \/>\n<span style=\"font-family: arial, helvetica, sans-serif; font-size: 14px;\">Festivale Polonya Cumhuriyeti \u0130stanbul Ba\u015fkonsolosu Witold Lesniak ve Beykoz Belediye Ba\u015fkan\u0131 Murat Ayd\u0131n ile \u00e7ok say\u0131da vatanda\u015f kat\u0131ld\u0131. Festivalde sevilen pop m\u00fczik sanat\u00e7\u0131s\u0131 \u0130lyas Yal\u00e7\u0131nta\u015f konser verdi. Polonezk\u00f6y Otopark Alan\u0131\u2019nda il\u00e7e sakinleriyle bulu\u015fan sanat\u00e7\u0131, tarihi dostluk an\u0131s\u0131na \u015fark\u0131lar\u0131n\u0131 s\u00f6yledi.<\/span><br \/>\n<span style=\"font-family: arial, helvetica, sans-serif; font-size: 14px;\">2022-2023 Hentbol Erkekler S\u00fcper Ligi Cemal K\u00fctahya Sezonu \u015fampiyonu olan Beykoz Belediyespor oyuncular\u0131 ve teknik ekibi de festivale kat\u0131l\u0131m g\u00f6sterdi. \u015eampiyon tak\u0131m\u0131n oyuncular\u0131 ve teknik ekibi alk\u0131\u015flar e\u015fli\u011finde sahneye \u00e7\u0131karken, \u015fampiyonluk kupas\u0131n\u0131 Ba\u015fkan Murat Ayd\u0131n ile beraber sahnede kald\u0131rd\u0131lar.<\/span><\/p>\n<p><strong><span style=\"font-family: arial, helvetica, sans-serif; font-size: 14px;\">\u201c180 y\u0131l \u00f6nce Polonya ile T\u00fcrkiye aras\u0131nda, \u0130stanbul aras\u0131nda bir k\u00f6pr\u00fc kurulmu\u015f\u201d<\/span><\/strong><br \/>\n<span style=\"font-family: arial, helvetica, sans-serif; font-size: 14px;\">Ba\u015fkan Murat Ayd\u0131n, \u201c180 y\u0131l \u00f6nce Polonya ile T\u00fcrkiye aras\u0131nda, \u0130stanbul aras\u0131nda bir k\u00f6pr\u00fc kurulmu\u015f. Polonezk\u00f6y o k\u00f6pr\u00fcn\u00fcn en \u00f6nemli aya\u011f\u0131. 180 y\u0131ld\u0131r o g\u00f6n\u00fcl k\u00f6pr\u00fcs\u00fc g\u00f6n\u00fclleri birbirine ba\u011flamaya devam ediyor. Bu ba\u011flant\u0131 asl\u0131nda bar\u0131\u015fa olan katk\u0131d\u0131r, mutlulu\u011fa olan katk\u0131d\u0131r. Gelece\u011fin daha g\u00fczel olmas\u0131na katk\u0131d\u0131r, ayn\u0131 zamanda zenginli\u011fe olan katk\u0131d\u0131r. Biz bu s\u00fcrecin devam etmesiyle ilgili olarak Beykoz Belediyesi, Polonezk\u00f6y Muhtarl\u0131\u011f\u0131m\u0131z, mesai arkada\u015flar\u0131m\u0131z ve Polonya \u0130stanbul Ba\u015fkonsoloslu\u011fu olarak bu etkinlikleri ger\u00e7ekle\u015ftiriyoruz. Polonezk\u00f6y hikayesi bir ac\u0131yla beraber ba\u015flam\u0131\u015f. O zaman Lehistan-Rusya sava\u015f\u0131 olmu\u015f ve o s\u00fcre\u00e7te buraya gelen Osmanl\u0131\u2019n\u0131n kucak a\u00e7t\u0131\u011f\u0131 Polonyal\u0131 hem\u015fehrilerimiz karde\u015flerimiz olmu\u015f. Biz \u015fimdi onlar\u0131n torunlar\u0131yla beraber bu etkinlikleri yap\u0131yoruz\u201d dedi.<\/span><br \/>\n<span style=\"font-family: arial, helvetica, sans-serif; font-size: 14px;\">Polonya Cumhuriyeti \u0130stanbul Ba\u015fkonsolosu Witold Lesniak, \u201cPolonezk\u00f6y Kiraz Festivali, Polonya ve T\u00fcrkiye dostlu\u011funun simgesi haline gelmi\u015ftir. Polonezk\u00f6y 200 y\u0131ld\u0131r iki farkl\u0131 k\u00fclt\u00fcr\u00fcn birlikte ya\u015fayabildi\u011finin g\u00f6stergesidir. Polonezk\u00f6y Kiraz Festivali \u00fclkelerimiz aras\u0131ndaki ba\u011flar\u0131 g\u00fc\u00e7lendiren bir etkinlik olarak \u00f6nemlidir\u201d diye konu\u015ftu.<\/span><\/p>\n","protected":false},"excerpt":{"rendered":"<p>Tarihi T\u00fcrk-Polonya dostlu\u011funun en \u00f6nemli simgesi Polonezk\u00f6y, halk danslar\u0131 g\u00f6sterileri ve foto\u011fraf sergisinin yer ald\u0131\u011f\u0131 geleneksel Polonezk\u00f6y Kiraz Festival ile<\/p>\n","protected":false},"author":3,"featured_media":10268,"comment_status":"open","ping_status":"open","sticky":false,"template":"","format":"standard","meta":{"colormag_page_container_layout":"default_layout","colormag_page_sidebar_layout":"default_layout","footnotes":""},"categories":[1,5,6,8],"tags":[],"class_list":["post-10264","post","type-post","status-publish","format-standard","has-post-thumbnail","hentry","category-genel","category-gundem","category-kultur-sanat","category-siyaset"],"_links":{"self":[{"href":"https:\/\/marmarayerelhizmet.com\/index.php\/wp-json\/wp\/v2\/posts\/10264","targetHints":{"allow":["GET"]}}],"collection":[{"href":"https:\/\/marmarayerelhizmet.com\/index.php\/wp-json\/wp\/v2\/posts"}],"about":[{"href":"https:\/\/marmarayerelhizmet.com\/index.php\/wp-json\/wp\/v2\/types\/post"}],"author":[{"embeddable":true,"href":"https:\/\/marmarayerelhizmet.com\/index.php\/wp-json\/wp\/v2\/users\/3"}],"replies":[{"embeddable":true,"href":"https:\/\/marmarayerelhizmet.com\/index.php\/wp-json\/wp\/v2\/comments?post=10264"}],"version-history":[{"count":0,"href":"https:\/\/marmarayerelhizmet.com\/index.php\/wp-json\/wp\/v2\/posts\/10264\/revisions"}],"wp:featuredmedia":[{"embeddable":true,"href":"https:\/\/marmarayerelhizmet.com\/index.php\/wp-json\/wp\/v2\/media\/10268"}],"wp:attachment":[{"href":"https:\/\/marmarayerelhizmet.com\/index.php\/wp-json\/wp\/v2\/media?parent=10264"}],"wp:term":[{"taxonomy":"category","embeddable":true,"href":"https:\/\/marmarayerelhizmet.com\/index.php\/wp-json\/wp\/v2\/categories?post=10264"},{"taxonomy":"post_tag","embeddable":true,"href":"https:\/\/marmarayerelhizmet.com\/index.php\/wp-json\/wp\/v2\/tags?post=10264"}],"curies":[{"name":"wp","href":"https:\/\/api.w.org\/{rel}","templated":true}]}}