{"id":10242,"date":"2023-06-17T12:44:42","date_gmt":"2023-06-17T09:44:42","guid":{"rendered":"https:\/\/marmarayerelhizmet.com\/?p=10242"},"modified":"2023-06-17T12:44:42","modified_gmt":"2023-06-17T09:44:42","slug":"daha-temiz-bir-sile","status":"publish","type":"post","link":"https:\/\/marmarayerelhizmet.com\/index.php\/2023\/06\/17\/daha-temiz-bir-sile\/","title":{"rendered":"Daha Temiz Bir \u015eile"},"content":{"rendered":"<p><strong><span style=\"font-family: arial, helvetica, sans-serif;\">\u015eile Belediyesi taraf\u0131ndan Anadolu Yakas\u0131 karde\u015f belediyelerin deste\u011fi ve i\u015f birli\u011fi ile 12-14 Haziran tarihleri aras\u0131nda ger\u00e7ekle\u015ftirilen, &#8220;\u015eok Temizlik \u00c7al\u0131\u015fmalar\u0131\u201d tamamland\u0131.<br \/>\n<\/span><\/strong><br \/>\n<strong><span style=\"font-family: arial, helvetica, sans-serif;\">\u015eile 2023 yaz\u0131na p\u0131r\u0131l p\u0131r\u0131l bir \u201cMerhaba\u201d dedi<\/span><\/strong><br \/>\n<span style=\"font-family: arial, helvetica, sans-serif;\">Geni\u015f \u00e7er\u00e7eveli \u201c\u015eok Temizlik \u00c7al\u0131\u015fmalar\u0131\u201d, karde\u015f belediyelerin deste\u011fiyle yol ve meydan y\u0131kamalar\u0131, ara\u00e7l\u0131 s\u00fcp\u00fcrme, konteyner temizli\u011fi ve tamiri, bord\u00fcr boyama, kaba at\u0131k toplama, ot bi\u00e7me ve cami temizlikleri gibi \u00e7al\u0131\u015fmalar il\u00e7e genelinde yo\u011fun bir tempoyla ger\u00e7ekle\u015ftirildi.<\/span><br \/>\n<span style=\"font-family: arial, helvetica, sans-serif;\">\u015eile Belediyesi&#8217;nin y\u0131l boyunca d\u00fczenli olarak sa\u011flad\u0131\u011f\u0131 temizlik hizmetlerine ek olarak, di\u011fer belediyelerle yap\u0131lan i\u015f birli\u011fi, vatanda\u015flar taraf\u0131ndan da be\u011feniyle kar\u015f\u0131land\u0131. Karayollar\u0131 B\u00f6lge M\u00fcd\u00fcrl\u00fc\u011f\u00fc ba\u015fta olmak \u00fczere, Beykoz Belediyesi, \u00c7ekmek\u00f6y Belediyesi, Pendik Belediyesi, Sultanbeyli Belediyesi, Sancaktepe Belediyesi, Tuzla Belediyesi, \u00dcmraniye Belediyesi, \u00dcsk\u00fcdar Belediyesi \u201c\u015eok Temizlik \u00c7al\u0131\u015fmalar\u0131\u201d \u00e7er\u00e7evesinde \u015eile Belediyesi\u2019ne destek oldu.<br \/>\n<\/span><br \/>\n<strong><span style=\"font-family: arial, helvetica, sans-serif;\">&#8220;Her \u015fey \u0130stanbul&#8217;un parlayan y\u0131ld\u0131z\u0131 \u015eile i\u00e7in&#8221;<\/span><\/strong><br \/>\n<span style=\"font-family: arial, helvetica, sans-serif;\">&#8220;\u015eok Temizlik \u00c7al\u0131\u015fmalar\u0131&#8221; s\u00fcrecinde \u015eile Belediye Ba\u015fkan\u0131 \u0130lhan Ocakl\u0131, bu planlaman\u0131n \u00f6nemine vurgu yaparak, &#8220;\u015eile&#8217;yi yaz sezonuna haz\u0131rl\u0131yoruz. \u0130stanbul Anadolu Yakas\u0131&#8217;ndaki karde\u015f belediyelerimizle planlad\u0131\u011f\u0131m\u0131z \u201c\u015eok Temizlik \u00c7al\u0131\u015fmalar\u0131m\u0131z\u201d 3 g\u00fcn s\u00fcrd\u00fc. Bu \u00fc\u00e7 g\u00fcn boyunca \u015eile\u2019nin yollar\u0131 y\u0131kand\u0131, s\u00fcp\u00fcr\u00fcld\u00fc, konteynerlerin bak\u0131m\u0131 yap\u0131ld\u0131 ve temizlendi. T\u00fcm otob\u00fcs duraklar\u0131 y\u0131kand\u0131 ve dezenfekte edildi. Ye\u015fil alanlar bi\u00e7ildi, budand\u0131 ve genel temizlikleri yap\u0131ld\u0131. Camilerimiz temizlendi, bord\u00fcrleri boyand\u0131. Kaba at\u0131klar topland\u0131 ve kent mobilyalar\u0131 yenilendi. \u00c7\u00fcnk\u00fc her \u015fey, \u0130stanbul&#8217;un parlayan y\u0131ld\u0131z\u0131 \u015eile i\u00e7in&#8221; dedi.<br \/>\n<\/span><br \/>\n<strong><span style=\"font-family: arial, helvetica, sans-serif;\">Daha temiz bir \u015eile<\/span><\/strong><br \/>\n<span style=\"font-family: arial, helvetica, sans-serif;\">\u015eile Belediyesi Temizlik \u0130\u015fleri M\u00fcd\u00fcrl\u00fc\u011f\u00fc taraf\u0131ndan y\u00fcr\u00fct\u00fclen ve dokuz Anadolu Yakas\u0131 belediyesinin i\u015f birli\u011fiyle ger\u00e7ekle\u015ftirilen \u015eok Temizlik Kampanyas\u0131, il\u00e7enin temizlik standartlar\u0131n\u0131 \u00f6nemli \u00f6l\u00e7\u00fcde y\u00fckseltmeyi hedefliyor. 2023 yaz sezonunda yo\u011fun bir d\u00f6neme haz\u0131rlanan \u015eile Belediyesi hem b\u00f6lge halk\u0131 hem de ziyaret\u00e7iler i\u00e7in hijyen ve konforu art\u0131rmay\u0131 hedefliyor.<\/span><\/p>\n","protected":false},"excerpt":{"rendered":"<p>\u015eile Belediyesi taraf\u0131ndan Anadolu Yakas\u0131 karde\u015f belediyelerin deste\u011fi ve i\u015f birli\u011fi ile 12-14 Haziran tarihleri aras\u0131nda ger\u00e7ekle\u015ftirilen, &#8220;\u015eok Temizlik \u00c7al\u0131\u015fmalar\u0131\u201d<\/p>\n","protected":false},"author":3,"featured_media":10250,"comment_status":"open","ping_status":"open","sticky":false,"template":"","format":"standard","meta":{"colormag_page_container_layout":"default_layout","colormag_page_sidebar_layout":"default_layout","footnotes":""},"categories":[1,5,8],"tags":[],"class_list":["post-10242","post","type-post","status-publish","format-standard","has-post-thumbnail","hentry","category-genel","category-gundem","category-siyaset"],"_links":{"self":[{"href":"https:\/\/marmarayerelhizmet.com\/index.php\/wp-json\/wp\/v2\/posts\/10242","targetHints":{"allow":["GET"]}}],"collection":[{"href":"https:\/\/marmarayerelhizmet.com\/index.php\/wp-json\/wp\/v2\/posts"}],"about":[{"href":"https:\/\/marmarayerelhizmet.com\/index.php\/wp-json\/wp\/v2\/types\/post"}],"author":[{"embeddable":true,"href":"https:\/\/marmarayerelhizmet.com\/index.php\/wp-json\/wp\/v2\/users\/3"}],"replies":[{"embeddable":true,"href":"https:\/\/marmarayerelhizmet.com\/index.php\/wp-json\/wp\/v2\/comments?post=10242"}],"version-history":[{"count":0,"href":"https:\/\/marmarayerelhizmet.com\/index.php\/wp-json\/wp\/v2\/posts\/10242\/revisions"}],"wp:featuredmedia":[{"embeddable":true,"href":"https:\/\/marmarayerelhizmet.com\/index.php\/wp-json\/wp\/v2\/media\/10250"}],"wp:attachment":[{"href":"https:\/\/marmarayerelhizmet.com\/index.php\/wp-json\/wp\/v2\/media?parent=10242"}],"wp:term":[{"taxonomy":"category","embeddable":true,"href":"https:\/\/marmarayerelhizmet.com\/index.php\/wp-json\/wp\/v2\/categories?post=10242"},{"taxonomy":"post_tag","embeddable":true,"href":"https:\/\/marmarayerelhizmet.com\/index.php\/wp-json\/wp\/v2\/tags?post=10242"}],"curies":[{"name":"wp","href":"https:\/\/api.w.org\/{rel}","templated":true}]}}