{"id":10241,"date":"2023-06-17T12:20:30","date_gmt":"2023-06-17T09:20:30","guid":{"rendered":"https:\/\/marmarayerelhizmet.com\/?p=10241"},"modified":"2023-06-17T12:41:29","modified_gmt":"2023-06-17T09:41:29","slug":"kiraz-festivali-basliyor","status":"publish","type":"post","link":"https:\/\/marmarayerelhizmet.com\/index.php\/2023\/06\/17\/kiraz-festivali-basliyor\/","title":{"rendered":"Kiraz Festivali Ba\u015fl\u0131yor"},"content":{"rendered":"<p><strong><span style=\"font-family: arial, helvetica, sans-serif; font-size: 14px;\">Tarihi T\u00fcrk-Polonya dostlu\u011funun en \u00f6nemli simgesi Polonezk\u00f6y&#8217;de d\u00fczenlenecek \u201cPolonezk\u00f6y Kiraz Festivali\u201d \u00f6ncesi Beykoz&#8217;da tan\u0131t\u0131m resepsiyonu d\u00fczenlendi.<br \/>\n<\/span><\/strong><br \/>\n<span style=\"font-family: arial, helvetica, sans-serif; font-size: 14px;\">Beykoz Belediyesi taraf\u0131ndan T\u00fcrkiye-Polonya dostlu\u011funa katk\u0131da bulunmak, 181 y\u0131ll\u0131k maziye sahip k\u00f6y\u00fc ve kiraz\u0131n\u0131 tan\u0131tmak amac\u0131yla d\u00fczenlenecek olan \u201cPolonezk\u00f6y Kiraz Festivali\u201d \u00f6ncesi T\u00fcrk ve Polanya yetkililerinin kat\u0131ld\u0131\u011f\u0131 tan\u0131t\u0131m resepsiyonu d\u00fczenlendi. Mecidiye Kasr\u0131&#8217;nda d\u00fczenlenen resepsiyona Polonya Cumhuriyeti \u0130stanbul Ba\u015fkonsolosu Witold Lesniak, Beykoz Belediye Ba\u015fkan\u0131 Murat Ayd\u0131n, Beykoz Kaymakam\u0131 Eseng\u00fcl Korkmaz \u00c7i\u00e7ekli ve il\u00e7e protokol\u00fc kat\u0131ld\u0131.<\/span><br \/>\n<span style=\"font-family: arial, helvetica, sans-serif; font-size: 14px;\">Dostluk vurgusunun yap\u0131ld\u0131\u011f\u0131 resepsiyonda konu\u015fan Beykoz Belediye Ba\u015fkan\u0131 Murat Ayd\u0131n, &#8220;Bizim i\u00e7in Polonezk\u00f6y anlaml\u0131. Biz, ge\u00e7mi\u015fi ya\u015fatmak, Polonezk\u00f6y&#8217;\u00fcn varl\u0131\u011f\u0131na dikkat \u00e7ekmek, iki \u00fclke aras\u0131ndaki ili\u015fkilerin daha canl\u0131 olmas\u0131na katk\u0131 vermek ad\u0131na bu etkinlikleri yap\u0131yoruz. Polonezk\u00f6y&#8217;\u00fcm\u00fczde g\u00fczel kirazlar yeti\u015fiyor. Her y\u0131l etkinliklerimizi yap\u0131yoruz. \u0130stanbul Polonya Ba\u015fkonsolosu ve Beykoz Belediyesi olarak birlikte ger\u00e7ekle\u015ftiriyoruz. Di\u011fer \u00fclkelerin ba\u015fkonsoloslar\u0131 da burada. Asl\u0131nda dostlu\u011fa ve bar\u0131\u015fa katk\u0131 veren bir durum s\u00f6z konusu&#8221; dedi.<\/span><br \/>\n<span style=\"font-family: arial, helvetica, sans-serif; font-size: 14px;\">Beykoz&#8217;da d\u00fczenlenecek \u201cPolonezk\u00f6y Kiraz Festivali\u201d \u00f6ncesi d\u00fczenlenen resepsiyonda konu\u015fan Polonya Cumhuriyeti \u0130stanbul Ba\u015fkonsolosu Witold Lesniak, &#8220;Kiraz, Polonya&#8217;da sevilen bir meyvedir. Polenezk\u00f6y&#8217;\u00fcn miras\u0131 olan Kiraz Festivali Leh-T\u00fcrk dostlu\u011funun de\u011ferli bir sembol\u00fcne d\u00f6n\u00fc\u015fm\u00fc\u015ft\u00fcr. Polenezk\u00f6y 19. y\u00fczy\u0131l Polonya&#8217;s\u0131nda \u00e7evre devletlerin bask\u0131 ve i\u015fgallerinden kurtulmak i\u00e7in iltica eden Polonya vatanda\u015flar\u0131 taraf\u0131ndan kurulmu\u015f s\u0131\u011f\u0131nak niyetinde bir yerle\u015fim yeridir&#8221; dedi.<\/span><\/p>\n","protected":false},"excerpt":{"rendered":"<p>Tarihi T\u00fcrk-Polonya dostlu\u011funun en \u00f6nemli simgesi Polonezk\u00f6y&#8217;de d\u00fczenlenecek \u201cPolonezk\u00f6y Kiraz Festivali\u201d \u00f6ncesi Beykoz&#8217;da tan\u0131t\u0131m resepsiyonu d\u00fczenlendi. Beykoz Belediyesi taraf\u0131ndan T\u00fcrkiye-Polonya<\/p>\n","protected":false},"author":3,"featured_media":10247,"comment_status":"open","ping_status":"open","sticky":false,"template":"","format":"standard","meta":{"colormag_page_container_layout":"default_layout","colormag_page_sidebar_layout":"default_layout","footnotes":""},"categories":[1,5,6,8],"tags":[],"class_list":["post-10241","post","type-post","status-publish","format-standard","has-post-thumbnail","hentry","category-genel","category-gundem","category-kultur-sanat","category-siyaset"],"_links":{"self":[{"href":"https:\/\/marmarayerelhizmet.com\/index.php\/wp-json\/wp\/v2\/posts\/10241","targetHints":{"allow":["GET"]}}],"collection":[{"href":"https:\/\/marmarayerelhizmet.com\/index.php\/wp-json\/wp\/v2\/posts"}],"about":[{"href":"https:\/\/marmarayerelhizmet.com\/index.php\/wp-json\/wp\/v2\/types\/post"}],"author":[{"embeddable":true,"href":"https:\/\/marmarayerelhizmet.com\/index.php\/wp-json\/wp\/v2\/users\/3"}],"replies":[{"embeddable":true,"href":"https:\/\/marmarayerelhizmet.com\/index.php\/wp-json\/wp\/v2\/comments?post=10241"}],"version-history":[{"count":0,"href":"https:\/\/marmarayerelhizmet.com\/index.php\/wp-json\/wp\/v2\/posts\/10241\/revisions"}],"wp:featuredmedia":[{"embeddable":true,"href":"https:\/\/marmarayerelhizmet.com\/index.php\/wp-json\/wp\/v2\/media\/10247"}],"wp:attachment":[{"href":"https:\/\/marmarayerelhizmet.com\/index.php\/wp-json\/wp\/v2\/media?parent=10241"}],"wp:term":[{"taxonomy":"category","embeddable":true,"href":"https:\/\/marmarayerelhizmet.com\/index.php\/wp-json\/wp\/v2\/categories?post=10241"},{"taxonomy":"post_tag","embeddable":true,"href":"https:\/\/marmarayerelhizmet.com\/index.php\/wp-json\/wp\/v2\/tags?post=10241"}],"curies":[{"name":"wp","href":"https:\/\/api.w.org\/{rel}","templated":true}]}}