{"id":10218,"date":"2023-06-16T22:11:23","date_gmt":"2023-06-16T19:11:23","guid":{"rendered":"https:\/\/marmarayerelhizmet.com\/?p=10218"},"modified":"2023-06-16T22:11:23","modified_gmt":"2023-06-16T19:11:23","slug":"muhtarligin-yeni-binasi-hizmete-acildi","status":"publish","type":"post","link":"https:\/\/marmarayerelhizmet.com\/index.php\/2023\/06\/16\/muhtarligin-yeni-binasi-hizmete-acildi\/","title":{"rendered":"Muhtarl\u0131\u011f\u0131n Yeni Binas\u0131 Hizmete A\u00e7\u0131ld\u0131"},"content":{"rendered":"<p><strong><span style=\"font-family: arial, helvetica, sans-serif; font-size: 14px;\">Beyo\u011flu Belediyesi taraf\u0131ndan in\u015fa edilen Asmal\u0131 Mescit ve Evliya \u00c7elebi Muhtarl\u0131klar\u0131n\u0131n yeni binas\u0131 Asmal\u0131 Mescit\u2019te hizmete a\u00e7\u0131ld\u0131. \u0130ki mahallenin muhtarl\u0131\u011f\u0131 ayn\u0131 binada hizmetini s\u00fcrd\u00fcrecek.<br \/>\n<\/span><\/strong><br \/>\n<span style=\"font-family: arial, helvetica, sans-serif; font-size: 14px;\">Beyo\u011flu Belediyesi taraf\u0131ndan in\u015fa edilen Asmal\u0131 Mescit ve Evliya \u00c7elebi Mahalle Muhtarl\u0131klar\u0131n\u0131n yeni binalar\u0131 Asmal\u0131 Mescit Sokak\u2019ta hizmete a\u00e7\u0131ld\u0131. A\u00e7\u0131l\u0131\u015f t\u00f6renine Beyo\u011flu Belediye Ba\u015fkan\u0131 Haydar Ali Y\u0131ld\u0131z, Beyo\u011flu mahalle muhtarlar\u0131 ve bir\u00e7ok davetli kat\u0131ld\u0131. A\u00e7\u0131lan yeni binada kar\u015f\u0131l\u0131kl\u0131 iki odan\u0131n birinde Asmal\u0131 Mescit Mahalle Muhtarl\u0131\u011f\u0131 bulunurken, di\u011fer odada ise Evliya \u00c7elebi Mahalle Muhtarl\u0131\u011f\u0131 bulunuyor. Asmal\u0131 Mescit Mahalle Muhtar\u0131 Recep Sar\u0131 ve Evliya \u00c7elebi Mahalle Muhtar\u0131 Naim Y\u0131ld\u0131r\u0131m yeni binalar i\u00e7in Beyo\u011flu Belediyesine ve Kaymakaml\u0131\u011fa te\u015fekk\u00fcrlerini iletti.<\/span><br \/>\n<span style=\"font-family: arial, helvetica, sans-serif; font-size: 14px;\">Konu\u015fmas\u0131nda hay\u0131rl\u0131 olsun dileklerinde bulunan Beyo\u011flu Belediye Ba\u015fkan\u0131 Haydar Ali Y\u0131ld\u0131z, &#8220;D\u00fcn Beyo\u011flu\u2019nda Muhtarlar Derne\u011fi ba\u015fkan\u0131m\u0131z\u0131n ev sahipli\u011finde muhtarlar\u0131m\u0131zla beraberdik. \u0130stanbul\u2019un farkl\u0131 noktalar\u0131ndaki muhtarlar\u0131m\u0131z\u0131 a\u011f\u0131rlad\u0131k. Bug\u00fcn iki mahalle muhtarl\u0131\u011f\u0131m\u0131z\u0131n yeni hizmet alanlar\u0131nda, onlara b\u00f6yle bir yer kazand\u0131rmay\u0131 Allah bize nasip etti. Evliya \u00c7elebi tabi tarihi bir \u015fahsiyet ve bu mahalle, benim Beyo\u011flu\u2019ndaki ikametimde i\u015f yerimin ba\u011fl\u0131 oldu\u011fu muhtarl\u0131kt\u0131. Bu anlamda ge\u00e7mi\u015f d\u00f6nemden itibaren Evliya \u00c7elebi Mahallesi ve Asmal\u0131 Mescit, tarihi hikayesi ve manevi de\u011feri olan yerler. Muhtarl\u0131klar\u0131n burada en g\u00fczel \u015fekilde hizmet vereceklerine inan\u0131yorum. Beyo\u011flu\u2019nun g\u00f6zde noktalar\u0131n\u0131n birine 2 muhtarl\u0131k kazand\u0131rm\u0131\u015f olduk. Hay\u0131rl\u0131, u\u011furlu olsun. \u015eimdiden Kurban Bayram\u0131n\u0131z\u0131 tebrik ediyor ve hay\u0131rl\u0131 bayramlar diliyorum.\u2019\u2019 dedi.<\/span><br \/>\n<span style=\"font-family: arial, helvetica, sans-serif; font-size: 14px;\">Konu\u015fmalar\u0131n ard\u0131ndan a\u00e7\u0131l\u0131\u015f kurdelesi kesildi ve Belediye Ba\u015fkan\u0131 Haydar Ali Y\u0131ld\u0131z yeni muhtarl\u0131k binas\u0131n\u0131 gezdi.<\/span><\/p>\n","protected":false},"excerpt":{"rendered":"<p>Beyo\u011flu Belediyesi taraf\u0131ndan in\u015fa edilen Asmal\u0131 Mescit ve Evliya \u00c7elebi Muhtarl\u0131klar\u0131n\u0131n yeni binas\u0131 Asmal\u0131 Mescit\u2019te hizmete a\u00e7\u0131ld\u0131. \u0130ki mahallenin muhtarl\u0131\u011f\u0131<\/p>\n","protected":false},"author":3,"featured_media":10228,"comment_status":"open","ping_status":"open","sticky":false,"template":"","format":"standard","meta":{"colormag_page_container_layout":"default_layout","colormag_page_sidebar_layout":"default_layout","footnotes":""},"categories":[1,5,8],"tags":[],"class_list":["post-10218","post","type-post","status-publish","format-standard","has-post-thumbnail","hentry","category-genel","category-gundem","category-siyaset"],"_links":{"self":[{"href":"https:\/\/marmarayerelhizmet.com\/index.php\/wp-json\/wp\/v2\/posts\/10218","targetHints":{"allow":["GET"]}}],"collection":[{"href":"https:\/\/marmarayerelhizmet.com\/index.php\/wp-json\/wp\/v2\/posts"}],"about":[{"href":"https:\/\/marmarayerelhizmet.com\/index.php\/wp-json\/wp\/v2\/types\/post"}],"author":[{"embeddable":true,"href":"https:\/\/marmarayerelhizmet.com\/index.php\/wp-json\/wp\/v2\/users\/3"}],"replies":[{"embeddable":true,"href":"https:\/\/marmarayerelhizmet.com\/index.php\/wp-json\/wp\/v2\/comments?post=10218"}],"version-history":[{"count":0,"href":"https:\/\/marmarayerelhizmet.com\/index.php\/wp-json\/wp\/v2\/posts\/10218\/revisions"}],"wp:featuredmedia":[{"embeddable":true,"href":"https:\/\/marmarayerelhizmet.com\/index.php\/wp-json\/wp\/v2\/media\/10228"}],"wp:attachment":[{"href":"https:\/\/marmarayerelhizmet.com\/index.php\/wp-json\/wp\/v2\/media?parent=10218"}],"wp:term":[{"taxonomy":"category","embeddable":true,"href":"https:\/\/marmarayerelhizmet.com\/index.php\/wp-json\/wp\/v2\/categories?post=10218"},{"taxonomy":"post_tag","embeddable":true,"href":"https:\/\/marmarayerelhizmet.com\/index.php\/wp-json\/wp\/v2\/tags?post=10218"}],"curies":[{"name":"wp","href":"https:\/\/api.w.org\/{rel}","templated":true}]}}