{"id":10217,"date":"2023-06-16T22:11:20","date_gmt":"2023-06-16T19:11:20","guid":{"rendered":"https:\/\/marmarayerelhizmet.com\/?p=10217"},"modified":"2023-06-16T22:11:20","modified_gmt":"2023-06-16T19:11:20","slug":"esenyurtlular-sanata-doyacak","status":"publish","type":"post","link":"https:\/\/marmarayerelhizmet.com\/index.php\/2023\/06\/16\/esenyurtlular-sanata-doyacak\/","title":{"rendered":"Esenyurtlular Sanata Doyacak"},"content":{"rendered":"<p><strong><span style=\"font-family: arial, helvetica, sans-serif; font-size: 14px;\">Esenyurt Belediyesi&#8217;nin k\u00fclt\u00fcr sanat at\u00f6lyelerinde e\u011fitim alan kursiyerler i\u00e7in \u201cY\u0131l Sonu Kapan\u0131\u015f\u201d etkinli\u011fi d\u00fczenlendi. Etkinlikte sahne alan ve yeteneklerini sergileyen kursiyerlere mezuniyet sertifikalar\u0131n\u0131 veren Belediye Ba\u015fkan\u0131 Kemal Deniz Bozkurt, k\u00fclt\u00fcr sanat alan\u0131ndaki \u00e7al\u0131\u015fmalar\u0131n daha da artaca\u011f\u0131n\u0131 vurgulayarak, \u201cEsenyurtlular bu y\u0131l sanata doyacak\u201d dedi.<br \/>\n<\/span><\/strong><br \/>\n<span style=\"font-family: arial, helvetica, sans-serif; font-size: 14px;\">K\u00fclt\u00fcr sanat alan\u0131ndaki \u00e7al\u0131\u015fmalara \u00f6zel bir \u00f6nem veren Esenyurt Belediyesi, \u00e7e\u015fitli k\u00fclt\u00fcr sanat at\u00f6lyelerinde e\u011fitim alan kursiyerler i\u00e7in Erol Ol\u00e7ok K\u00fclt\u00fcr Merkezi\u2019nde \u201cY\u0131l Sonu Kapan\u0131\u015f Program\u0131\u201d d\u00fczenledi. Belediye Ba\u015fkan\u0131 Kemal Deniz Bozkurt\u2019un da kat\u0131ld\u0131\u011f\u0131 etkinlikte, at\u00f6lyelerden mezun olan kursiyerlere sertifikalar\u0131 da verildi. M\u00fczik dinletisi, halk oyunlar\u0131 ve tiyatro gibi bir\u00e7ok g\u00f6sterinin yer ald\u0131\u011f\u0131 etkinli\u011fe Belediye Ba\u015fkan\u0131 Kemal Deniz Bozkurt&#8217;un yan\u0131 s\u0131ra Kent Konseyi Ba\u015fkan\u0131 Mehmet Hanifi Kaya, ba\u015fkan yard\u0131mc\u0131lar\u0131, birim m\u00fcd\u00fcrleri ve \u00e7ok say\u0131da vatanda\u015f kat\u0131ld\u0131.<\/span><br \/>\n<span style=\"font-family: arial, helvetica, sans-serif; font-size: 14px;\">G\u00f6reve geldiklerinde olumsuz bir tabloyu devrald\u0131klar\u0131na vurgu yapan Esenyurt Belediye Ba\u015fkan\u0131 Kemal Deniz Bozkurt, \u201c\u0130n\u015fallah bundan sonra bug\u00fcne kadar konu\u015ftu\u011fumuz sorunlar\u0131n b\u00fcy\u00fck bir b\u00f6l\u00fcm\u00fcn\u00fc konu\u015fmayaca\u011f\u0131z. Bunlardan daha ziyade g\u00fczellikleri konu\u015faca\u011f\u0131z. Bu sene, l\u00fctfen yapaca\u011f\u0131m\u0131z i\u015fleri sosyal medya hesaplar\u0131ndan takip edin. Esenyurt\u2019ta, \u0130stanbul ve T\u00fcrkiye\u2019ye \u00f6rnek olan bir\u00e7ok proje var. Ayn\u0131 zamanda k\u00fclt\u00fcr sanat etkinlikleri a\u00e7\u0131s\u0131ndan da \u00f6yle. Bug\u00fcn bu \u00e7al\u0131\u015fmalar\u0131n bir b\u00f6l\u00fcm\u00fcn\u00fc g\u00f6rd\u00fcn\u00fcz. Arkada\u015flar\u0131m\u0131z b\u00fcy\u00fck bir \u00f6zveri ve incelikle \u00e7al\u0131\u015f\u0131yorlar. Hedefimiz \u015fu: Birbirini oldu\u011fu gibi kabul eden, inanc\u0131ndan, k\u00f6keninden, t\u00fcketim al\u0131\u015fkanl\u0131klar\u0131ndan, k\u0131yafetinden ve kimli\u011finden dolay\u0131 birbirini ayr\u0131\u015ft\u0131rmayan, birbirinden korkmayan ve birbirinden g\u00fc\u00e7 alan bir Esenyurt olu\u015fturmaya \u00e7al\u0131\u015f\u0131yoruz\u201d \u015feklinde konu\u015ftu.<\/span><br \/>\n<span style=\"font-family: arial, helvetica, sans-serif; font-size: 14px;\">\u00d6n\u00fcm\u00fczdeki d\u00f6nemde k\u00fclt\u00fcr ve sanat alan\u0131nda \u00f6nemli \u00e7al\u0131\u015fmalar\u0131n yap\u0131laca\u011f\u0131n\u0131 belirten Ba\u015fkan Bozkurt, \u201cBu y\u0131l biraz daha farkl\u0131 bir y\u0131l olacak. \u00d6zellikle K\u00fclt\u00fcr ve Sanat alan\u0131nda \u00e7ok g\u00fczel \u00e7al\u0131\u015fmalar olacak. Esenyurtlular bu y\u0131l sanata doyacak. Bir\u00e7ok il\u00e7enin \u00f6rnek ald\u0131\u011f\u0131 projeler var. Bu projeleri sizlerle payla\u015faca\u011f\u0131z. Hayat\u0131n b\u00fct\u00fcn zorluklar\u0131na ra\u011fmen, b\u00fct\u00fcn engellerine ra\u011fmen Esenyurt\u2019u birlikte g\u00fczelle\u015ftirece\u011fiz. Birbirimizden destek alaca\u011f\u0131z, birbirimizin zor g\u00fcn\u00fcnde yan\u0131nda olaca\u011f\u0131z, birbirimizin h\u00fczn\u00fc ile h\u00fcz\u00fcnlenip ne\u015fesi ile ne\u015felenece\u011fiz ve hayat\u0131n tad\u0131na varaca\u011f\u0131z. Kat\u0131ld\u0131\u011f\u0131n\u0131z i\u00e7in hepinize te\u015fekk\u00fcr ediyorum. Ayr\u0131ca kursiyerlerimize ve \u00f6\u011fretmenlerimize de te\u015fekk\u00fcrlerimi sunuyorum\u201d ifadelerini kulland\u0131.<\/span><\/p>\n","protected":false},"excerpt":{"rendered":"<p>Esenyurt Belediyesi&#8217;nin k\u00fclt\u00fcr sanat at\u00f6lyelerinde e\u011fitim alan kursiyerler i\u00e7in \u201cY\u0131l Sonu Kapan\u0131\u015f\u201d etkinli\u011fi d\u00fczenlendi. Etkinlikte sahne alan ve yeteneklerini sergileyen<\/p>\n","protected":false},"author":3,"featured_media":10227,"comment_status":"open","ping_status":"open","sticky":false,"template":"","format":"standard","meta":{"colormag_page_container_layout":"default_layout","colormag_page_sidebar_layout":"default_layout","footnotes":""},"categories":[1,5,6,8],"tags":[],"class_list":["post-10217","post","type-post","status-publish","format-standard","has-post-thumbnail","hentry","category-genel","category-gundem","category-kultur-sanat","category-siyaset"],"_links":{"self":[{"href":"https:\/\/marmarayerelhizmet.com\/index.php\/wp-json\/wp\/v2\/posts\/10217","targetHints":{"allow":["GET"]}}],"collection":[{"href":"https:\/\/marmarayerelhizmet.com\/index.php\/wp-json\/wp\/v2\/posts"}],"about":[{"href":"https:\/\/marmarayerelhizmet.com\/index.php\/wp-json\/wp\/v2\/types\/post"}],"author":[{"embeddable":true,"href":"https:\/\/marmarayerelhizmet.com\/index.php\/wp-json\/wp\/v2\/users\/3"}],"replies":[{"embeddable":true,"href":"https:\/\/marmarayerelhizmet.com\/index.php\/wp-json\/wp\/v2\/comments?post=10217"}],"version-history":[{"count":0,"href":"https:\/\/marmarayerelhizmet.com\/index.php\/wp-json\/wp\/v2\/posts\/10217\/revisions"}],"wp:featuredmedia":[{"embeddable":true,"href":"https:\/\/marmarayerelhizmet.com\/index.php\/wp-json\/wp\/v2\/media\/10227"}],"wp:attachment":[{"href":"https:\/\/marmarayerelhizmet.com\/index.php\/wp-json\/wp\/v2\/media?parent=10217"}],"wp:term":[{"taxonomy":"category","embeddable":true,"href":"https:\/\/marmarayerelhizmet.com\/index.php\/wp-json\/wp\/v2\/categories?post=10217"},{"taxonomy":"post_tag","embeddable":true,"href":"https:\/\/marmarayerelhizmet.com\/index.php\/wp-json\/wp\/v2\/tags?post=10217"}],"curies":[{"name":"wp","href":"https:\/\/api.w.org\/{rel}","templated":true}]}}