{"id":10216,"date":"2023-06-16T20:02:46","date_gmt":"2023-06-16T17:02:46","guid":{"rendered":"https:\/\/marmarayerelhizmet.com\/?p=10216"},"modified":"2023-06-16T22:07:48","modified_gmt":"2023-06-16T19:07:48","slug":"fotograf-meraklilari-solugu-dogada-aldi","status":"publish","type":"post","link":"https:\/\/marmarayerelhizmet.com\/index.php\/2023\/06\/16\/fotograf-meraklilari-solugu-dogada-aldi\/","title":{"rendered":"Foto\u011fraf Merakl\u0131lar\u0131 Solu\u011fu Do\u011fada Ald\u0131"},"content":{"rendered":"<p><span style=\"font-size: 14px;\"><strong><span style=\"font-family: arial, helvetica, sans-serif;\">Esenler Belediyesi, 15 Haziran Do\u011fa Foto\u011fraf\u00e7\u0131l\u0131\u011f\u0131 G\u00fcn\u00fc\u2019nde keyifli bir etkinli\u011fe ev sahipli\u011fi yapt\u0131. \u201cKadraj\u0131mda Do\u011fa Var\u201d program\u0131na kat\u0131lan ESEV foto\u011fraf\u00e7\u0131l\u0131k \u00f6\u011frencileri ve \u00e7ok say\u0131da Esenlerli, hem do\u011fal g\u00fczellikleri foto\u011fraflad\u0131 hem tarihi ke\u015ffetme f\u0131rsat\u0131 yakalad\u0131.<br \/>\n<\/span><\/strong><\/span><br \/>\n<span style=\"font-family: arial, helvetica, sans-serif; font-size: 14px;\">Esenler Belediyesi, 15 Haziran Do\u011fa Foto\u011fraf\u00e7\u0131l\u0131\u011f\u0131 G\u00fcn\u00fc\u2019ne \u00f6zel anlaml\u0131 bir etkinlik d\u00fczenledi. Etkinlik \u00e7er\u00e7evesinde Esenler Belediyesi Sanat Evi (ESEV) \u00f6\u011frencileri ile \u00e7ok say\u0131da Esenlerli, solu\u011fu Bolu\u2019da ald\u0131. Bolu\u2019da bulunan do\u011fa harikas\u0131 G\u00f6lc\u00fck, G\u00f6yn\u00fck ve Mudurnu\u2019nun muhte\u015fem manzaras\u0131n\u0131 foto\u011fraflayan kat\u0131l\u0131mc\u0131lar ESEV Foto\u011fraf\u00e7\u0131l\u0131k E\u011fitmeni Serdar Ergin ve uzman rehber e\u015fli\u011finde hem e\u011flendi hem de \u00f6\u011frendi. Programa kat\u0131lan Mudurnu Belediye Ba\u015fkan\u0131 Necdet T\u00fcrker ise pandemi ve depremlerden sonra il\u00e7eye olan ilginin bir hayli artt\u0131\u011f\u0131n\u0131 kaydetti.<\/span><\/p>\n<p><strong><span style=\"font-family: arial, helvetica, sans-serif; font-size: 14px;\">\u015eirin bir Osmanl\u0131 kasabas\u0131<\/span><\/strong><br \/>\n<span style=\"font-family: arial, helvetica, sans-serif; font-size: 14px;\">Mudurnu Belediye Ba\u015fkan\u0131 Necdet T\u00fcrker,\u201cMudurnu \u015firin, k\u00fc\u00e7\u00fck bir Osmanl\u0131 kasabas\u0131. Mudurnu, G\u00f6yn\u00fck, Tarakl\u0131 ve Geyve tam bir tarih koridoru. Bir \u0130pek Yolu g\u00fczerg\u00e2h\u0131. Bu nedenle buraya geldi\u011finizde tarihi ya\u015fam\u0131\u015f olursunuz. Mudurnu bu b\u00f6lgede de tarihi eserlerin en y\u00fcksek say\u0131da oldu\u011fu il\u00e7e. B\u00fcy\u00fck\u015fehirlerin g\u00fcr\u00fclt\u00fcs\u00fcnden, beton y\u0131\u011f\u0131nlar\u0131ndan kurtulmak isteyenler \u015firin il\u00e7emizi tercih etmeye ba\u015flad\u0131. \u00d6zellikle havalar\u0131n \u0131s\u0131nmas\u0131yla hafta sonlar\u0131 \u00e7ok say\u0131da tur gelmeye ba\u015flad\u0131. Herkes gelip misafirimiz olsun\u201d dedi.<\/span><\/p>\n<p><strong><span style=\"font-family: arial, helvetica, sans-serif; font-size: 14px;\">&#8220;Keyifli anlar ya\u015fand\u0131&#8221;<\/span><\/strong><br \/>\n<span style=\"font-family: arial, helvetica, sans-serif; font-size: 14px;\">Esenler Belediyesi Sanat Evi (ESEV) Foto\u011fraf\u00e7\u0131l\u0131k E\u011fitmeni Serdar Ergin, kat\u0131l\u0131mc\u0131lar\u0131n geziden \u00e7ok memnun kald\u0131klar\u0131n\u0131 dile getirerek \u201cHem dijital hem mobil foto\u011fraf\u00e7\u0131l\u0131k \u00fczerine e\u011fitimler veriyoruz. Bug\u00fcn de Esenler Belediyesi K\u00fclt\u00fcr \u0130\u015fleri M\u00fcd\u00fcrl\u00fc\u011f\u00fc\u2019n\u00fcn organize etti\u011fi bir gezide \u00f6\u011frencilerimizle ve Esenler halk\u0131yla birlikte Bolu\u2019ya geldik. Burada G\u00f6yn\u00fck, G\u00f6lc\u00fck ve Mudurnu gibi Bolu\u2019nun do\u011fa harikalar\u0131n\u0131 hem rehber e\u015fli\u011finde gezip tarihi dokuyu ve k\u00fclt\u00fcr\u00fc \u00f6\u011frendik, hem de foto\u011fraf \u00e7ekerek bu keyifli anlar\u0131 ya\u015fad\u0131k. Burada g\u00fczel bir g\u00fcn ge\u00e7irdik. Dolay\u0131s\u0131yla do\u011faseverler foto\u011frafseverler tek bir organizasyonda birle\u015fmi\u015f oldu\u201d ifadelerini kulland\u0131.<\/span><\/p>\n<p><strong><span style=\"font-family: arial, helvetica, sans-serif; font-size: 14px;\">Her karede kendimizi bulduk<\/span><\/strong><br \/>\n<span style=\"font-family: arial, helvetica, sans-serif; font-size: 14px;\">Etkinlikten olduk\u00e7a verim ald\u0131\u011f\u0131n\u0131 dile getiren Nermin As\u0131lsoy ise do\u011fayla b\u00fct\u00fcnle\u015ftiklerini kaydederek \u201cBug\u00fcn do\u011fan\u0131n g\u00fczelliklerini ya\u015farken tarihi t\u00fcrbeleri de ziyaret ettik. Her bir t\u00fcrbede ve do\u011fada maneviyat\u0131 derinden hissettik. Do\u011fan\u0131n ne kadar k\u0131ymetli ve de\u011ferli oldu\u011funu, ona ne kadar sahip \u00e7\u0131karsak bize d\u00f6n\u00fc\u015f\u00fcm\u00fcn\u00fcn daima g\u00fczellikleri sunaca\u011f\u0131n\u0131 biliyoruz. Bu \u015fuurla foto\u011fraflar \u00e7ektik. Her bir g\u00fczelli\u011fin karesinde kendimizden bir \u015feyler bulduk. Bug\u00fcn de hocam\u0131z g\u00fczel kareleri nas\u0131l yakalayabilece\u011fimizi teknik boyutlar\u0131yla bizlere anlatt\u0131\u201d dedi.<\/span><br \/>\n<span style=\"font-family: arial, helvetica, sans-serif; font-size: 14px;\">Foto\u011fraf\u00e7\u0131 Mehmet Kaygusuz da \u201cBen bir foto\u011fraf\u00e7\u0131y\u0131m. Foto\u011fraf\u00e7\u0131l\u0131\u011f\u0131n Esenler Belediyesi taraf\u0131ndan ciddiye al\u0131n\u0131p b\u00f6yle anlaml\u0131 bir program d\u00fczenlenmesi beni mutlu etti\u201d \u015feklinde konu\u015ftu.<\/span><\/p>\n","protected":false},"excerpt":{"rendered":"<p>Esenler Belediyesi, 15 Haziran Do\u011fa Foto\u011fraf\u00e7\u0131l\u0131\u011f\u0131 G\u00fcn\u00fc\u2019nde keyifli bir etkinli\u011fe ev sahipli\u011fi yapt\u0131. \u201cKadraj\u0131mda Do\u011fa Var\u201d program\u0131na kat\u0131lan ESEV foto\u011fraf\u00e7\u0131l\u0131k<\/p>\n","protected":false},"author":3,"featured_media":10226,"comment_status":"open","ping_status":"open","sticky":false,"template":"","format":"standard","meta":{"colormag_page_container_layout":"default_layout","colormag_page_sidebar_layout":"default_layout","footnotes":""},"categories":[1,5,6,8],"tags":[],"class_list":["post-10216","post","type-post","status-publish","format-standard","has-post-thumbnail","hentry","category-genel","category-gundem","category-kultur-sanat","category-siyaset"],"_links":{"self":[{"href":"https:\/\/marmarayerelhizmet.com\/index.php\/wp-json\/wp\/v2\/posts\/10216","targetHints":{"allow":["GET"]}}],"collection":[{"href":"https:\/\/marmarayerelhizmet.com\/index.php\/wp-json\/wp\/v2\/posts"}],"about":[{"href":"https:\/\/marmarayerelhizmet.com\/index.php\/wp-json\/wp\/v2\/types\/post"}],"author":[{"embeddable":true,"href":"https:\/\/marmarayerelhizmet.com\/index.php\/wp-json\/wp\/v2\/users\/3"}],"replies":[{"embeddable":true,"href":"https:\/\/marmarayerelhizmet.com\/index.php\/wp-json\/wp\/v2\/comments?post=10216"}],"version-history":[{"count":0,"href":"https:\/\/marmarayerelhizmet.com\/index.php\/wp-json\/wp\/v2\/posts\/10216\/revisions"}],"wp:featuredmedia":[{"embeddable":true,"href":"https:\/\/marmarayerelhizmet.com\/index.php\/wp-json\/wp\/v2\/media\/10226"}],"wp:attachment":[{"href":"https:\/\/marmarayerelhizmet.com\/index.php\/wp-json\/wp\/v2\/media?parent=10216"}],"wp:term":[{"taxonomy":"category","embeddable":true,"href":"https:\/\/marmarayerelhizmet.com\/index.php\/wp-json\/wp\/v2\/categories?post=10216"},{"taxonomy":"post_tag","embeddable":true,"href":"https:\/\/marmarayerelhizmet.com\/index.php\/wp-json\/wp\/v2\/tags?post=10216"}],"curies":[{"name":"wp","href":"https:\/\/api.w.org\/{rel}","templated":true}]}}