{"id":10210,"date":"2023-06-08T10:24:59","date_gmt":"2023-06-08T07:24:59","guid":{"rendered":"https:\/\/marmarayerelhizmet.com\/?p=10210"},"modified":"2023-06-16T10:29:24","modified_gmt":"2023-06-16T07:29:24","slug":"cekmekoylu-cocuklar-sergi-duzenledi","status":"publish","type":"post","link":"https:\/\/marmarayerelhizmet.com\/index.php\/2023\/06\/08\/cekmekoylu-cocuklar-sergi-duzenledi\/","title":{"rendered":"\u00c7ekmek\u00f6yl\u00fc \u00c7ocuklar Sergi D\u00fczenledi"},"content":{"rendered":"<p><strong><span style=\"font-family: arial, helvetica, sans-serif;\">\u00c7ekmek\u00f6yl\u00fc \u00e7ocuklar; \u00c7evre Haftas\u0131 dolay\u0131s\u0131yla d\u00fczenlenen etkinlikte \u00e7\u00f6p po\u015fetinden abiye, cips ambalaj\u0131ndan haval\u0131 yelekler, gazete ka\u011f\u0131tlar\u0131ndan ve plastik \u015fi\u015felerden etek yapt\u0131lar.<br \/>\n<\/span><\/strong><br \/>\n<span style=\"font-family: arial, helvetica, sans-serif;\">\u00c7ekmek\u00f6y Belediyesi\u2019nin ev sahipli\u011finde Ta\u015fdelen Cemal G\u00fcng\u00f6r Park\u0131 i\u00e7erisinde yer alan amfi tiyatro alan\u0131nda ger\u00e7ekle\u015ftirilen \u00c7evre Haftas\u0131 etkinliklerinde, y\u00fczlerce \u00e7ocuk \u00e7evre sorunlar\u0131na dikkat \u00e7ekmek ve geri d\u00f6n\u00fc\u015f\u00fcm \u00f6nemini anlatmak i\u00e7in \u00e7e\u015fitli etkinliklere imza att\u0131lar.<\/span><br \/>\n<span style=\"font-family: arial, helvetica, sans-serif;\">Geri d\u00f6n\u00fc\u015febilen at\u0131klardan yapt\u0131klar\u0131 s\u00fcs e\u015fyalar\u0131, oyuncaklar ve \u00e7e\u015fitli ara\u00e7 gere\u00e7leri sergileyen \u00e7ocuklar, geri d\u00f6n\u00fc\u015febilen at\u0131klardan \u00fcrettikleri k\u0131yafetlerle mini bir defile de yapt\u0131lar. \u00c7\u00f6p po\u015fetinden abiye, cips ambalaj\u0131ndan haval\u0131 yelekler, gazete ka\u011f\u0131tlar\u0131ndan ve plastik \u015fi\u015felerden etek ve astronot k\u0131yafetleriyle renkli g\u00f6r\u00fcnt\u00fclerin olu\u015ftu\u011fu programa; \u00c7ekmek\u00f6y Kaymakam\u0131 Resul \u00c7elik, \u00c7ekmek\u00f6y Belediye Ba\u015fkan\u0131 Ahmet Poyraz, \u0130l\u00e7e Milli E\u011fitim M\u00fcd\u00fcr\u00fc Burhan Bayrak, AK Parti \u0130l\u00e7e Ba\u015fkan\u0131 Resul \u00c7elik, MHP \u0130l\u00e7e Ba\u015fkan\u0131 Tahsin \u0130nce, BBP il\u00e7e Ba\u015fkan\u0131 Murat Aslan, \u00f6\u011fretmenler, \u00f6\u011frenciler ve aileleri kat\u0131ld\u0131.<\/span><\/p>\n<p><span style=\"font-family: arial, helvetica, sans-serif;\">Programda selamlama konu\u015fmas\u0131 yapan \u00c7ekmek\u00f6y Belediye Ba\u015fkan\u0131 Ahmet Poyraz; \u201c\u00c7ocuklar\u0131m\u0131z bu etkinli\u011fin bir sembol\u00fc ama burada daha \u00e7ok duyarl\u0131 olmas\u0131 gereken bizleriz, b\u00fcy\u00fckler. Anneler var, babalar var, siyasi partilerin temsilcileri var. Az evvel \u00e7ok de\u011ferli il\u00e7e ba\u015fkanlar\u0131m\u0131z da s\u00f6yledi, bu \u00e7evreye \u00e7ok duyarl\u0131 olmam\u0131z laz\u0131m, sahip \u00e7\u0131kmam\u0131z laz\u0131m. Birka\u00e7 y\u0131l evvel po\u015fetlerle ilgili bir uygulama ba\u015flad\u0131. \u00d6yle 25 kuru\u015flarla, binlerle, on binlerle, milyonlarla ifade edemeyecek kadar \u00e7evreye faydas\u0131 olan bir \u00e7al\u0131\u015fmayd\u0131. Ba\u015fta bu kanunu, bu uygulamay\u0131 yapan Cumhurba\u015fkan\u0131m\u0131z Recep Tayyip Erdo\u011fan\u2019dan, bakanlar\u0131m\u0131zdan Rabbim raz\u0131 olsun iyi ki b\u00f6yle bir \u00e7al\u0131\u015fmay\u0131 yapm\u0131\u015flar. Bu \u00e7ocuklar\u0131m\u0131za, evlatlar\u0131m\u0131za gelecekte bir miras b\u0131rakmak istiyorsak, \u00e7ok istiyoruz dimi \u00e7ocuklar\u0131m\u0131za ev b\u0131rakal\u0131m, ev b\u0131rakal\u0131m i\u015fte maddi imkanlar b\u0131rakal\u0131m, i\u015fte bunlar\u0131n hi\u00e7bir k\u0131ymeti yok siz \u00e7evreyi, do\u011fay\u0131 kirletmi\u015fseniz, sular\u0131 yok etmi\u015fseniz, ormanlar\u0131 yok etmi\u015fseniz bu dedi\u011finiz mal\u0131n hi\u00e7bir k\u0131ymeti kalm\u0131yor. \u00c7\u00fcnk\u00fc ya\u015fayacaklar\u0131 bir ortam, topluluk bulamayacaklar. Onun i\u00e7in sigaray\u0131 i\u00e7ip soka\u011fa atan anne babalara sesleniyorum. O sigara izmariti do\u011fa katliam\u0131d\u0131r. Bu parklarda yiyip i\u00e7ip at\u0131klar\u0131n\u0131 a\u011fa\u00e7 altlar\u0131na b\u0131rakan anneler babalar yeti\u015fkinlere sesleniyorum yaz\u0131k ediyorsunuz bu do\u011faya bu \u00e7evreye. As\u0131l duyarl\u0131l\u0131\u011f\u0131 bizler ba\u015flataca\u011f\u0131z bu \u00e7ocuklar da bizden \u00f6rnek alacak\u201c dedi.<\/span><br \/>\n<span style=\"font-family: arial, helvetica, sans-serif;\">Bubble ve ill\u00fczyon show, Ben \u00c7\u00f6p De\u011filim tiyatro g\u00f6sterisinin yap\u0131ld\u0131\u011f\u0131 programda; \u00c7ekmek\u00f6y \u00c7o\u00e7uk Dergisi\u2019nin sevilen karakterleri Bilge ile Ka\u011fan maskotlar\u0131 da \u00e7ocuklar\u0131n heyecan\u0131na ortak oldu.<\/span><br \/>\n<span style=\"font-family: arial, helvetica, sans-serif;\">Program \u00f6ncesinde \u00e7ocuklara ti\u015f\u00f6rt ve \u015fapka hediye edildi.<\/span><\/p>\n","protected":false},"excerpt":{"rendered":"<p>\u00c7ekmek\u00f6yl\u00fc \u00e7ocuklar; \u00c7evre Haftas\u0131 dolay\u0131s\u0131yla d\u00fczenlenen etkinlikte \u00e7\u00f6p po\u015fetinden abiye, cips ambalaj\u0131ndan haval\u0131 yelekler, gazete ka\u011f\u0131tlar\u0131ndan ve plastik \u015fi\u015felerden etek<\/p>\n","protected":false},"author":3,"featured_media":10213,"comment_status":"open","ping_status":"open","sticky":false,"template":"","format":"standard","meta":{"colormag_page_container_layout":"default_layout","colormag_page_sidebar_layout":"default_layout","footnotes":""},"categories":[1,5,6,8],"tags":[],"class_list":["post-10210","post","type-post","status-publish","format-standard","has-post-thumbnail","hentry","category-genel","category-gundem","category-kultur-sanat","category-siyaset"],"_links":{"self":[{"href":"https:\/\/marmarayerelhizmet.com\/index.php\/wp-json\/wp\/v2\/posts\/10210","targetHints":{"allow":["GET"]}}],"collection":[{"href":"https:\/\/marmarayerelhizmet.com\/index.php\/wp-json\/wp\/v2\/posts"}],"about":[{"href":"https:\/\/marmarayerelhizmet.com\/index.php\/wp-json\/wp\/v2\/types\/post"}],"author":[{"embeddable":true,"href":"https:\/\/marmarayerelhizmet.com\/index.php\/wp-json\/wp\/v2\/users\/3"}],"replies":[{"embeddable":true,"href":"https:\/\/marmarayerelhizmet.com\/index.php\/wp-json\/wp\/v2\/comments?post=10210"}],"version-history":[{"count":0,"href":"https:\/\/marmarayerelhizmet.com\/index.php\/wp-json\/wp\/v2\/posts\/10210\/revisions"}],"wp:featuredmedia":[{"embeddable":true,"href":"https:\/\/marmarayerelhizmet.com\/index.php\/wp-json\/wp\/v2\/media\/10213"}],"wp:attachment":[{"href":"https:\/\/marmarayerelhizmet.com\/index.php\/wp-json\/wp\/v2\/media?parent=10210"}],"wp:term":[{"taxonomy":"category","embeddable":true,"href":"https:\/\/marmarayerelhizmet.com\/index.php\/wp-json\/wp\/v2\/categories?post=10210"},{"taxonomy":"post_tag","embeddable":true,"href":"https:\/\/marmarayerelhizmet.com\/index.php\/wp-json\/wp\/v2\/tags?post=10210"}],"curies":[{"name":"wp","href":"https:\/\/api.w.org\/{rel}","templated":true}]}}