{"id":10192,"date":"2023-06-16T10:17:21","date_gmt":"2023-06-16T07:17:21","guid":{"rendered":"https:\/\/marmarayerelhizmet.com\/?p=10192"},"modified":"2023-06-16T10:17:21","modified_gmt":"2023-06-16T07:17:21","slug":"balikesirde-yaz-senligi","status":"publish","type":"post","link":"https:\/\/marmarayerelhizmet.com\/index.php\/2023\/06\/16\/balikesirde-yaz-senligi\/","title":{"rendered":"Bal\u0131kesir&#8217;de Yaz \u015eenli\u011fi"},"content":{"rendered":"<p><strong><span style=\"font-family: arial, helvetica, sans-serif; font-size: 14px;\">Vali Hasan \u015e\u0131ldak\u2019\u0131n \u00f6nc\u00fcl\u00fc\u011f\u00fcnde y\u00fcr\u00fct\u00fclen projeler aras\u0131nda toplumun incinebilir kesimlerini sosyal devlet \u015femsiyesi alt\u0131nda toplayan Sosyal ve K\u00fclt\u00fcrel B\u00fct\u00fcnle\u015fme Projesi kapsam\u0131nda d\u00fczenlenen Yaz \u015eenli\u011fi\u2019nin 2\u2019ncisi ger\u00e7ekle\u015ftirildi. Toplumsal ve insan\u00ee de\u011ferlerin g\u00fc\u00e7lenmesine katk\u0131 sunan, birlik ve beraberlik duygular\u0131n\u0131 g\u00fc\u00e7lendiren proje, kucaklad\u0131\u011f\u0131 kesimi co\u015fku dolu \u015fenlikte bir araya getirdi.<\/span><\/strong><\/p>\n<p><span style=\"font-family: arial, helvetica, sans-serif; font-size: 14px;\">Proje hedef kitlesi olan engelli bireyler ve aileleri, \u015fehit yak\u0131nlar\u0131 ve gazileri, tecr\u00fcbeleri ile yol g\u00f6steren b\u00fcy\u00fckleri, sosyal ve ekonomik deste\u011fe ihtiyac\u0131 olan aileleri, koruma alt\u0131ndaki \u00e7ocuklar\u0131, evde ve hastanede \u00f6zel e\u011fitim hizmeti alan \u00f6\u011frencileri, roman vatanda\u015flar\u0131 ve depremzede misafirleri sosyal, duygusal ve ekonomik yap\u0131lar\u0131n\u0131 korumak, iyile\u015ftirmek anlay\u0131\u015f\u0131yla onlar\u0131 kucaklamaya devam ediyor.<\/span><\/p>\n<p><strong><span style=\"font-family: arial, helvetica, sans-serif; font-size: 14px;\">\u00c7ocuklar Doyas\u0131ya E\u011flendi<\/span><\/strong><\/p>\n<p><span style=\"font-family: arial, helvetica, sans-serif; font-size: 14px;\">Vali Hasan \u015e\u0131ldak, E\u015fi Fatma Nur \u015e\u0131ldak ile birlikte Sosyal ve K\u00fclt\u00fcrel B\u00fct\u00fcnle\u015fme Projesinin hedef kitlesinin yan\u0131 s\u0131ra Bal\u0131kesirli vatanda\u015flar\u0131 da Atat\u00fcrk Park\u0131nda bulu\u015fturan; B\u00fcy\u00fck\u015fehir Belediyesi, Alt\u0131eyl\u00fcl Belediyesi ve Karesi Belediyesi&#8217;nin de d\u00fczenlenmesinde katk\u0131 sa\u011flad\u0131\u011f\u0131 \u2018Yaz \u015eenli\u011fi\u2019nde herkesle yak\u0131ndan ilgilendi.<\/span><\/p>\n<p><span style=\"font-family: arial, helvetica, sans-serif; font-size: 14px;\">G\u00fcn boyu s\u00fcrecek etkinliklerle devam eden \u015fenli\u011fin a\u00e7\u0131l\u0131\u015f\u0131nda konu\u015fan Vali \u015e\u0131ldak, \u201cBurada bulunan toplumumuzun her kesiminden insan\u0131m\u0131z; gen\u00e7-ya\u015fl\u0131, \u00e7oluk-\u00e7ocuk, 7\u2019den 77\u2019ye b\u00fct\u00fcn Bal\u0131kesir&#8217;i temsil ediyor. Yaz \u015eenli\u011fi ismini verdi\u011fimiz bu etkinlik bir bulu\u015fma ve birlikteli\u011fin en canl\u0131 g\u00f6stergesi, Bal\u0131kesir&#8217;in birli\u011finin, b\u00fct\u00fcnl\u00fc\u011f\u00fcn\u00fcn sembol\u00fcd\u00fcr. Sosyal ve K\u00fclt\u00fcrel B\u00fct\u00fcnle\u015fme Projesi ad\u0131 verdi\u011fimiz \u00e7al\u0131\u015fma; Bal\u0131kesir&#8217;de kamu, sivil toplum, meslek odalar\u0131, yerel y\u00f6netimler ve siyaset kurumu olarak hep bir arada oldu\u011fumuzu ifade ediyor. Ayr\u0131ca devletimizin; milletimizin b\u00fct\u00fcn katmanlar\u0131yla, toplumumuzdaki her bir insan\u0131m\u0131z\u0131, her bir ferdimizle de b\u00fct\u00fcnle\u015fti\u011fi projemiz ile vatanda\u015flar\u0131m\u0131z\u0131n tamam\u0131n\u0131 kucakl\u0131yoruz. Devlet olarak b\u00fct\u00fcnl\u00fc\u011f\u00fcm\u00fcz\u00fc, birli\u011fimizi ve g\u00fcc\u00fcm\u00fcz\u00fc halk\u0131m\u0131zdan, aziz milletimizden al\u0131yoruz.\u201d \u015feklinde konu\u015ftu.<\/span><\/p>\n<p><strong><span style=\"font-family: arial, helvetica, sans-serif; font-size: 14px;\">\u015e\u0131ldak, \u201cB\u00fcy\u00fcks\u00fcn Bal\u0131kesir\u201d<\/span><\/strong><\/p>\n<p><span style=\"font-family: arial, helvetica, sans-serif; font-size: 14px;\">\u015eenli\u011fe deprem b\u00f6lgesinden \u0130limize gelen misafirlerin de kat\u0131ld\u0131\u011f\u0131n\u0131 s\u00f6zlerine ekleyen \u015e\u0131ldak, \u201cAtat\u00fcrk Park\u0131&#8217;nda c\u0131v\u0131l c\u0131v\u0131l bu ortam\u0131 sa\u011flayarak insanlar\u0131m\u0131z\u0131n bu g\u00fczel bulu\u015fmas\u0131na ev sahipli\u011fi yapmas\u0131na haz\u0131r hale getirilmesi i\u00e7in \u00e7aba sarf eden t\u00fcm personelimize, \u00e7al\u0131\u015fanlar\u0131m\u0131za ve katk\u0131 sa\u011flayan b\u00fct\u00fcn kurumlar\u0131m\u0131za g\u00f6n\u00fclden \u015f\u00fckranlar\u0131m\u0131 sunuyorum. Bu y\u0131l asl\u0131nda bir felaket y\u0131l\u0131yd\u0131. Y\u00fczy\u0131l\u0131n felaketini ya\u015fad\u0131k. Ama T\u00fcrkiye Cumhuriyeti \u00fczerinde ya\u015fayan vatanda\u015flar\u0131m\u0131z devletimizin, Say\u0131n Cumhurba\u015fkan\u0131m\u0131z\u0131n \u00f6nc\u00fcl\u00fc\u011f\u00fcnde o yaralar\u0131 o kadar g\u00fczel sard\u0131 ki bununla gurur duymamak, bununla iftihar etmemek m\u00fcmk\u00fcn de\u011fil. Bu \u015fu anda park\u0131m\u0131zda 300\u2019\u00fcn \u00fczerinde deprem b\u00f6lgesinden gelen vatanda\u015f\u0131m\u0131z\u0131 da misafir ediyoruz. Evet depremi ya\u015fad\u0131k, ac\u0131lara bo\u011fulduk ama o ac\u0131larla ba\u015f etmeyi, onlara dokunabilmeyi, o ac\u0131lar\u0131n yaralar\u0131n\u0131 sarabilmeyi millet olarak ba\u015fard\u0131k. Bal\u0131kesir&#8217;e bu anlamda tekrar te\u015fekk\u00fcr ediyoruz. Bal\u0131kesir halk\u0131 da en \u00e7ok ko\u015fan, yaralara merhem olan, o yang\u0131na su ta\u015f\u0131yan insanlarla doldu ta\u015ft\u0131. Aram\u0131zda \u015fehit ailelerimiz, gazilerimiz, \u00e7ocuklar\u0131m\u0131z, \u00f6zel insanlar\u0131m\u0131z, \u00f6zel e\u011fitim okulunda e\u011fitim g\u00f6ren \u00e7ocuklar\u0131m\u0131z ve onlar\u0131n de\u011ferli velileri var. Asl\u0131nda bu klasik anlamda bir \u015fenlik de\u011fil, \u00f6zel insanlar\u0131m\u0131zla b\u00fct\u00fcnle\u015fme, toplumumuzun incinebilir kesimlerini ku\u015fatma, kucaklama \u015fenli\u011fidir. Bu \u015fenlik b\u00fcy\u00fck bir bayram ve Bal\u0131kesir bunu kendi birli\u011fiyle, b\u00fct\u00fcnl\u00fc\u011f\u00fcyle, kendine \u00f6zg\u00fcn yap\u0131s\u0131yla ba\u015far\u0131yor. B\u00fcy\u00fcks\u00fcn Bal\u0131kesir diyorum.\u201d \u015feklinde konu\u015ftu.<\/span><\/p>\n<p><span style=\"font-family: arial, helvetica, sans-serif; font-size: 14px;\">Vali \u015e\u0131ldak a\u00e7\u0131l\u0131\u015f\u0131n ard\u0131ndan Atat\u00fcrk Park\u0131n\u0131n d\u00f6rt bir yan\u0131nda haz\u0131rlanan stantlar\u0131 ziyaret etti. Survivor parkurdan akrobasi \u015fovlara, geleneksel okul oyunlar\u0131ndan ill\u00fczyon g\u00f6sterilerine bir \u00e7ok e\u011flencenin bir arada oldu\u011fu \u015fenlikte; el-y\u00fcz boyama, kutu oyunlar\u0131, robotik kodlama, resim yapma gibi bir \u00e7ok aktivitenin yan\u0131 s\u0131ra Bal\u0131kesir\u2019in simgesi olan T\u00fcl\u00fctabaklar yo\u011fun ilgi g\u00f6rd\u00fc. \u00c7ocuklar kendileriyle birlikte resim yapan, oyunlar oynayan Vali amcalar\u0131yla hat\u0131ra foto\u011fraf\u0131 \u00e7ektirdiler.<\/span><\/p>\n<p><span style=\"font-family: arial, helvetica, sans-serif; font-size: 14px;\">Proje ile sosyal devlet anlay\u0131\u015f\u0131n\u0131 hisseden hedef kitle ve vatanda\u015flar y\u00fczlerin g\u00fcld\u00fc\u011f\u00fc, ac\u0131lar\u0131n biraz olsun unutuldu\u011fu \u015fenlik dolas\u0131yla Vali \u015e\u0131ldak\u2019a te\u015fekk\u00fcr ettiler.<\/span><\/p>\n<p><span style=\"font-family: arial, helvetica, sans-serif; font-size: 14px;\">\u015eenli\u011fe Vali Hasan \u015e\u0131ldak ve E\u015fi Fatma Nur \u015e\u0131ldak&#8217;\u0131n yan\u0131 s\u0131ra Garnizon Komutan Vekili Tu\u011fg. Mahmut B\u00fcy\u00fckcingi, B\u00fcy\u00fck\u015fehir Belediye Ba\u015fkan Vekili Mehmet Birol \u015eahin, Cumhuriyet Ba\u015fsavc\u0131s\u0131 Abdulkadir Ak\u0131n, Alt\u0131eyl\u00fcl Kaymakam\u0131 Turgay Hakan Bilgin, Karesi Kaymakam\u0131 Metin Arslanba\u015f, \u0130l Emniyet M\u00fcd\u00fcr\u00fc Hasan Onar, \u0130l Jandarma Komutan\u0131 J.Kd.Alb.Ali Y\u0131ld\u0131z, Alt\u0131eyl\u00fcl Belediye Ba\u015fkan\u0131 Hasan Avc\u0131, Karesi Belediye Ba\u015fkan\u0131 Din\u00e7er, kamu kurum ve kurulu\u015flar\u0131 ile sivil toplum kurulu\u015flar\u0131n\u0131n temsilcileri, proje bile\u015fenleri ve aileleri ile \u00e7ok say\u0131da vatanda\u015f kat\u0131ld\u0131.<\/span><\/p>\n","protected":false},"excerpt":{"rendered":"<p>Vali Hasan \u015e\u0131ldak\u2019\u0131n \u00f6nc\u00fcl\u00fc\u011f\u00fcnde y\u00fcr\u00fct\u00fclen projeler aras\u0131nda toplumun incinebilir kesimlerini sosyal devlet \u015femsiyesi alt\u0131nda toplayan Sosyal ve K\u00fclt\u00fcrel B\u00fct\u00fcnle\u015fme Projesi<\/p>\n","protected":false},"author":3,"featured_media":10195,"comment_status":"open","ping_status":"open","sticky":false,"template":"","format":"standard","meta":{"colormag_page_container_layout":"default_layout","colormag_page_sidebar_layout":"default_layout","footnotes":""},"categories":[1,5],"tags":[],"class_list":["post-10192","post","type-post","status-publish","format-standard","has-post-thumbnail","hentry","category-genel","category-gundem"],"_links":{"self":[{"href":"https:\/\/marmarayerelhizmet.com\/index.php\/wp-json\/wp\/v2\/posts\/10192","targetHints":{"allow":["GET"]}}],"collection":[{"href":"https:\/\/marmarayerelhizmet.com\/index.php\/wp-json\/wp\/v2\/posts"}],"about":[{"href":"https:\/\/marmarayerelhizmet.com\/index.php\/wp-json\/wp\/v2\/types\/post"}],"author":[{"embeddable":true,"href":"https:\/\/marmarayerelhizmet.com\/index.php\/wp-json\/wp\/v2\/users\/3"}],"replies":[{"embeddable":true,"href":"https:\/\/marmarayerelhizmet.com\/index.php\/wp-json\/wp\/v2\/comments?post=10192"}],"version-history":[{"count":0,"href":"https:\/\/marmarayerelhizmet.com\/index.php\/wp-json\/wp\/v2\/posts\/10192\/revisions"}],"wp:featuredmedia":[{"embeddable":true,"href":"https:\/\/marmarayerelhizmet.com\/index.php\/wp-json\/wp\/v2\/media\/10195"}],"wp:attachment":[{"href":"https:\/\/marmarayerelhizmet.com\/index.php\/wp-json\/wp\/v2\/media?parent=10192"}],"wp:term":[{"taxonomy":"category","embeddable":true,"href":"https:\/\/marmarayerelhizmet.com\/index.php\/wp-json\/wp\/v2\/categories?post=10192"},{"taxonomy":"post_tag","embeddable":true,"href":"https:\/\/marmarayerelhizmet.com\/index.php\/wp-json\/wp\/v2\/tags?post=10192"}],"curies":[{"name":"wp","href":"https:\/\/api.w.org\/{rel}","templated":true}]}}