{"id":10167,"date":"2023-06-15T23:32:47","date_gmt":"2023-06-15T20:32:47","guid":{"rendered":"https:\/\/marmarayerelhizmet.com\/?p=10167"},"modified":"2023-06-16T00:41:35","modified_gmt":"2023-06-15T21:41:35","slug":"ilk-durusma-goruldu","status":"publish","type":"post","link":"https:\/\/marmarayerelhizmet.com\/index.php\/2023\/06\/15\/ilk-durusma-goruldu\/","title":{"rendered":"\u0130lk Duru\u015fma G\u00f6r\u00fcld\u00fc"},"content":{"rendered":"<p><strong><span style=\"font-family: arial, helvetica, sans-serif;\">\u0130stanbul B\u00fcy\u00fck\u015fehir Belediye Ba\u015fkan\u0131 Ekrem \u0130mamo\u011flu hakk\u0131nda Beylikd\u00fcz\u00fc Belediye Ba\u015fkan\u0131 oldu\u011fu d\u00f6nemde ihaleye fesat kar\u0131\u015ft\u0131rd\u0131\u011f\u0131 iddias\u0131yla iddianame d\u00fczenlenmi\u015fti. \u0130mamo\u011flu ve 6 belediye \u00e7al\u0131\u015fan\u0131n\u0131n yarg\u0131land\u0131\u011f\u0131 davan\u0131n ilk duru\u015fmas\u0131 g\u00f6r\u00fcld\u00fc. Ekrem \u0130mamo\u011flu\u2019nun kat\u0131lmad\u0131\u011f\u0131 duru\u015fmada savunma yapan san\u0131klar su\u00e7lamalar\u0131 kabul etmedi.<br \/>\n<\/span><\/strong><br \/>\n<span style=\"font-family: arial, helvetica, sans-serif;\">\u0130stanbul B\u00fcy\u00fck\u015fehir Belediye Ba\u015fkan\u0131 Ekrem \u0130mamo\u011flu hakk\u0131nda Beylikd\u00fcz\u00fc Belediye Ba\u015fkan\u0131 oldu\u011fu d\u00f6nemde ihaleye fesat kar\u0131\u015ft\u0131rd\u0131\u011f\u0131 iddias\u0131yla iddianame d\u00fczenlenmi\u015fti. \u0130mamo\u011flu ve 6 belediye \u00e7al\u0131\u015fan\u0131n\u0131n yarg\u0131land\u0131\u011f\u0131 davan\u0131n ilk duru\u015fmas\u0131 g\u00f6r\u00fcld\u00fc. B\u00fcy\u00fck\u00e7ekmece 10. Asliye Ceza Mahkemesi\u2019nde g\u00f6r\u00fclen duru\u015fmaya Ekrem \u0130mamo\u011flu kat\u0131lmazken, di\u011fer san\u0131klar Cem \u00dclken, Fidan G\u00fcl, Hasan \u00c7etin, Hilal \u00c7uhadar, Mehmet Hepg\u00fcl ve T\u00fcrkan Demirel Di\u015fisa\u011flam haz\u0131r bulundu.<\/span><br \/>\n<span style=\"font-family: arial, helvetica, sans-serif;\">Duru\u015fmada savunmas\u0131 sorulan san\u0131k Hilal \u00c7uhadar \u201c30 y\u0131ll\u0131k memur hayat\u0131m\u0131n son 10 y\u0131l\u0131n\u0131 Beylikd\u00fcz\u00fc Belediyesi\u2019nde ge\u00e7irdim. G\u00f6revimi her zaman lay\u0131k\u0131yla yapmaya \u00e7al\u0131\u015fan bir memur olmu\u015fumdur. Kanuna ayk\u0131r\u0131 hi\u00e7bir i\u015flemde bulunmad\u0131m vicdanen rahat\u0131m. Beraatimi talep ediyorum. \u0130hale karar\u0131ndaki imza bana aittir. Aleyhime olan su\u00e7lamalar\u0131 kabul etmiyorum\u201d dedi.<\/span><br \/>\n<span style=\"font-family: arial, helvetica, sans-serif;\">San\u0131k T\u00fcrkan Demirel Di\u015fisa\u011flam ise, \u201c\u0130\u015flemedi\u011fin bir su\u00e7tan kar\u015f\u0131n\u0131zday\u0131m. \u0130hale al\u0131c\u0131s\u0131n\u0131n ihaleye kat\u0131lma ve alma yeterlili\u011fi vard\u0131r. \u00dczerime at\u0131l\u0131 su\u00e7lamay\u0131 kabul etmiyorum beraatimi istiyorum\u201d dedi. San\u0131k ayr\u0131ca ihale evrak\u0131ndaki imzan\u0131n kendisine ait oldu\u011funu da savunmas\u0131na ekledi.<\/span><br \/>\n<span style=\"font-family: arial, helvetica, sans-serif;\">\u0130hale yetkilisi san\u0131k Fidan G\u00fcl ise, ihalenin usul\u00fcne uygun \u015fekilde ger\u00e7ekle\u015fti\u011fini s\u00f6yleyerek \u201cT\u00dcRSAB A belgesi yeterlilik kriteri olarak istenen belge de\u011fildir. Zaten yeterlilik belgesi kriteri olarak bu kriteri koydu\u011funuz takdirde a\u00e7\u0131k ihalelere kat\u0131lacak firmalar\u0131 k\u0131s\u0131tlayaca\u011f\u0131 i\u00e7in yani rekabeti engelleyece\u011finden istenmesi do\u011fru de\u011fildir biz de istemedik zaten\u201d dedi.<\/span><br \/>\n<span style=\"font-family: arial, helvetica, sans-serif;\">Hakimin \u201c\u0130hale yetkilisisiniz, Ekrem Bey\u2019in bu ihaleye ili\u015fkin herhangi bir talimat\u0131 katk\u0131s\u0131 oldu mu?\u201d sorusu \u00fczerine ise san\u0131k \u201cKesinlikle yoktur. Ekrem Ba\u015fkan ne bana ne ba\u015fkas\u0131na talimat vermemi\u015ftir. Bende harcama yetkilisi olarak talimat vermedim. \u0130ddianamedeki 250 bin TL kamu zarar\u0131na ili\u015fkin, asgari \u00fccrette beklenmedik art\u0131\u015f s\u00f6z konusuydu. Bu nedenle ek s\u00f6zle\u015fme tanzim ettik su\u00e7lamay\u0131 kabul etmiyoruz. \u0130haledeki imza bana aittir\u201d dedi.<\/span><br \/>\n<span style=\"font-family: arial, helvetica, sans-serif;\">Komisyon \u00fcyesi spor ve b\u00fcro sorumlusu Cem \u00dclken de \u201c19 y\u0131ld\u0131r Beylikd\u00fcz\u00fc Belediyesi\u2019nde \u00e7al\u0131\u015f\u0131yorum. Bu zamana kadar g\u00f6revimi lay\u0131k\u0131yla yapt\u0131\u011f\u0131ma inan\u0131yorum. \u00dczerime at\u0131l\u0131 su\u00e7lamay\u0131 kabul etmiyorum\u201d \u015feklinde konu\u015ftu.<\/span><br \/>\n<span style=\"font-family: arial, helvetica, sans-serif;\">Ekrem \u0130mamo\u011flu\u2019nun avukat\u0131, \u201cM\u00fcvekkilim ani program de\u011fi\u015fikli\u011fi nedeniyle haz\u0131r edemedik ba\u015fka bir diyece\u011fim yoktur\u201d dedi.<\/span><br \/>\n<span style=\"font-family: arial, helvetica, sans-serif;\">Ara karar\u0131n\u0131 a\u00e7\u0131klayan mahkeme Ekrem \u0130mamo\u011flu\u2019nun gelecek celse haz\u0131r edilmesine karar verdi.<\/span><br \/>\n<span style=\"font-family: arial, helvetica, sans-serif;\">Mahkeme ihale nedeniyle kamu zarar\u0131 olup olmad\u0131\u011f\u0131na y\u00f6nelik Beylikd\u00fcz\u00fc Belediye Ba\u015fkanl\u0131\u011f\u0131na m\u00fczekkere yaz\u0131lmas\u0131na karar vererek duru\u015fmay\u0131 erteledi.<\/span><br \/>\n<span style=\"font-family: arial, helvetica, sans-serif;\">\u0130ddianameden<\/span><br \/>\n<span style=\"font-family: arial, helvetica, sans-serif;\">\u0130stanbul B\u00fcy\u00fck\u015fehir Belediyesi (\u0130BB) Ba\u015fkan\u0131 Ekrem \u0130mamo\u011flu hakk\u0131nda Beylikd\u00fcz\u00fc Belediye Ba\u015fkan\u0131 oldu\u011fu d\u00f6nemde \u015fartlar\u0131 kar\u015f\u0131lamayan bir firmaya ihale vermek suretiyle ihaleye fesat kar\u0131\u015ft\u0131rd\u0131\u011f\u0131 iddias\u0131yla soru\u015fturma y\u00fcr\u00fct\u00fclm\u00fc\u015ft\u00fc. B\u00fcy\u00fck\u00e7ekmece Cumhuriyet Ba\u015fsavc\u0131l\u0131\u011f\u0131 taraf\u0131ndan soru\u015fturma sonunda haz\u0131rlanan iddianamede, \u0130\u00e7i\u015fleri Bakanl\u0131\u011f\u0131 &#8216;ihbar eden&#8217; olarak, Ekrem \u0130mamo\u011flu, Cem \u00dclken, Fidan G\u00fcl, Hasan \u00c7etin, Hilal \u00c7uhadar, Mehmet Hepg\u00fcl ve T\u00fcrkan Demirel Di\u015fisa\u011flam ise &#8216;\u015f\u00fcpheli&#8217; s\u0131fat\u0131yla yer alm\u0131\u015ft\u0131. \u0130ddianamede 2015 y\u0131l\u0131nda Beylikd\u00fcz\u00fc Belediye Ba\u015fkanl\u0131\u011f\u0131 taraf\u0131ndan \u2018K\u00fclt\u00fcr Merkezlerinde Personel \u00c7al\u0131\u015ft\u0131r\u0131lmas\u0131 ve K\u00fclt\u00fcr Sanat Organizasyonlar\u0131 Hizmet Al\u0131m \u0130\u015fi&#8217; ihalesinde, san\u0131klar\u0131n fikir ve eylem birli\u011fi i\u00e7erisinde hareket ettikleri aktar\u0131lm\u0131\u015ft\u0131.<\/span><br \/>\n<span style=\"font-family: arial, helvetica, sans-serif;\">D\u00fczenlenen iddianamede, &#8220;\u015e\u00fcphelilerin ihale al\u0131c\u0131s\u0131 bir firma lehine ancak kamu zarar\u0131na neden olacak \u015fekilde, ihaleye kat\u0131lma yeterli\u011fine veya ko\u015fullar\u0131na sahip olmayan ki\u015filerin ihaleye kat\u0131lmas\u0131n\u0131 sa\u011flamak ve teklif edilen mallar\u0131, \u015fartnamesinde belirtilen niteliklere sahip olmad\u0131\u011f\u0131 halde, sahip oldu\u011fundan bahisle de\u011ferlendirmeye almak eylemlerinde bulunarak kamu kurumu stat\u00fcs\u00fcne haiz Beylikd\u00fcz\u00fc Belediye Ba\u015fkanl\u0131\u011f\u0131n\u0131n 250 bin 86 TL fazladan para \u00f6demesine ve neticede 250 bin 86 TL tutar\u0131nda kamu zarar\u0131na neden olarak \u00fczerlerine at\u0131l\u0131 &#8216;ihaleye fesat kar\u0131\u015ft\u0131rma&#8217; su\u00e7unu i\u015fledikleri anla\u015f\u0131lm\u0131\u015ft\u0131r&#8221; ifadeleri kullan\u0131lm\u0131\u015ft\u0131.<\/span><br \/>\n<span style=\"font-family: arial, helvetica, sans-serif;\">Bilirki\u015fi raporunda ise idare taraf\u0131ndan kanuna ayk\u0131r\u0131 \u015fekilde y\u00fcklenici ile ek s\u00f6zle\u015fme yap\u0131ld\u0131\u011f\u0131, y\u00fckleniciye KDV dahil 250 bin 86 TL tutar\u0131nda haks\u0131z fazla \u00f6deme yap\u0131larak kamu zarar\u0131na sebep olundu\u011fu belirtilmi\u015fti. \u00d6te yandan \u015f\u00fcpheliler taraf\u0131ndan teknik \u015fartnamede a\u00e7\u0131k\u00e7a belirtilen niteliklere sahip olmayan firma lehine ihalenin sonu\u00e7land\u0131r\u0131lmas\u0131 eyleminin su\u00e7 te\u015fkil etti\u011fi, san\u0131klar\u0131n kat\u0131l\u0131m ko\u015fulu ile teknik \u015fartnamede aranan kriterleri sa\u011flamad\u0131\u011f\u0131, sabit olan ilgili firman\u0131n bu durumunu fikir ve eylem birli\u011fi i\u00e7erisinde hareket etmek suretiyle di\u011fer ihale isteklilerinden gizleyerek ve ihale isteklilerini hataya d\u00fc\u015f\u00fcrmek suretiyle su\u00e7un maddi unsurunun ger\u00e7ekle\u015fti\u011fi aktar\u0131lm\u0131\u015ft\u0131.<\/span><br \/>\n<span style=\"font-family: arial, helvetica, sans-serif;\">\u0130ddianamede, &#8220;Soru\u015fturmaya konu yap\u0131lan ihale s\u00fcrecinde i\u015fin s\u00fcrd\u00fcrebilirli\u011fi noktas\u0131nda ihaleye kat\u0131l\u0131m ko\u015fulu ile teknik \u015fartnameye yeterlilik ko\u015fulunu ilk a\u015famada dahi sa\u011flayamayan firman\u0131n lehine ihalenin sonu\u00e7lanmas\u0131n\u0131n bir sonucu olarak, firman\u0131n idare ile yapt\u0131\u011f\u0131 19 \u015eubat 2016 tarihli s\u00f6zle\u015fmenin 14\/3. maddesine a\u00e7\u0131k\u00e7a ayk\u0131r\u0131 \u015fekilde firma lehine olacak \u015fekilde fakat kanun ve y\u00f6netmeliklere ayk\u0131r\u0131 olarak ek s\u00f6zle\u015fme yap\u0131lmas\u0131 ile do\u011fan zarar, kamu zarar\u0131 olarak kabul edilmelidir&#8221; denilmi\u015fti.<\/span><br \/>\n<span style=\"font-family: arial, helvetica, sans-serif;\">Haz\u0131rlanan iddianamede, \u0130mamo\u011flu&#8217;nun da aralar\u0131nda bulundu\u011fu 7 ki\u015finin &#8216;ihaleye fesat kar\u0131\u015ft\u0131rma&#8217; su\u00e7undan 3&#8217;er y\u0131ldan 7&#8217;\u015fer y\u0131la kadar hapis cezas\u0131na \u00e7arpt\u0131r\u0131lmas\u0131 talep edilmi\u015fti. Ayr\u0131ca 7 ki\u015fi hakk\u0131nda T\u00fcrk Ceza Kanunu&#8217;nun 53. maddesi gere\u011fince siyasi yasak uygulanmas\u0131 da istenmi\u015fti.<\/span><\/p>\n","protected":false},"excerpt":{"rendered":"<p>\u0130stanbul B\u00fcy\u00fck\u015fehir Belediye Ba\u015fkan\u0131 Ekrem \u0130mamo\u011flu hakk\u0131nda Beylikd\u00fcz\u00fc Belediye Ba\u015fkan\u0131 oldu\u011fu d\u00f6nemde ihaleye fesat kar\u0131\u015ft\u0131rd\u0131\u011f\u0131 iddias\u0131yla iddianame d\u00fczenlenmi\u015fti. \u0130mamo\u011flu ve<\/p>\n","protected":false},"author":3,"featured_media":10175,"comment_status":"open","ping_status":"open","sticky":false,"template":"","format":"standard","meta":{"colormag_page_container_layout":"default_layout","colormag_page_sidebar_layout":"default_layout","footnotes":""},"categories":[1,5,8],"tags":[],"class_list":["post-10167","post","type-post","status-publish","format-standard","has-post-thumbnail","hentry","category-genel","category-gundem","category-siyaset"],"_links":{"self":[{"href":"https:\/\/marmarayerelhizmet.com\/index.php\/wp-json\/wp\/v2\/posts\/10167","targetHints":{"allow":["GET"]}}],"collection":[{"href":"https:\/\/marmarayerelhizmet.com\/index.php\/wp-json\/wp\/v2\/posts"}],"about":[{"href":"https:\/\/marmarayerelhizmet.com\/index.php\/wp-json\/wp\/v2\/types\/post"}],"author":[{"embeddable":true,"href":"https:\/\/marmarayerelhizmet.com\/index.php\/wp-json\/wp\/v2\/users\/3"}],"replies":[{"embeddable":true,"href":"https:\/\/marmarayerelhizmet.com\/index.php\/wp-json\/wp\/v2\/comments?post=10167"}],"version-history":[{"count":0,"href":"https:\/\/marmarayerelhizmet.com\/index.php\/wp-json\/wp\/v2\/posts\/10167\/revisions"}],"wp:featuredmedia":[{"embeddable":true,"href":"https:\/\/marmarayerelhizmet.com\/index.php\/wp-json\/wp\/v2\/media\/10175"}],"wp:attachment":[{"href":"https:\/\/marmarayerelhizmet.com\/index.php\/wp-json\/wp\/v2\/media?parent=10167"}],"wp:term":[{"taxonomy":"category","embeddable":true,"href":"https:\/\/marmarayerelhizmet.com\/index.php\/wp-json\/wp\/v2\/categories?post=10167"},{"taxonomy":"post_tag","embeddable":true,"href":"https:\/\/marmarayerelhizmet.com\/index.php\/wp-json\/wp\/v2\/tags?post=10167"}],"curies":[{"name":"wp","href":"https:\/\/api.w.org\/{rel}","templated":true}]}}