{"id":10166,"date":"2023-06-15T22:32:42","date_gmt":"2023-06-15T19:32:42","guid":{"rendered":"https:\/\/marmarayerelhizmet.com\/?p=10166"},"modified":"2023-06-16T00:40:10","modified_gmt":"2023-06-15T21:40:10","slug":"atiksiz-mutfak-seferberligi-icin-toplandilar","status":"publish","type":"post","link":"https:\/\/marmarayerelhizmet.com\/index.php\/2023\/06\/15\/atiksiz-mutfak-seferberligi-icin-toplandilar\/","title":{"rendered":"At\u0131ks\u0131z Mutfak Seferberli\u011fi i\u00e7in Topland\u0131lar"},"content":{"rendered":"<p><strong><span style=\"font-family: arial, helvetica, sans-serif; font-size: 14px;\">Esenler Belediyesi taraf\u0131ndan hayata ge\u00e7irilen \u201cAt\u0131ks\u0131z Hayat-At\u0131ks\u0131z Mutfak\u201d hareketi \u00e7er\u00e7evesinde il\u00e7ede bulunan otel, lokanta, d\u00fc\u011f\u00fcn salonu ve toplu yemek \u00fcretim firmalar\u0131 temsilcileri, isti\u015fare toplant\u0131s\u0131nda bir araya geldi. Toplant\u0131da at\u0131k y\u00f6netimi t\u00fcm y\u00f6nleriyle ele al\u0131nd\u0131.<br \/>\n<\/span><\/strong><br \/>\n<span style=\"font-family: arial, helvetica, sans-serif; font-size: 14px;\">Esenler Belediyesi \u201cAt\u0131ks\u0131z Hayat-At\u0131ks\u0131z Mutfak\u201d projesi \u00e7er\u00e7evesinde sekt\u00f6r temsilcilerini bir araya getirdi. Sekt\u00f6r temsilcileri Esenler\u2019de bulunan Dr. Kadir Topba\u015f K\u00fclt\u00fcr Sanat Merkezi&#8217;nde d\u00fczenlenen isti\u015fare toplant\u0131s\u0131nda bir araya gelirken, gastronomi sekt\u00f6r\u00fcndeki israf\u0131n \u00f6nlenmesine ili\u015fkin \u00f6nemli ba\u015fl\u0131klar masaya yat\u0131r\u0131ld\u0131. Toplant\u0131n\u0131n moderat\u00f6rl\u00fc\u011f\u00fcn\u00fc \u201cAt\u0131ks\u0131z Mutfak At\u00f6lyesi\u201d proje dan\u0131\u015fman\u0131 \u015fef Esat \u00d6zata \u00fcstlendi. Di\u011fer taraftan Esenler Belediyesi \u00c7evre Koruma ve Kontrol M\u00fcd\u00fcr\u00fc Fatih Kaleli, G\u0131da Kurtarma Derne\u011fi Y\u00f6netim Kurulu Ba\u015fkan\u0131 Berat \u0130nci ve T\u00fcrk Mutfak Sanatlar\u0131 Uzman\u0131 ve T\u00dcRES Genel Ba\u015fkan\u0131 Ramazan Bing\u00f6l de toplant\u0131ya konu\u015fmac\u0131 olarak kat\u0131ld\u0131.<\/span><\/p>\n<p><strong><span style=\"font-family: arial, helvetica, sans-serif; font-size: 14px;\">\u201cKar\u015f\u0131l\u0131kl\u0131 bir beyin f\u0131rt\u0131nas\u0131 yapaca\u011f\u0131z\u201d<\/span><\/strong><br \/>\n<span style=\"font-family: arial, helvetica, sans-serif; font-size: 14px;\">Toplant\u0131 \u00f6ncesinde bas\u0131n mensuplar\u0131n\u0131n sorular\u0131n\u0131 yan\u0131tlayan Beykent \u00dcniversitesi Gastronomi ve Mutfak Sanatlar\u0131 \u00d6\u011fretim \u00dcyesi ve proje dan\u0131\u015fman\u0131 \u015fefi Esat \u00d6zata, \u201cEsenler Belediyesi olarak Ekim ay\u0131ndan beri bir\u00e7ok i\u015f yap\u0131yoruz. Her hafta at\u0131ks\u0131z mutfak at\u00f6lyeleri, bununla beraber ilkokul ve ortaokullarda \u00e7e\u015fitli animasyon g\u00f6sterileri sergiliyoruz. \u00c7\u00fcnk\u00fc biliyorsunuz her \u015fey k\u00fc\u00e7\u00fck ya\u015fta ba\u015fl\u0131yor. Biz esas \u015fimdi profesyonel anlamda sahaya \u00e7\u0131k\u0131yoruz. Bununla beraber kar\u015f\u0131l\u0131kl\u0131 bir etkile\u015fim s\u00f6z konusu olacak. Kar\u015f\u0131l\u0131kl\u0131 bir beyin f\u0131rt\u0131nas\u0131 yapaca\u011f\u0131z asl\u0131nda. Neler yapt\u0131klar\u0131m\u0131z\u0131 aktaraca\u011f\u0131z ve neler yap\u0131lmas\u0131 gerekti\u011fini beraber isti\u015fare edece\u011fiz. Bununla beraber restoranlarda yap\u0131lan bir tak\u0131m g\u0131da at\u0131klar\u0131na kar\u015f\u0131 yanl\u0131\u015flar\u0131 d\u00fczeltme ad\u0131na i\u015fbirlikleri i\u00e7erisinde bir yola \u00e7\u0131k\u0131yoruz\u201d ifadelerini kulland\u0131.<\/span><\/p>\n<p><strong><span style=\"font-family: arial, helvetica, sans-serif; font-size: 14px;\">&#8220;Zaten bizim gelene\u011fimizde bu var&#8221;<\/span><\/strong><br \/>\n<span style=\"font-family: arial, helvetica, sans-serif; font-size: 14px;\">Toplant\u0131n\u0131n ard\u0131ndan Ramazan Bing\u00f6l ise s\u0131f\u0131r at\u0131\u011f\u0131n asl\u0131nda milletimizin bir gelene\u011fi oldu\u011funu dile getirerek, \u201cBiliyorsunuz d\u00fcnyada da g\u0131daya ula\u015f\u0131m her ge\u00e7en g\u00fcn zorla\u015f\u0131yor. Zaten bizim gelene\u011fimizde bu var. S\u0131f\u0131r at\u0131k asl\u0131nda bizim gelene\u011fimiz. Efendimiz israf haramd\u0131r diye buyuruyor. Bunu Say\u0131n Emine Erdo\u011fan Han\u0131mefendi \u00e7ok \u00f6nemli ve de\u011ferli bir i\u015f yaparak g\u00fcndeme getirdi. Restoran ve lokantalarda da bununla ilgili e\u011fitimler veriyoruz. Her g\u00fcn milyonlarca ton \u00e7\u00f6p restoran ve lokantalardan \u00e7\u0131k\u0131yor. Bununla beraber siyah po\u015fetlerde do\u011fay\u0131 kirletiyor. Bunu \u00f6nlemenin asl\u0131nda \u00e7ok kolay bir yolu var. Biz bunu Say\u0131n Emine Erdo\u011fan Han\u0131mefendiye de ula\u015ft\u0131rd\u0131k. Kompost makinalar\u0131 ucuz kredi ile restoran ve lokantalara verilmesi gerekiyor. Bu kompost makinelerinde \u00e7\u00f6pe giden g\u0131da ve art\u0131klar hem hayvan mamas\u0131 olabiliyor, hem de \u00e7ok kaliteli toprak oluyor. Biz bunun yapabilirsek restoran, lokanta, otel ve benzeri yerlerde, bir kere \u00e7\u00f6plerimiz dolmayacak milyonlarca ton siyah po\u015fet \u00e7\u00f6pe gitmeyecek. Bundan daha ziyade de s\u0131f\u0131r at\u0131\u011f\u0131 ve israf\u0131 nas\u0131l \u00f6nleyece\u011fiz diye ilkokuldan ba\u015flayan, okullarda m\u00fcfredata girmesi gereken \u00e7al\u0131\u015fanlar daha ba\u015flamadan s\u00fcrekli e\u011fitim ile israf\u0131 nas\u0131l \u00f6nleriz diye \u00e7al\u0131\u015fma yapmam\u0131z laz\u0131m\u201d \u015feklinde konu\u015ftu.<\/span><br \/>\n<span style=\"font-family: arial, helvetica, sans-serif; font-size: 14px;\">Toplant\u0131 kat\u0131l\u0131mc\u0131lar\u0131n ger\u00e7ekle\u015ftirdi\u011fi sunumun ard\u0131ndan salonda bulunan di\u011fer sekt\u00f6r temsilcileri ile birlikte kar\u015f\u0131l\u0131kl\u0131 soru cevap \u015feklinde devam etti.<\/span><\/p>\n","protected":false},"excerpt":{"rendered":"<p>Esenler Belediyesi taraf\u0131ndan hayata ge\u00e7irilen \u201cAt\u0131ks\u0131z Hayat-At\u0131ks\u0131z Mutfak\u201d hareketi \u00e7er\u00e7evesinde il\u00e7ede bulunan otel, lokanta, d\u00fc\u011f\u00fcn salonu ve toplu yemek \u00fcretim<\/p>\n","protected":false},"author":3,"featured_media":10174,"comment_status":"open","ping_status":"open","sticky":false,"template":"","format":"standard","meta":{"colormag_page_container_layout":"default_layout","colormag_page_sidebar_layout":"default_layout","footnotes":""},"categories":[1,5,8],"tags":[],"class_list":["post-10166","post","type-post","status-publish","format-standard","has-post-thumbnail","hentry","category-genel","category-gundem","category-siyaset"],"_links":{"self":[{"href":"https:\/\/marmarayerelhizmet.com\/index.php\/wp-json\/wp\/v2\/posts\/10166","targetHints":{"allow":["GET"]}}],"collection":[{"href":"https:\/\/marmarayerelhizmet.com\/index.php\/wp-json\/wp\/v2\/posts"}],"about":[{"href":"https:\/\/marmarayerelhizmet.com\/index.php\/wp-json\/wp\/v2\/types\/post"}],"author":[{"embeddable":true,"href":"https:\/\/marmarayerelhizmet.com\/index.php\/wp-json\/wp\/v2\/users\/3"}],"replies":[{"embeddable":true,"href":"https:\/\/marmarayerelhizmet.com\/index.php\/wp-json\/wp\/v2\/comments?post=10166"}],"version-history":[{"count":0,"href":"https:\/\/marmarayerelhizmet.com\/index.php\/wp-json\/wp\/v2\/posts\/10166\/revisions"}],"wp:featuredmedia":[{"embeddable":true,"href":"https:\/\/marmarayerelhizmet.com\/index.php\/wp-json\/wp\/v2\/media\/10174"}],"wp:attachment":[{"href":"https:\/\/marmarayerelhizmet.com\/index.php\/wp-json\/wp\/v2\/media?parent=10166"}],"wp:term":[{"taxonomy":"category","embeddable":true,"href":"https:\/\/marmarayerelhizmet.com\/index.php\/wp-json\/wp\/v2\/categories?post=10166"},{"taxonomy":"post_tag","embeddable":true,"href":"https:\/\/marmarayerelhizmet.com\/index.php\/wp-json\/wp\/v2\/tags?post=10166"}],"curies":[{"name":"wp","href":"https:\/\/api.w.org\/{rel}","templated":true}]}}