{"id":10160,"date":"2023-06-15T12:25:19","date_gmt":"2023-06-15T09:25:19","guid":{"rendered":"https:\/\/marmarayerelhizmet.com\/?p=10160"},"modified":"2023-06-15T12:25:19","modified_gmt":"2023-06-15T09:25:19","slug":"jandarma-teskilatinin-kurulusunun-184-yili","status":"publish","type":"post","link":"https:\/\/marmarayerelhizmet.com\/index.php\/2023\/06\/15\/jandarma-teskilatinin-kurulusunun-184-yili\/","title":{"rendered":"Jandarma Te\u015fkilat\u0131n\u0131n Kurulu\u015funun 184. Y\u0131l\u0131"},"content":{"rendered":"<p><strong><span style=\"font-family: arial, helvetica, sans-serif; font-size: 14px;\">Vali Hasan \u015e\u0131ldak Jandarma Te\u015fkilat\u0131n\u0131n kurulu\u015funun 184\u2019\u00fcnc\u00fc y\u0131l\u0131 dolay\u0131s\u0131yla d\u00fczenlenen kutlama program\u0131na kat\u0131ld\u0131.<\/span><\/strong><\/p>\n<p><span style=\"font-family: arial, helvetica, sans-serif; font-size: 14px;\">Avlu Kongre Merkezinde d\u00fczenlenen program sayg\u0131 duru\u015fu ve \u0130stiklal Mar\u015f\u0131\u2019n\u0131n okunmas\u0131yla ba\u015flad\u0131. Jandarma Genel Komutanl\u0131\u011f\u0131n\u0131n 184\u2019\u00fcnc\u00fc y\u0131l tan\u0131t\u0131m videosunun g\u00f6steriminin ard\u0131ndan a\u00e7\u0131l\u0131\u015f konu\u015fmas\u0131n\u0131 yapan \u0130l Jandarma Komutan\u0131 J.Kd.Alb.Ali Y\u0131ld\u0131z jandarma te\u015fkilat\u0131n\u0131n yerle\u015fik kurum k\u00fclt\u00fcr\u00fc ve kimli\u011fine sahip personeli ile; \u00fcst\u00fcn birlik ve silah arkada\u015fl\u0131\u011f\u0131 ruhu, vatanda\u015fa insan merkezli, adaletli, sevgi ve \u015fefkatle, birle\u015ftirici ve kucaklay\u0131c\u0131 yakla\u015f\u0131m\u0131yla her zaman milletinin yan\u0131nda yer almaya devam edece\u011fini s\u00f6yledi.<\/span><\/p>\n<p><span style=\"font-family: arial, helvetica, sans-serif; font-size: 14px;\">Jandarma te\u015fkilat\u0131n\u0131n geli\u015fen yap\u0131s\u0131yla, teknolojisiyle ve donat\u0131m\u0131yla g\u00f6z kama\u015ft\u0131ran bir geli\u015fim i\u00e7erisinde, toplumla b\u00fct\u00fcnle\u015fmi\u015f en de\u011ferli kurumlar\u0131ndan biri oldu\u011funu s\u00f6yleyen Vali \u015e\u0131ldak programda yapt\u0131\u011f\u0131 konu\u015fmada, \u201c\u00dclkeleri farkl\u0131 k\u0131lan, geli\u015fme \u00e7izgisinde \u00f6ne ge\u00e7iren, muas\u0131r medeniyet yar\u0131\u015f\u0131nda onlar\u0131 bir ad\u0131m \u00f6nde tutan en b\u00fcy\u00fck fakt\u00f6r; k\u00f6kl\u00fc, derin izlere sahip, ge\u00e7mi\u015finden gelen gelene\u011fiyle ayakta duran ve geli\u015fimini s\u00fcrd\u00fcren kurumlar\u0131n\u0131n var olmas\u0131d\u0131r. Bu kurumlar\u0131n en ba\u015fta gelenlerinden biri jandarma te\u015fkilat\u0131d\u0131r. Jandarma te\u015fkilat\u0131 personeline de son d\u00f6nemde e\u011fitim ve donan\u0131m kazand\u0131rma konusunda b\u00fcy\u00fck a\u015fama g\u00f6stermi\u015ftir.\u201d \u015feklinde konu\u015ftu.<\/span><\/p>\n<p><span style=\"font-family: arial, helvetica, sans-serif; font-size: 14px;\">Jandarman\u0131n kanun ordusu ve kurallar b\u00fct\u00fcn\u00fc demek oldu\u011funa vurgu yapan \u015e\u0131ldak, \u201c\u00dclkenin b\u00f6l\u00fcnmez b\u00fct\u00fcnl\u00fc\u011f\u00fcne, milli birlik ve beraberli\u011fine hizmet eden en \u00f6nde gelen kurumlar\u0131ndan olan jandarma; ter\u00f6rle m\u00fccadelede, su\u00e7 ve su\u00e7lar\u0131n ele ge\u00e7irilmesi, su\u00e7lar\u0131n \u00f6nlenmesi, gerek m\u00fclki g\u00f6revlerin gerekse adli g\u00f6revlerin ba\u015far\u0131yla s\u00fcrd\u00fcr\u00fclmesi noktas\u0131nda \u0130limizde de g\u00f6revini en ba\u015far\u0131l\u0131 \u015fekilde ifa etmektedir. G\u00fcnden g\u00fcne geli\u015fen bu te\u015fkilat\u0131n vatanda\u015flar\u0131m\u0131za g\u00fcven a\u015f\u0131lad\u0131\u011f\u0131n\u0131, sevgisini kazand\u0131klar\u0131n\u0131 ifade etmek istiyorum. Devletimizin g\u00fcc\u00fcn\u00fc yans\u0131tma noktas\u0131nda milletimizle b\u00fct\u00fcnle\u015ferek g\u00f6rev bilinci ve \u015fuurunu sahaya en do\u011fru \u015fekilde yans\u0131tmda, en ba\u015far\u0131l\u0131 kurumlar\u0131m\u0131zdan biridir. \u0130\u00e7i\u015fleri Bakanl\u0131\u011f\u0131m\u0131z\u0131n uygulamakta oldu\u011fu anket \u00e7al\u0131\u015fmalar\u0131yla kamuoyundaki bilinirli\u011fi ve hizmetlerinden memnuniyet a\u00e7\u0131s\u0131ndan da her zaman jandarma en y\u00fcksek puanlar\u0131, en y\u00fcksek g\u00f6r\u00fc\u015fleri almaktad\u0131r. Bu da ayr\u0131 bir iftihar sebebidir. Bu vesileyle ba\u015fta Gazi Mustafa Kemal Atat\u00fcrk olmak \u00fczere jandarma te\u015fkilat\u0131m\u0131z\u0131n b\u00fcnyesinde g\u00f6rev yaparken \u015fehadet mertebesine ula\u015fan b\u00fct\u00fcn aziz \u015fehitlerimizi rahmetle an\u0131yorum. Ter\u00f6rle m\u00fccadelede, asayi\u015f olay\u0131nda ya da bir kazada gazilik mertebesine ula\u015fan b\u00fct\u00fcn gazilerimize de uzun ve sa\u011fl\u0131kl\u0131 hayatlar diliyor ebediyete irtihal edenleri de rahmetle an\u0131yorum. Jandarma te\u015fkilat\u0131m\u0131z b\u00fcnyesinde g\u00f6rev y\u00fcr\u00fcten b\u00fct\u00fcn de\u011ferli personelimizin bu anlaml\u0131 g\u00fcnlerini tebrik ediyorum.\u201d ifadelerini kulland\u0131.<\/span><\/p>\n<p><span style=\"font-family: arial, helvetica, sans-serif; font-size: 14px;\">Konu\u015fmalar\u0131n ard\u0131ndan kompozisyon, \u015fiir ve resim yar\u0131\u015fmalar\u0131nda dereceye giren \u00f6\u011frencilere \u00f6d\u00fclleri verildi. Ali Hikmet Pa\u015fa \u0130lkokulu \u00f6\u011frencilerinin folklor g\u00f6sterisi ve Kadriye Kemal G\u00fcrel \u0130lkokulu \u00f6\u011frencilerinin jandarma konulu ske\u00e7 g\u00f6sterisi ise ilgiyle izlendi. Bal\u0131kesir \u0130l Jandarma Komutanl\u0131\u011f\u0131n\u0131n faaliyetlerinin yer ald\u0131\u011f\u0131 video g\u00f6steriminin yap\u0131ld\u0131\u011f\u0131 programda jandarma te\u015fkilat\u0131n\u0131 konu alan kompozisyon ve \u015fiir jandarma personellerinin \u00e7ocuklar\u0131 taraf\u0131ndan okundu. \u0130l Jandarma Komutanl\u0131\u011f\u0131 personellerinin seslendirdi\u011fi Atat\u00fcrk\u2019\u00fcn sevdi\u011fi t\u00fcrk\u00fcler yo\u011fun alk\u0131\u015f ald\u0131. Vali \u015e\u0131ldak program kapsam\u0131nda son olarak jandarma te\u015fkilat\u0131n\u0131n y\u00fcr\u00fctt\u00fc\u011f\u00fc faaliyetlerin yer ald\u0131\u011f\u0131 foto\u011fraf sergisini ve stantlar\u0131 gezdi.<\/span><\/p>\n","protected":false},"excerpt":{"rendered":"<p>Vali Hasan \u015e\u0131ldak Jandarma Te\u015fkilat\u0131n\u0131n kurulu\u015funun 184\u2019\u00fcnc\u00fc y\u0131l\u0131 dolay\u0131s\u0131yla d\u00fczenlenen kutlama program\u0131na kat\u0131ld\u0131. Avlu Kongre Merkezinde d\u00fczenlenen program sayg\u0131 duru\u015fu<\/p>\n","protected":false},"author":3,"featured_media":10162,"comment_status":"open","ping_status":"open","sticky":false,"template":"","format":"standard","meta":{"colormag_page_container_layout":"default_layout","colormag_page_sidebar_layout":"default_layout","footnotes":""},"categories":[1,5],"tags":[],"class_list":["post-10160","post","type-post","status-publish","format-standard","has-post-thumbnail","hentry","category-genel","category-gundem"],"_links":{"self":[{"href":"https:\/\/marmarayerelhizmet.com\/index.php\/wp-json\/wp\/v2\/posts\/10160","targetHints":{"allow":["GET"]}}],"collection":[{"href":"https:\/\/marmarayerelhizmet.com\/index.php\/wp-json\/wp\/v2\/posts"}],"about":[{"href":"https:\/\/marmarayerelhizmet.com\/index.php\/wp-json\/wp\/v2\/types\/post"}],"author":[{"embeddable":true,"href":"https:\/\/marmarayerelhizmet.com\/index.php\/wp-json\/wp\/v2\/users\/3"}],"replies":[{"embeddable":true,"href":"https:\/\/marmarayerelhizmet.com\/index.php\/wp-json\/wp\/v2\/comments?post=10160"}],"version-history":[{"count":0,"href":"https:\/\/marmarayerelhizmet.com\/index.php\/wp-json\/wp\/v2\/posts\/10160\/revisions"}],"wp:featuredmedia":[{"embeddable":true,"href":"https:\/\/marmarayerelhizmet.com\/index.php\/wp-json\/wp\/v2\/media\/10162"}],"wp:attachment":[{"href":"https:\/\/marmarayerelhizmet.com\/index.php\/wp-json\/wp\/v2\/media?parent=10160"}],"wp:term":[{"taxonomy":"category","embeddable":true,"href":"https:\/\/marmarayerelhizmet.com\/index.php\/wp-json\/wp\/v2\/categories?post=10160"},{"taxonomy":"post_tag","embeddable":true,"href":"https:\/\/marmarayerelhizmet.com\/index.php\/wp-json\/wp\/v2\/tags?post=10160"}],"curies":[{"name":"wp","href":"https:\/\/api.w.org\/{rel}","templated":true}]}}