{"id":10027,"date":"2023-06-09T13:42:25","date_gmt":"2023-06-09T10:42:25","guid":{"rendered":"https:\/\/marmarayerelhizmet.com\/?p=10027"},"modified":"2023-06-10T13:48:57","modified_gmt":"2023-06-10T10:48:57","slug":"8-miras-sergisi-sanatseverlerle-bulustu","status":"publish","type":"post","link":"https:\/\/marmarayerelhizmet.com\/index.php\/2023\/06\/09\/8-miras-sergisi-sanatseverlerle-bulustu\/","title":{"rendered":"8. Miras Sergisi Sanatseverlerle Bulu\u015ftu"},"content":{"rendered":"<p><strong><span style=\"font-family: arial, helvetica, sans-serif; font-size: 14px;\">Ey\u00fcpsultan Belediyesi taraf\u0131ndan her sene d\u00fczenlenen ve geleneksel hale gelen Miras Sergisi, sanatseverlerle bulu\u015ftu.<br \/>\n<\/span><\/strong><br \/>\n<span style=\"font-family: arial, helvetica, sans-serif; font-size: 14px;\">Geleneksel T\u00fcrk El Sanatlar\u0131\u2019n\u0131n birbirinden se\u00e7kin eserlerinin yer ald\u0131\u011f\u0131 serginin a\u00e7\u0131l\u0131\u015f\u0131n\u0131 Ey\u00fcpsultan Belediye Ba\u015fkan\u0131 Deniz K\u00f6ken yapt\u0131. Kurdele kesiminin ard\u0131ndan sergiyi gezen Ba\u015fkan K\u00f6ken, eser sahibi kursiyerlerden bilgi ald\u0131.<\/span><br \/>\n<span style=\"font-family: arial, helvetica, sans-serif; font-size: 14px;\">Sergide 2022 &#8211; 2023 y\u0131llar\u0131 aras\u0131nda Ey\u00fcpsultan Belediyesi K\u00fclt\u00fcr ve Sanat Kurslar\u0131na kat\u0131lan \u00f6\u011frenciler ve hocalar\u0131n yapt\u0131klar\u0131 hat, minyat\u00fcr, tezhip, ebru, \u00e7ini, kaligrafi ve resim tarz\u0131ndaki birbirinden g\u00fczel eserler yer al\u0131yor.<\/span><\/p>\n<p><strong><span style=\"font-family: arial, helvetica, sans-serif; font-size: 14px;\">\u201cEy\u00fcpsultan\u2019\u0131 a\u00e7\u0131k hava m\u00fczesi haline getiriyoruz\u201d<\/span><\/strong><br \/>\n<span style=\"font-family: arial, helvetica, sans-serif; font-size: 14px;\">Ey\u00fcpsultan Belediyesi Ba\u015fkanl\u0131k Binas\u0131 fuaye alan\u0131nda d\u00fczenlenen serginin a\u00e7\u0131l\u0131\u015f\u0131nda konu\u015fan Ba\u015fkan Deniz K\u00f6ken, \u201cG\u00f6reve geldi\u011fimizde, bu \u015fehri k\u00fclt\u00fcr sanat \u015fehri yapabiliriz, sanayi \u015fehri olmaz dedik. K\u00f6ylerinde tar\u0131m\u0131 ve hayvanc\u0131l\u0131\u011f\u0131, Ey\u00fcpsultan Merkez\u2019de de sanat\u0131 \u00f6n plana \u00e7\u0131karmak laz\u0131md\u0131. Onunla ilgili de zaten elimizde doneler haz\u0131rd\u0131. Ey\u00fcpsultan hamam\u0131n\u0131, Ey\u00fcpsultan T\u00fcrbe Hamam\u0131 M\u00fczesi olarak hizmete soktuk. Caferpa\u015fa\u2019y\u0131 Kent Belle\u011fi Merkezi haline getirdik. \u015eimdi hamdolsun tur \u015firketleri Sultanahmet, Ayasofya ve Ey\u00fcpsultan T\u00fcrbe Hamam\u0131 M\u00fczesini kataloglar\u0131na koymu\u015flar. Art\u0131k k\u00fclt\u00fcr ve sanat turlar\u0131n\u0131n i\u00e7indeyiz. Ge\u00e7mi\u015fte turlarda Ey\u00fcpsultan yoktu. \u0130stanbul&#8217;un tarihiyle e\u015f ama Ey\u00fcpsultan\u2019\u0131n ad\u0131 gezi rehberlerinde yer alm\u0131yordu. \u015eimdi art\u0131k yava\u015f yava\u015f her konuda olacak. A\u00e7\u0131khava m\u00fczesi olan bu \u015fehirde g\u00fczel \u015feyleri birlikte hayata ge\u00e7irece\u011fiz. Miras Sergisi\u2019nin bu sene 8.\u2019sini yap\u0131yoruz; 104 eser var. B\u00fct\u00fcn kursiyerlerimizin ellerine, hocalar\u0131m\u0131z\u0131n emeklerine sa\u011fl\u0131k\u201d dedi.<\/span><br \/>\n<span style=\"font-family: arial, helvetica, sans-serif; font-size: 14px;\">Toplamda 7 bran\u015fta 104 eserin yer ald\u0131\u011f\u0131 Miras Sergisi bir ay boyunca sanatseverler taraf\u0131ndan gezilebilecek.<\/span><\/p>\n","protected":false},"excerpt":{"rendered":"<p>Ey\u00fcpsultan Belediyesi taraf\u0131ndan her sene d\u00fczenlenen ve geleneksel hale gelen Miras Sergisi, sanatseverlerle bulu\u015ftu. Geleneksel T\u00fcrk El Sanatlar\u0131\u2019n\u0131n birbirinden se\u00e7kin<\/p>\n","protected":false},"author":3,"featured_media":10034,"comment_status":"open","ping_status":"open","sticky":false,"template":"","format":"standard","meta":{"colormag_page_container_layout":"default_layout","colormag_page_sidebar_layout":"default_layout","footnotes":""},"categories":[1,5,8],"tags":[],"class_list":["post-10027","post","type-post","status-publish","format-standard","has-post-thumbnail","hentry","category-genel","category-gundem","category-siyaset"],"_links":{"self":[{"href":"https:\/\/marmarayerelhizmet.com\/index.php\/wp-json\/wp\/v2\/posts\/10027","targetHints":{"allow":["GET"]}}],"collection":[{"href":"https:\/\/marmarayerelhizmet.com\/index.php\/wp-json\/wp\/v2\/posts"}],"about":[{"href":"https:\/\/marmarayerelhizmet.com\/index.php\/wp-json\/wp\/v2\/types\/post"}],"author":[{"embeddable":true,"href":"https:\/\/marmarayerelhizmet.com\/index.php\/wp-json\/wp\/v2\/users\/3"}],"replies":[{"embeddable":true,"href":"https:\/\/marmarayerelhizmet.com\/index.php\/wp-json\/wp\/v2\/comments?post=10027"}],"version-history":[{"count":0,"href":"https:\/\/marmarayerelhizmet.com\/index.php\/wp-json\/wp\/v2\/posts\/10027\/revisions"}],"wp:featuredmedia":[{"embeddable":true,"href":"https:\/\/marmarayerelhizmet.com\/index.php\/wp-json\/wp\/v2\/media\/10034"}],"wp:attachment":[{"href":"https:\/\/marmarayerelhizmet.com\/index.php\/wp-json\/wp\/v2\/media?parent=10027"}],"wp:term":[{"taxonomy":"category","embeddable":true,"href":"https:\/\/marmarayerelhizmet.com\/index.php\/wp-json\/wp\/v2\/categories?post=10027"},{"taxonomy":"post_tag","embeddable":true,"href":"https:\/\/marmarayerelhizmet.com\/index.php\/wp-json\/wp\/v2\/tags?post=10027"}],"curies":[{"name":"wp","href":"https:\/\/api.w.org\/{rel}","templated":true}]}}